{"id":8707,"date":"2025-06-17T13:15:53","date_gmt":"2025-06-17T13:15:53","guid":{"rendered":"https:\/\/metrecubic.com\/caso-de-exito\/ravensburg-girona\/"},"modified":"2025-06-18T08:43:16","modified_gmt":"2025-06-18T08:43:16","slug":"ravensburg-girona","status":"publish","type":"success-stories","link":"https:\/\/metrecubic.com\/fr\/cas-de-r\u00e9ussite\/ravensburg-girona\/","title":{"rendered":"Ravensburg-Girona"},"content":{"rendered":"\n<p>Nous avons effectu\u00e9 le transfert complet d\u2019une maison de Ravensburg, dans le sud de l\u2019Allemagne, \u00e0 G\u00e9rone, dans le cadre d\u2019une op\u00e9ration qui a combin\u00e9 efficacit\u00e9 logistique et s\u00e9curit\u00e9 maximale.<\/p>\n\n<p>Le service comprenait le d\u00e9montage des meubles, l\u2019emballage renforc\u00e9 pour le voyage international et la gestion des douanes.<\/p>\n\n<p>Une fois \u00e0 G\u00e9rone, nous nous occupons du d\u00e9chargement et du placement des biens \u00e0 destination, offrant ainsi une exp\u00e9rience fluide au client. Ce cas d\u00e9montre notre solvabilit\u00e9 \u00e0 nous d\u00e9placer entre les pays de l\u2019UE sur de longues distances. <\/p>\n","protected":false},"excerpt":{"rendered":"<p>Nous avons effectu\u00e9 le transfert complet d\u2019une maison de Ravensburg, dans le sud de l\u2019Allemagne, \u00e0 G\u00e9rone, dans le cadre d\u2019une op\u00e9ration qui a combin\u00e9 efficacit\u00e9 logistique et s\u00e9curit\u00e9 maximale. &hellip;<\/p>\n","protected":false},"featured_media":8365,"template":"","meta":{"_acf_changed":false,"footnotes":""},"sector_cat":[261],"class_list":["post-8707","success-stories","type-success-stories","status-publish","has-post-thumbnail","hentry","sector_cat-demenagements-internationaux"],"acf":[],"yoast_head":"<!-- This site is optimized with the Yoast SEO plugin v27.4 - https:\/\/yoast.com\/product\/yoast-seo-wordpress\/ -->\n<title>Ravensburg-Girona - METRECUBIC<\/title>\n<meta name=\"robots\" content=\"index, follow, max-snippet:-1, max-image-preview:large, max-video-preview:-1\" \/>\n<link rel=\"canonical\" href=\"https:\/\/metrecubic.com\/fr\/cas-de-r\u00e9ussite\/ravensburg-girona\/\" \/>\n<meta property=\"og:locale\" content=\"fr_FR\" \/>\n<meta property=\"og:type\" content=\"article\" \/>\n<meta property=\"og:title\" content=\"Ravensburg-Girona - METRECUBIC\" \/>\n<meta property=\"og:description\" content=\"Nous avons effectu\u00e9 le transfert complet d\u2019une maison de Ravensburg, dans le sud de l\u2019Allemagne, \u00e0 G\u00e9rone, dans le cadre d\u2019une op\u00e9ration qui a combin\u00e9 efficacit\u00e9 logistique et s\u00e9curit\u00e9 maximale. &hellip;\" \/>\n<meta property=\"og:url\" content=\"https:\/\/metrecubic.com\/fr\/cas-de-r\u00e9ussite\/ravensburg-girona\/\" \/>\n<meta property=\"og:site_name\" content=\"METRECUBIC\" \/>\n<meta property=\"article:modified_time\" content=\"2025-06-18T08:43:16+00:00\" \/>\n<meta property=\"og:image\" content=\"https:\/\/metrecubic.com\/wp-content\/uploads\/277420671_727563994914824_6544402024115596602_n-1.jpg\" \/>\n\t<meta property=\"og:image:width\" content=\"1080\" \/>\n\t<meta property=\"og:image:height\" content=\"1080\" \/>\n\t<meta property=\"og:image:type\" content=\"image\/jpeg\" \/>\n<meta name=\"twitter:card\" content=\"summary_large_image\" \/>\n<script type=\"application\/ld+json\" class=\"yoast-schema-graph\">{\"@context\":\"https:\\\/\\\/schema.org\",\"@graph\":[{\"@type\":\"WebPage\",\"@id\":\"https:\\\/\\\/metrecubic.com\\\/fr\\\/cas-de-r\u00e9ussite\\\/ravensburg-girona\\\/\",\"url\":\"https:\\\/\\\/metrecubic.com\\\/fr\\\/cas-de-r\u00e9ussite\\\/ravensburg-girona\\\/\",\"name\":\"Ravensburg-Girona - METRECUBIC\",\"isPartOf\":{\"@id\":\"https:\\\/\\\/metrecubic.com\\\/fr\\\/#website\"},\"primaryImageOfPage\":{\"@id\":\"https:\\\/\\\/metrecubic.com\\\/fr\\\/cas-de-r\u00e9ussite\\\/ravensburg-girona\\\/#primaryimage\"},\"image\":{\"@id\":\"https:\\\/\\\/metrecubic.com\\\/fr\\\/cas-de-r\u00e9ussite\\\/ravensburg-girona\\\/#primaryimage\"},\"thumbnailUrl\":\"https:\\\/\\\/metrecubic.com\\\/wp-content\\\/uploads\\\/277420671_727563994914824_6544402024115596602_n-1.jpg\",\"datePublished\":\"2025-06-17T13:15:53+00:00\",\"dateModified\":\"2025-06-18T08:43:16+00:00\",\"breadcrumb\":{\"@id\":\"https:\\\/\\\/metrecubic.com\\\/fr\\\/cas-de-r\u00e9ussite\\\/ravensburg-girona\\\/#breadcrumb\"},\"inLanguage\":\"fr-FR\",\"potentialAction\":[{\"@type\":\"ReadAction\",\"target\":[\"https:\\\/\\\/metrecubic.com\\\/fr\\\/cas-de-r\u00e9ussite\\\/ravensburg-girona\\\/\"]}]},{\"@type\":\"ImageObject\",\"inLanguage\":\"fr-FR\",\"@id\":\"https:\\\/\\\/metrecubic.com\\\/fr\\\/cas-de-r\u00e9ussite\\\/ravensburg-girona\\\/#primaryimage\",\"url\":\"https:\\\/\\\/metrecubic.com\\\/wp-content\\\/uploads\\\/277420671_727563994914824_6544402024115596602_n-1.jpg\",\"contentUrl\":\"https:\\\/\\\/metrecubic.com\\\/wp-content\\\/uploads\\\/277420671_727563994914824_6544402024115596602_n-1.jpg\",\"width\":1080,\"height\":1080},{\"@type\":\"BreadcrumbList\",\"@id\":\"https:\\\/\\\/metrecubic.com\\\/fr\\\/cas-de-r\u00e9ussite\\\/ravensburg-girona\\\/#breadcrumb\",\"itemListElement\":[{\"@type\":\"ListItem\",\"position\":1,\"name\":\"Portada\",\"item\":\"https:\\\/\\\/metrecubic.com\\\/fr\\\/\"},{\"@type\":\"ListItem\",\"position\":2,\"name\":\"Histoires de r\u00e9ussite\",\"item\":\"https:\\\/\\\/metrecubic.com\\\/fr\\\/cas-de-r\u00e9ussite\\\/\"},{\"@type\":\"ListItem\",\"position\":3,\"name\":\"Ravensburg-Girona\"}]},{\"@type\":\"WebSite\",\"@id\":\"https:\\\/\\\/metrecubic.com\\\/fr\\\/#website\",\"url\":\"https:\\\/\\\/metrecubic.com\\\/fr\\\/\",\"name\":\"METRECUBIC\",\"description\":\"Mudanzas y trasteros Sabadell y Girona\",\"publisher\":{\"@id\":\"https:\\\/\\\/metrecubic.com\\\/fr\\\/#organization\"},\"potentialAction\":[{\"@type\":\"SearchAction\",\"target\":{\"@type\":\"EntryPoint\",\"urlTemplate\":\"https:\\\/\\\/metrecubic.com\\\/fr\\\/?s={search_term_string}\"},\"query-input\":{\"@type\":\"PropertyValueSpecification\",\"valueRequired\":true,\"valueName\":\"search_term_string\"}}],\"inLanguage\":\"fr-FR\"},{\"@type\":\"Organization\",\"@id\":\"https:\\\/\\\/metrecubic.com\\\/fr\\\/#organization\",\"name\":\"METRECUBIC\",\"url\":\"https:\\\/\\\/metrecubic.com\\\/fr\\\/\",\"logo\":{\"@type\":\"ImageObject\",\"inLanguage\":\"fr-FR\",\"@id\":\"https:\\\/\\\/metrecubic.com\\\/fr\\\/#\\\/schema\\\/logo\\\/image\\\/\",\"url\":\"https:\\\/\\\/metrecubic.com\\\/wp-content\\\/uploads\\\/logo-metrecubic.png\",\"contentUrl\":\"https:\\\/\\\/metrecubic.com\\\/wp-content\\\/uploads\\\/logo-metrecubic.png\",\"width\":159,\"height\":159,\"caption\":\"METRECUBIC\"},\"image\":{\"@id\":\"https:\\\/\\\/metrecubic.com\\\/fr\\\/#\\\/schema\\\/logo\\\/image\\\/\"}}]}<\/script>\n<!-- \/ Yoast SEO plugin. -->","yoast_head_json":{"title":"Ravensburg-Girona - METRECUBIC","robots":{"index":"index","follow":"follow","max-snippet":"max-snippet:-1","max-image-preview":"max-image-preview:large","max-video-preview":"max-video-preview:-1"},"canonical":"https:\/\/metrecubic.com\/fr\/cas-de-r\u00e9ussite\/ravensburg-girona\/","og_locale":"fr_FR","og_type":"article","og_title":"Ravensburg-Girona - METRECUBIC","og_description":"Nous avons effectu\u00e9 le transfert complet d\u2019une maison de Ravensburg, dans le sud de l\u2019Allemagne, \u00e0 G\u00e9rone, dans le cadre d\u2019une op\u00e9ration qui a combin\u00e9 efficacit\u00e9 logistique et s\u00e9curit\u00e9 maximale. &hellip;","og_url":"https:\/\/metrecubic.com\/fr\/cas-de-r\u00e9ussite\/ravensburg-girona\/","og_site_name":"METRECUBIC","article_modified_time":"2025-06-18T08:43:16+00:00","og_image":[{"width":1080,"height":1080,"url":"https:\/\/metrecubic.com\/wp-content\/uploads\/277420671_727563994914824_6544402024115596602_n-1.jpg","type":"image\/jpeg"}],"twitter_card":"summary_large_image","schema":{"@context":"https:\/\/schema.org","@graph":[{"@type":"WebPage","@id":"https:\/\/metrecubic.com\/fr\/cas-de-r\u00e9ussite\/ravensburg-girona\/","url":"https:\/\/metrecubic.com\/fr\/cas-de-r\u00e9ussite\/ravensburg-girona\/","name":"Ravensburg-Girona - METRECUBIC","isPartOf":{"@id":"https:\/\/metrecubic.com\/fr\/#website"},"primaryImageOfPage":{"@id":"https:\/\/metrecubic.com\/fr\/cas-de-r\u00e9ussite\/ravensburg-girona\/#primaryimage"},"image":{"@id":"https:\/\/metrecubic.com\/fr\/cas-de-r\u00e9ussite\/ravensburg-girona\/#primaryimage"},"thumbnailUrl":"https:\/\/metrecubic.com\/wp-content\/uploads\/277420671_727563994914824_6544402024115596602_n-1.jpg","datePublished":"2025-06-17T13:15:53+00:00","dateModified":"2025-06-18T08:43:16+00:00","breadcrumb":{"@id":"https:\/\/metrecubic.com\/fr\/cas-de-r\u00e9ussite\/ravensburg-girona\/#breadcrumb"},"inLanguage":"fr-FR","potentialAction":[{"@type":"ReadAction","target":["https:\/\/metrecubic.com\/fr\/cas-de-r\u00e9ussite\/ravensburg-girona\/"]}]},{"@type":"ImageObject","inLanguage":"fr-FR","@id":"https:\/\/metrecubic.com\/fr\/cas-de-r\u00e9ussite\/ravensburg-girona\/#primaryimage","url":"https:\/\/metrecubic.com\/wp-content\/uploads\/277420671_727563994914824_6544402024115596602_n-1.jpg","contentUrl":"https:\/\/metrecubic.com\/wp-content\/uploads\/277420671_727563994914824_6544402024115596602_n-1.jpg","width":1080,"height":1080},{"@type":"BreadcrumbList","@id":"https:\/\/metrecubic.com\/fr\/cas-de-r\u00e9ussite\/ravensburg-girona\/#breadcrumb","itemListElement":[{"@type":"ListItem","position":1,"name":"Portada","item":"https:\/\/metrecubic.com\/fr\/"},{"@type":"ListItem","position":2,"name":"Histoires de r\u00e9ussite","item":"https:\/\/metrecubic.com\/fr\/cas-de-r\u00e9ussite\/"},{"@type":"ListItem","position":3,"name":"Ravensburg-Girona"}]},{"@type":"WebSite","@id":"https:\/\/metrecubic.com\/fr\/#website","url":"https:\/\/metrecubic.com\/fr\/","name":"METRECUBIC","description":"Mudanzas y trasteros Sabadell y Girona","publisher":{"@id":"https:\/\/metrecubic.com\/fr\/#organization"},"potentialAction":[{"@type":"SearchAction","target":{"@type":"EntryPoint","urlTemplate":"https:\/\/metrecubic.com\/fr\/?s={search_term_string}"},"query-input":{"@type":"PropertyValueSpecification","valueRequired":true,"valueName":"search_term_string"}}],"inLanguage":"fr-FR"},{"@type":"Organization","@id":"https:\/\/metrecubic.com\/fr\/#organization","name":"METRECUBIC","url":"https:\/\/metrecubic.com\/fr\/","logo":{"@type":"ImageObject","inLanguage":"fr-FR","@id":"https:\/\/metrecubic.com\/fr\/#\/schema\/logo\/image\/","url":"https:\/\/metrecubic.com\/wp-content\/uploads\/logo-metrecubic.png","contentUrl":"https:\/\/metrecubic.com\/wp-content\/uploads\/logo-metrecubic.png","width":159,"height":159,"caption":"METRECUBIC"},"image":{"@id":"https:\/\/metrecubic.com\/fr\/#\/schema\/logo\/image\/"}}]}},"_links":{"self":[{"href":"https:\/\/metrecubic.com\/fr\/wp-json\/wp\/v2\/success-stories\/8707","targetHints":{"allow":["GET"]}}],"collection":[{"href":"https:\/\/metrecubic.com\/fr\/wp-json\/wp\/v2\/success-stories"}],"about":[{"href":"https:\/\/metrecubic.com\/fr\/wp-json\/wp\/v2\/types\/success-stories"}],"version-history":[{"count":1,"href":"https:\/\/metrecubic.com\/fr\/wp-json\/wp\/v2\/success-stories\/8707\/revisions"}],"predecessor-version":[{"id":8709,"href":"https:\/\/metrecubic.com\/fr\/wp-json\/wp\/v2\/success-stories\/8707\/revisions\/8709"}],"wp:featuredmedia":[{"embeddable":true,"href":"https:\/\/metrecubic.com\/fr\/wp-json\/wp\/v2\/media\/8365"}],"wp:attachment":[{"href":"https:\/\/metrecubic.com\/fr\/wp-json\/wp\/v2\/media?parent=8707"}],"wp:term":[{"taxonomy":"sector_cat","embeddable":true,"href":"https:\/\/metrecubic.com\/fr\/wp-json\/wp\/v2\/sector_cat?post=8707"}],"curies":[{"name":"wp","href":"https:\/\/api.w.org\/{rel}","templated":true}]}}