{"id":8706,"date":"2025-06-17T13:21:00","date_gmt":"2025-06-17T13:21:00","guid":{"rendered":"https:\/\/metrecubic.com\/caso-de-exito\/roses-assen\/"},"modified":"2025-06-18T08:43:16","modified_gmt":"2025-06-18T08:43:16","slug":"roses-assen","status":"publish","type":"success-stories","link":"https:\/\/metrecubic.com\/fr\/cas-de-r\u00e9ussite\/roses-assen\/","title":{"rendered":"Roses-Assen"},"content":{"rendered":"\n<p>Nous g\u00e9rons un d\u00e9m\u00e9nagement longue distance de Roses (G\u00e9rone) \u00e0 Assen, dans le nord des Pays-Bas, en respectant les exigences logistiques et douani\u00e8res du voyage.<\/p>\n\n<p>Notre \u00e9quipe a soigneusement emball\u00e9 les meubles et les effets personnels, y compris les objets fragiles et sentimentaux.<\/p>\n\n<p>Gr\u00e2ce \u00e0 l\u2019exp\u00e9rience de notre \u00e9quipe et \u00e0 un parcours optimis\u00e9, le transfert s\u2019est d\u00e9roul\u00e9 en parfait \u00e9tat et sans retard. Un exemple de plus de la fa\u00e7on dont nous g\u00e9rons avec succ\u00e8s les d\u00e9m\u00e9nagements partout en Europe. <\/p>\n","protected":false},"excerpt":{"rendered":"<p>Nous g\u00e9rons un d\u00e9m\u00e9nagement longue distance de Roses (G\u00e9rone) \u00e0 Assen, dans le nord des Pays-Bas, en respectant les exigences logistiques et douani\u00e8res du voyage. Notre \u00e9quipe a soigneusement emball\u00e9 &hellip;<\/p>\n","protected":false},"featured_media":8417,"template":"","meta":{"_acf_changed":false,"footnotes":""},"sector_cat":[261],"class_list":["post-8706","success-stories","type-success-stories","status-publish","has-post-thumbnail","hentry","sector_cat-demenagements-internationaux"],"acf":[],"yoast_head":"<!-- This site is optimized with the Yoast SEO plugin v27.4 - https:\/\/yoast.com\/product\/yoast-seo-wordpress\/ -->\n<title>Roses-Assen - METRECUBIC<\/title>\n<meta name=\"robots\" content=\"index, follow, max-snippet:-1, max-image-preview:large, max-video-preview:-1\" \/>\n<link rel=\"canonical\" href=\"https:\/\/metrecubic.com\/fr\/cas-de-r\u00e9ussite\/roses-assen\/\" \/>\n<meta property=\"og:locale\" content=\"fr_FR\" \/>\n<meta property=\"og:type\" content=\"article\" \/>\n<meta property=\"og:title\" content=\"Roses-Assen - METRECUBIC\" \/>\n<meta property=\"og:description\" content=\"Nous g\u00e9rons un d\u00e9m\u00e9nagement longue distance de Roses (G\u00e9rone) \u00e0 Assen, dans le nord des Pays-Bas, en respectant les exigences logistiques et douani\u00e8res du voyage. Notre \u00e9quipe a soigneusement emball\u00e9 &hellip;\" \/>\n<meta property=\"og:url\" content=\"https:\/\/metrecubic.com\/fr\/cas-de-r\u00e9ussite\/roses-assen\/\" \/>\n<meta property=\"og:site_name\" content=\"METRECUBIC\" \/>\n<meta property=\"article:modified_time\" content=\"2025-06-18T08:43:16+00:00\" \/>\n<meta property=\"og:image\" content=\"https:\/\/metrecubic.com\/wp-content\/uploads\/298787828_3249236498665781_7450537495750471063_n-1.jpg\" \/>\n\t<meta property=\"og:image:width\" content=\"1080\" \/>\n\t<meta property=\"og:image:height\" content=\"1080\" \/>\n\t<meta property=\"og:image:type\" content=\"image\/jpeg\" \/>\n<meta name=\"twitter:card\" content=\"summary_large_image\" \/>\n<script type=\"application\/ld+json\" class=\"yoast-schema-graph\">{\"@context\":\"https:\\\/\\\/schema.org\",\"@graph\":[{\"@type\":\"WebPage\",\"@id\":\"https:\\\/\\\/metrecubic.com\\\/fr\\\/cas-de-r\u00e9ussite\\\/roses-assen\\\/\",\"url\":\"https:\\\/\\\/metrecubic.com\\\/fr\\\/cas-de-r\u00e9ussite\\\/roses-assen\\\/\",\"name\":\"Roses-Assen - METRECUBIC\",\"isPartOf\":{\"@id\":\"https:\\\/\\\/metrecubic.com\\\/fr\\\/#website\"},\"primaryImageOfPage\":{\"@id\":\"https:\\\/\\\/metrecubic.com\\\/fr\\\/cas-de-r\u00e9ussite\\\/roses-assen\\\/#primaryimage\"},\"image\":{\"@id\":\"https:\\\/\\\/metrecubic.com\\\/fr\\\/cas-de-r\u00e9ussite\\\/roses-assen\\\/#primaryimage\"},\"thumbnailUrl\":\"https:\\\/\\\/metrecubic.com\\\/wp-content\\\/uploads\\\/298787828_3249236498665781_7450537495750471063_n-1.jpg\",\"datePublished\":\"2025-06-17T13:21:00+00:00\",\"dateModified\":\"2025-06-18T08:43:16+00:00\",\"breadcrumb\":{\"@id\":\"https:\\\/\\\/metrecubic.com\\\/fr\\\/cas-de-r\u00e9ussite\\\/roses-assen\\\/#breadcrumb\"},\"inLanguage\":\"fr-FR\",\"potentialAction\":[{\"@type\":\"ReadAction\",\"target\":[\"https:\\\/\\\/metrecubic.com\\\/fr\\\/cas-de-r\u00e9ussite\\\/roses-assen\\\/\"]}]},{\"@type\":\"ImageObject\",\"inLanguage\":\"fr-FR\",\"@id\":\"https:\\\/\\\/metrecubic.com\\\/fr\\\/cas-de-r\u00e9ussite\\\/roses-assen\\\/#primaryimage\",\"url\":\"https:\\\/\\\/metrecubic.com\\\/wp-content\\\/uploads\\\/298787828_3249236498665781_7450537495750471063_n-1.jpg\",\"contentUrl\":\"https:\\\/\\\/metrecubic.com\\\/wp-content\\\/uploads\\\/298787828_3249236498665781_7450537495750471063_n-1.jpg\",\"width\":1080,\"height\":1080},{\"@type\":\"BreadcrumbList\",\"@id\":\"https:\\\/\\\/metrecubic.com\\\/fr\\\/cas-de-r\u00e9ussite\\\/roses-assen\\\/#breadcrumb\",\"itemListElement\":[{\"@type\":\"ListItem\",\"position\":1,\"name\":\"Portada\",\"item\":\"https:\\\/\\\/metrecubic.com\\\/fr\\\/\"},{\"@type\":\"ListItem\",\"position\":2,\"name\":\"Histoires de r\u00e9ussite\",\"item\":\"https:\\\/\\\/metrecubic.com\\\/fr\\\/cas-de-r\u00e9ussite\\\/\"},{\"@type\":\"ListItem\",\"position\":3,\"name\":\"Roses-Assen\"}]},{\"@type\":\"WebSite\",\"@id\":\"https:\\\/\\\/metrecubic.com\\\/fr\\\/#website\",\"url\":\"https:\\\/\\\/metrecubic.com\\\/fr\\\/\",\"name\":\"METRECUBIC\",\"description\":\"Mudanzas y trasteros Sabadell y Girona\",\"publisher\":{\"@id\":\"https:\\\/\\\/metrecubic.com\\\/fr\\\/#organization\"},\"potentialAction\":[{\"@type\":\"SearchAction\",\"target\":{\"@type\":\"EntryPoint\",\"urlTemplate\":\"https:\\\/\\\/metrecubic.com\\\/fr\\\/?s={search_term_string}\"},\"query-input\":{\"@type\":\"PropertyValueSpecification\",\"valueRequired\":true,\"valueName\":\"search_term_string\"}}],\"inLanguage\":\"fr-FR\"},{\"@type\":\"Organization\",\"@id\":\"https:\\\/\\\/metrecubic.com\\\/fr\\\/#organization\",\"name\":\"METRECUBIC\",\"url\":\"https:\\\/\\\/metrecubic.com\\\/fr\\\/\",\"logo\":{\"@type\":\"ImageObject\",\"inLanguage\":\"fr-FR\",\"@id\":\"https:\\\/\\\/metrecubic.com\\\/fr\\\/#\\\/schema\\\/logo\\\/image\\\/\",\"url\":\"https:\\\/\\\/metrecubic.com\\\/wp-content\\\/uploads\\\/logo-metrecubic.png\",\"contentUrl\":\"https:\\\/\\\/metrecubic.com\\\/wp-content\\\/uploads\\\/logo-metrecubic.png\",\"width\":159,\"height\":159,\"caption\":\"METRECUBIC\"},\"image\":{\"@id\":\"https:\\\/\\\/metrecubic.com\\\/fr\\\/#\\\/schema\\\/logo\\\/image\\\/\"}}]}<\/script>\n<!-- \/ Yoast SEO plugin. -->","yoast_head_json":{"title":"Roses-Assen - METRECUBIC","robots":{"index":"index","follow":"follow","max-snippet":"max-snippet:-1","max-image-preview":"max-image-preview:large","max-video-preview":"max-video-preview:-1"},"canonical":"https:\/\/metrecubic.com\/fr\/cas-de-r\u00e9ussite\/roses-assen\/","og_locale":"fr_FR","og_type":"article","og_title":"Roses-Assen - METRECUBIC","og_description":"Nous g\u00e9rons un d\u00e9m\u00e9nagement longue distance de Roses (G\u00e9rone) \u00e0 Assen, dans le nord des Pays-Bas, en respectant les exigences logistiques et douani\u00e8res du voyage. Notre \u00e9quipe a soigneusement emball\u00e9 &hellip;","og_url":"https:\/\/metrecubic.com\/fr\/cas-de-r\u00e9ussite\/roses-assen\/","og_site_name":"METRECUBIC","article_modified_time":"2025-06-18T08:43:16+00:00","og_image":[{"width":1080,"height":1080,"url":"https:\/\/metrecubic.com\/wp-content\/uploads\/298787828_3249236498665781_7450537495750471063_n-1.jpg","type":"image\/jpeg"}],"twitter_card":"summary_large_image","schema":{"@context":"https:\/\/schema.org","@graph":[{"@type":"WebPage","@id":"https:\/\/metrecubic.com\/fr\/cas-de-r\u00e9ussite\/roses-assen\/","url":"https:\/\/metrecubic.com\/fr\/cas-de-r\u00e9ussite\/roses-assen\/","name":"Roses-Assen - METRECUBIC","isPartOf":{"@id":"https:\/\/metrecubic.com\/fr\/#website"},"primaryImageOfPage":{"@id":"https:\/\/metrecubic.com\/fr\/cas-de-r\u00e9ussite\/roses-assen\/#primaryimage"},"image":{"@id":"https:\/\/metrecubic.com\/fr\/cas-de-r\u00e9ussite\/roses-assen\/#primaryimage"},"thumbnailUrl":"https:\/\/metrecubic.com\/wp-content\/uploads\/298787828_3249236498665781_7450537495750471063_n-1.jpg","datePublished":"2025-06-17T13:21:00+00:00","dateModified":"2025-06-18T08:43:16+00:00","breadcrumb":{"@id":"https:\/\/metrecubic.com\/fr\/cas-de-r\u00e9ussite\/roses-assen\/#breadcrumb"},"inLanguage":"fr-FR","potentialAction":[{"@type":"ReadAction","target":["https:\/\/metrecubic.com\/fr\/cas-de-r\u00e9ussite\/roses-assen\/"]}]},{"@type":"ImageObject","inLanguage":"fr-FR","@id":"https:\/\/metrecubic.com\/fr\/cas-de-r\u00e9ussite\/roses-assen\/#primaryimage","url":"https:\/\/metrecubic.com\/wp-content\/uploads\/298787828_3249236498665781_7450537495750471063_n-1.jpg","contentUrl":"https:\/\/metrecubic.com\/wp-content\/uploads\/298787828_3249236498665781_7450537495750471063_n-1.jpg","width":1080,"height":1080},{"@type":"BreadcrumbList","@id":"https:\/\/metrecubic.com\/fr\/cas-de-r\u00e9ussite\/roses-assen\/#breadcrumb","itemListElement":[{"@type":"ListItem","position":1,"name":"Portada","item":"https:\/\/metrecubic.com\/fr\/"},{"@type":"ListItem","position":2,"name":"Histoires de r\u00e9ussite","item":"https:\/\/metrecubic.com\/fr\/cas-de-r\u00e9ussite\/"},{"@type":"ListItem","position":3,"name":"Roses-Assen"}]},{"@type":"WebSite","@id":"https:\/\/metrecubic.com\/fr\/#website","url":"https:\/\/metrecubic.com\/fr\/","name":"METRECUBIC","description":"Mudanzas y trasteros Sabadell y Girona","publisher":{"@id":"https:\/\/metrecubic.com\/fr\/#organization"},"potentialAction":[{"@type":"SearchAction","target":{"@type":"EntryPoint","urlTemplate":"https:\/\/metrecubic.com\/fr\/?s={search_term_string}"},"query-input":{"@type":"PropertyValueSpecification","valueRequired":true,"valueName":"search_term_string"}}],"inLanguage":"fr-FR"},{"@type":"Organization","@id":"https:\/\/metrecubic.com\/fr\/#organization","name":"METRECUBIC","url":"https:\/\/metrecubic.com\/fr\/","logo":{"@type":"ImageObject","inLanguage":"fr-FR","@id":"https:\/\/metrecubic.com\/fr\/#\/schema\/logo\/image\/","url":"https:\/\/metrecubic.com\/wp-content\/uploads\/logo-metrecubic.png","contentUrl":"https:\/\/metrecubic.com\/wp-content\/uploads\/logo-metrecubic.png","width":159,"height":159,"caption":"METRECUBIC"},"image":{"@id":"https:\/\/metrecubic.com\/fr\/#\/schema\/logo\/image\/"}}]}},"_links":{"self":[{"href":"https:\/\/metrecubic.com\/fr\/wp-json\/wp\/v2\/success-stories\/8706","targetHints":{"allow":["GET"]}}],"collection":[{"href":"https:\/\/metrecubic.com\/fr\/wp-json\/wp\/v2\/success-stories"}],"about":[{"href":"https:\/\/metrecubic.com\/fr\/wp-json\/wp\/v2\/types\/success-stories"}],"version-history":[{"count":1,"href":"https:\/\/metrecubic.com\/fr\/wp-json\/wp\/v2\/success-stories\/8706\/revisions"}],"predecessor-version":[{"id":8708,"href":"https:\/\/metrecubic.com\/fr\/wp-json\/wp\/v2\/success-stories\/8706\/revisions\/8708"}],"wp:featuredmedia":[{"embeddable":true,"href":"https:\/\/metrecubic.com\/fr\/wp-json\/wp\/v2\/media\/8417"}],"wp:attachment":[{"href":"https:\/\/metrecubic.com\/fr\/wp-json\/wp\/v2\/media?parent=8706"}],"wp:term":[{"taxonomy":"sector_cat","embeddable":true,"href":"https:\/\/metrecubic.com\/fr\/wp-json\/wp\/v2\/sector_cat?post=8706"}],"curies":[{"name":"wp","href":"https:\/\/api.w.org\/{rel}","templated":true}]}}