{"id":7753,"date":"2025-04-08T08:57:35","date_gmt":"2025-04-08T08:57:35","guid":{"rendered":"https:\/\/metrecubic.com\/caso-de-exito\/demenagement-des-machines-a-coudre-du-centre-qstura\/"},"modified":"2025-06-12T13:17:43","modified_gmt":"2025-06-12T13:17:43","slug":"demenagement-des-machines-a-coudre-du-centre-qstura","status":"publish","type":"success-stories","link":"https:\/\/metrecubic.com\/fr\/cas-de-r\u00e9ussite\/demenagement-des-machines-a-coudre-du-centre-qstura\/","title":{"rendered":"D\u00e9m\u00e9nagement des machines \u00e0 coudre du centre Qstura"},"content":{"rendered":"\n<p>Ils sont en charge du transfert complet des machines \u00e0 coudre du centre Qstura, une \u00e9cole de couture et de v\u00eatements cr\u00e9atifs bas\u00e9e \u00e0 G\u00e9rone. L\u2019objectif \u00e9tait de proc\u00e9der au changement d\u2019emplacement dans ses nouvelles installations \u00e0 Salt avec toutes les garanties de s\u00e9curit\u00e9, d\u2019efficacit\u00e9 et de soin des \u00e9quipements. <\/p>\n\n<p>L\u2019op\u00e9ration a impliqu\u00e9 le transport de machines d\u00e9licates de grande valeur, essentielles pour la formation et l\u2019activit\u00e9 professionnelle du centre. Chaque machine a \u00e9t\u00e9 manipul\u00e9e par notre \u00e9quipe avec le plus grand soin, en utilisant des protections sp\u00e9ciales et des syst\u00e8mes de fixation adapt\u00e9s pour \u00e9viter tout type de dommage pendant le voyage. <\/p>\n\n<p>En plus du d\u00e9m\u00e9nagement, nous nous occupons du placement pr\u00e9cis des machines dans leur nouvel emplacement, les laissant pr\u00eates \u00e0 l\u2019emploi imm\u00e9diatement.<\/p>\n\n<p>Ce cas d\u00e9montre notre sp\u00e9cialisation dans les d\u00e9m\u00e9nagements techniques, o\u00f9 non seulement la force logistique est requise, mais aussi la sensibilit\u00e9 au type de mat\u00e9riau et la compr\u00e9hension de l\u2019environnement dans lequel vous travaillez.<\/p>\n","protected":false},"excerpt":{"rendered":"<p>Ils sont en charge du transfert complet des machines \u00e0 coudre du centre Qstura, une \u00e9cole de couture et de v\u00eatements cr\u00e9atifs bas\u00e9e \u00e0 G\u00e9rone. L\u2019objectif \u00e9tait de proc\u00e9der au &hellip;<\/p>\n","protected":false},"featured_media":5939,"template":"","meta":{"_acf_changed":false,"footnotes":""},"sector_cat":[243,254],"class_list":["post-7753","success-stories","type-success-stories","status-publish","has-post-thumbnail","hentry","sector_cat-demenagements-pour-les-entreprises","sector_cat-demenagements-de-commerces"],"acf":[],"yoast_head":"<!-- This site is optimized with the Yoast SEO plugin v27.4 - https:\/\/yoast.com\/product\/yoast-seo-wordpress\/ -->\n<title>D\u00e9m\u00e9nagement des machines \u00e0 coudre du centre Qstura - METRECUBIC<\/title>\n<meta name=\"robots\" content=\"index, follow, max-snippet:-1, max-image-preview:large, max-video-preview:-1\" \/>\n<link rel=\"canonical\" href=\"https:\/\/metrecubic.com\/fr\/cas-de-r\u00e9ussite\/demenagement-des-machines-a-coudre-du-centre-qstura\/\" \/>\n<meta property=\"og:locale\" content=\"fr_FR\" \/>\n<meta property=\"og:type\" content=\"article\" \/>\n<meta property=\"og:title\" content=\"D\u00e9m\u00e9nagement des machines \u00e0 coudre du centre Qstura - METRECUBIC\" \/>\n<meta property=\"og:description\" content=\"Ils sont en charge du transfert complet des machines \u00e0 coudre du centre Qstura, une \u00e9cole de couture et de v\u00eatements cr\u00e9atifs bas\u00e9e \u00e0 G\u00e9rone. L\u2019objectif \u00e9tait de proc\u00e9der au &hellip;\" \/>\n<meta property=\"og:url\" content=\"https:\/\/metrecubic.com\/fr\/cas-de-r\u00e9ussite\/demenagement-des-machines-a-coudre-du-centre-qstura\/\" \/>\n<meta property=\"og:site_name\" content=\"METRECUBIC\" \/>\n<meta property=\"article:modified_time\" content=\"2025-06-12T13:17:43+00:00\" \/>\n<meta property=\"og:image\" content=\"https:\/\/metrecubic.com\/wp-content\/uploads\/img-20240731-wa0028.jpg\" \/>\n\t<meta property=\"og:image:width\" content=\"1536\" \/>\n\t<meta property=\"og:image:height\" content=\"2048\" \/>\n\t<meta property=\"og:image:type\" content=\"image\/jpeg\" \/>\n<meta name=\"twitter:card\" content=\"summary_large_image\" \/>\n<meta name=\"twitter:label1\" content=\"Dur\u00e9e de lecture estim\u00e9e\" \/>\n\t<meta name=\"twitter:data1\" content=\"1 minute\" \/>\n<script type=\"application\/ld+json\" class=\"yoast-schema-graph\">{\"@context\":\"https:\\\/\\\/schema.org\",\"@graph\":[{\"@type\":\"WebPage\",\"@id\":\"https:\\\/\\\/metrecubic.com\\\/fr\\\/cas-de-r\u00e9ussite\\\/demenagement-des-machines-a-coudre-du-centre-qstura\\\/\",\"url\":\"https:\\\/\\\/metrecubic.com\\\/fr\\\/cas-de-r\u00e9ussite\\\/demenagement-des-machines-a-coudre-du-centre-qstura\\\/\",\"name\":\"D\u00e9m\u00e9nagement des machines \u00e0 coudre du centre Qstura - METRECUBIC\",\"isPartOf\":{\"@id\":\"https:\\\/\\\/metrecubic.com\\\/fr\\\/#website\"},\"primaryImageOfPage\":{\"@id\":\"https:\\\/\\\/metrecubic.com\\\/fr\\\/cas-de-r\u00e9ussite\\\/demenagement-des-machines-a-coudre-du-centre-qstura\\\/#primaryimage\"},\"image\":{\"@id\":\"https:\\\/\\\/metrecubic.com\\\/fr\\\/cas-de-r\u00e9ussite\\\/demenagement-des-machines-a-coudre-du-centre-qstura\\\/#primaryimage\"},\"thumbnailUrl\":\"https:\\\/\\\/metrecubic.com\\\/wp-content\\\/uploads\\\/img-20240731-wa0028.jpg\",\"datePublished\":\"2025-04-08T08:57:35+00:00\",\"dateModified\":\"2025-06-12T13:17:43+00:00\",\"breadcrumb\":{\"@id\":\"https:\\\/\\\/metrecubic.com\\\/fr\\\/cas-de-r\u00e9ussite\\\/demenagement-des-machines-a-coudre-du-centre-qstura\\\/#breadcrumb\"},\"inLanguage\":\"fr-FR\",\"potentialAction\":[{\"@type\":\"ReadAction\",\"target\":[\"https:\\\/\\\/metrecubic.com\\\/fr\\\/cas-de-r\u00e9ussite\\\/demenagement-des-machines-a-coudre-du-centre-qstura\\\/\"]}]},{\"@type\":\"ImageObject\",\"inLanguage\":\"fr-FR\",\"@id\":\"https:\\\/\\\/metrecubic.com\\\/fr\\\/cas-de-r\u00e9ussite\\\/demenagement-des-machines-a-coudre-du-centre-qstura\\\/#primaryimage\",\"url\":\"https:\\\/\\\/metrecubic.com\\\/wp-content\\\/uploads\\\/img-20240731-wa0028.jpg\",\"contentUrl\":\"https:\\\/\\\/metrecubic.com\\\/wp-content\\\/uploads\\\/img-20240731-wa0028.jpg\",\"width\":1536,\"height\":2048},{\"@type\":\"BreadcrumbList\",\"@id\":\"https:\\\/\\\/metrecubic.com\\\/fr\\\/cas-de-r\u00e9ussite\\\/demenagement-des-machines-a-coudre-du-centre-qstura\\\/#breadcrumb\",\"itemListElement\":[{\"@type\":\"ListItem\",\"position\":1,\"name\":\"Portada\",\"item\":\"https:\\\/\\\/metrecubic.com\\\/fr\\\/\"},{\"@type\":\"ListItem\",\"position\":2,\"name\":\"Histoires de r\u00e9ussite\",\"item\":\"https:\\\/\\\/metrecubic.com\\\/fr\\\/cas-de-r\u00e9ussite\\\/\"},{\"@type\":\"ListItem\",\"position\":3,\"name\":\"D\u00e9m\u00e9nagement des machines \u00e0 coudre du centre Qstura\"}]},{\"@type\":\"WebSite\",\"@id\":\"https:\\\/\\\/metrecubic.com\\\/fr\\\/#website\",\"url\":\"https:\\\/\\\/metrecubic.com\\\/fr\\\/\",\"name\":\"METRECUBIC\",\"description\":\"Mudanzas y trasteros Sabadell y Girona\",\"publisher\":{\"@id\":\"https:\\\/\\\/metrecubic.com\\\/fr\\\/#organization\"},\"potentialAction\":[{\"@type\":\"SearchAction\",\"target\":{\"@type\":\"EntryPoint\",\"urlTemplate\":\"https:\\\/\\\/metrecubic.com\\\/fr\\\/?s={search_term_string}\"},\"query-input\":{\"@type\":\"PropertyValueSpecification\",\"valueRequired\":true,\"valueName\":\"search_term_string\"}}],\"inLanguage\":\"fr-FR\"},{\"@type\":\"Organization\",\"@id\":\"https:\\\/\\\/metrecubic.com\\\/fr\\\/#organization\",\"name\":\"METRECUBIC\",\"url\":\"https:\\\/\\\/metrecubic.com\\\/fr\\\/\",\"logo\":{\"@type\":\"ImageObject\",\"inLanguage\":\"fr-FR\",\"@id\":\"https:\\\/\\\/metrecubic.com\\\/fr\\\/#\\\/schema\\\/logo\\\/image\\\/\",\"url\":\"https:\\\/\\\/metrecubic.com\\\/wp-content\\\/uploads\\\/logo-metrecubic.png\",\"contentUrl\":\"https:\\\/\\\/metrecubic.com\\\/wp-content\\\/uploads\\\/logo-metrecubic.png\",\"width\":159,\"height\":159,\"caption\":\"METRECUBIC\"},\"image\":{\"@id\":\"https:\\\/\\\/metrecubic.com\\\/fr\\\/#\\\/schema\\\/logo\\\/image\\\/\"}}]}<\/script>\n<!-- \/ Yoast SEO plugin. -->","yoast_head_json":{"title":"D\u00e9m\u00e9nagement des machines \u00e0 coudre du centre Qstura - METRECUBIC","robots":{"index":"index","follow":"follow","max-snippet":"max-snippet:-1","max-image-preview":"max-image-preview:large","max-video-preview":"max-video-preview:-1"},"canonical":"https:\/\/metrecubic.com\/fr\/cas-de-r\u00e9ussite\/demenagement-des-machines-a-coudre-du-centre-qstura\/","og_locale":"fr_FR","og_type":"article","og_title":"D\u00e9m\u00e9nagement des machines \u00e0 coudre du centre Qstura - METRECUBIC","og_description":"Ils sont en charge du transfert complet des machines \u00e0 coudre du centre Qstura, une \u00e9cole de couture et de v\u00eatements cr\u00e9atifs bas\u00e9e \u00e0 G\u00e9rone. L\u2019objectif \u00e9tait de proc\u00e9der au &hellip;","og_url":"https:\/\/metrecubic.com\/fr\/cas-de-r\u00e9ussite\/demenagement-des-machines-a-coudre-du-centre-qstura\/","og_site_name":"METRECUBIC","article_modified_time":"2025-06-12T13:17:43+00:00","og_image":[{"width":1536,"height":2048,"url":"https:\/\/metrecubic.com\/wp-content\/uploads\/img-20240731-wa0028.jpg","type":"image\/jpeg"}],"twitter_card":"summary_large_image","twitter_misc":{"Dur\u00e9e de lecture estim\u00e9e":"1 minute"},"schema":{"@context":"https:\/\/schema.org","@graph":[{"@type":"WebPage","@id":"https:\/\/metrecubic.com\/fr\/cas-de-r\u00e9ussite\/demenagement-des-machines-a-coudre-du-centre-qstura\/","url":"https:\/\/metrecubic.com\/fr\/cas-de-r\u00e9ussite\/demenagement-des-machines-a-coudre-du-centre-qstura\/","name":"D\u00e9m\u00e9nagement des machines \u00e0 coudre du centre Qstura - METRECUBIC","isPartOf":{"@id":"https:\/\/metrecubic.com\/fr\/#website"},"primaryImageOfPage":{"@id":"https:\/\/metrecubic.com\/fr\/cas-de-r\u00e9ussite\/demenagement-des-machines-a-coudre-du-centre-qstura\/#primaryimage"},"image":{"@id":"https:\/\/metrecubic.com\/fr\/cas-de-r\u00e9ussite\/demenagement-des-machines-a-coudre-du-centre-qstura\/#primaryimage"},"thumbnailUrl":"https:\/\/metrecubic.com\/wp-content\/uploads\/img-20240731-wa0028.jpg","datePublished":"2025-04-08T08:57:35+00:00","dateModified":"2025-06-12T13:17:43+00:00","breadcrumb":{"@id":"https:\/\/metrecubic.com\/fr\/cas-de-r\u00e9ussite\/demenagement-des-machines-a-coudre-du-centre-qstura\/#breadcrumb"},"inLanguage":"fr-FR","potentialAction":[{"@type":"ReadAction","target":["https:\/\/metrecubic.com\/fr\/cas-de-r\u00e9ussite\/demenagement-des-machines-a-coudre-du-centre-qstura\/"]}]},{"@type":"ImageObject","inLanguage":"fr-FR","@id":"https:\/\/metrecubic.com\/fr\/cas-de-r\u00e9ussite\/demenagement-des-machines-a-coudre-du-centre-qstura\/#primaryimage","url":"https:\/\/metrecubic.com\/wp-content\/uploads\/img-20240731-wa0028.jpg","contentUrl":"https:\/\/metrecubic.com\/wp-content\/uploads\/img-20240731-wa0028.jpg","width":1536,"height":2048},{"@type":"BreadcrumbList","@id":"https:\/\/metrecubic.com\/fr\/cas-de-r\u00e9ussite\/demenagement-des-machines-a-coudre-du-centre-qstura\/#breadcrumb","itemListElement":[{"@type":"ListItem","position":1,"name":"Portada","item":"https:\/\/metrecubic.com\/fr\/"},{"@type":"ListItem","position":2,"name":"Histoires de r\u00e9ussite","item":"https:\/\/metrecubic.com\/fr\/cas-de-r\u00e9ussite\/"},{"@type":"ListItem","position":3,"name":"D\u00e9m\u00e9nagement des machines \u00e0 coudre du centre Qstura"}]},{"@type":"WebSite","@id":"https:\/\/metrecubic.com\/fr\/#website","url":"https:\/\/metrecubic.com\/fr\/","name":"METRECUBIC","description":"Mudanzas y trasteros Sabadell y Girona","publisher":{"@id":"https:\/\/metrecubic.com\/fr\/#organization"},"potentialAction":[{"@type":"SearchAction","target":{"@type":"EntryPoint","urlTemplate":"https:\/\/metrecubic.com\/fr\/?s={search_term_string}"},"query-input":{"@type":"PropertyValueSpecification","valueRequired":true,"valueName":"search_term_string"}}],"inLanguage":"fr-FR"},{"@type":"Organization","@id":"https:\/\/metrecubic.com\/fr\/#organization","name":"METRECUBIC","url":"https:\/\/metrecubic.com\/fr\/","logo":{"@type":"ImageObject","inLanguage":"fr-FR","@id":"https:\/\/metrecubic.com\/fr\/#\/schema\/logo\/image\/","url":"https:\/\/metrecubic.com\/wp-content\/uploads\/logo-metrecubic.png","contentUrl":"https:\/\/metrecubic.com\/wp-content\/uploads\/logo-metrecubic.png","width":159,"height":159,"caption":"METRECUBIC"},"image":{"@id":"https:\/\/metrecubic.com\/fr\/#\/schema\/logo\/image\/"}}]}},"_links":{"self":[{"href":"https:\/\/metrecubic.com\/fr\/wp-json\/wp\/v2\/success-stories\/7753","targetHints":{"allow":["GET"]}}],"collection":[{"href":"https:\/\/metrecubic.com\/fr\/wp-json\/wp\/v2\/success-stories"}],"about":[{"href":"https:\/\/metrecubic.com\/fr\/wp-json\/wp\/v2\/types\/success-stories"}],"version-history":[{"count":1,"href":"https:\/\/metrecubic.com\/fr\/wp-json\/wp\/v2\/success-stories\/7753\/revisions"}],"predecessor-version":[{"id":7755,"href":"https:\/\/metrecubic.com\/fr\/wp-json\/wp\/v2\/success-stories\/7753\/revisions\/7755"}],"wp:featuredmedia":[{"embeddable":true,"href":"https:\/\/metrecubic.com\/fr\/wp-json\/wp\/v2\/media\/5939"}],"wp:attachment":[{"href":"https:\/\/metrecubic.com\/fr\/wp-json\/wp\/v2\/media?parent=7753"}],"wp:term":[{"taxonomy":"sector_cat","embeddable":true,"href":"https:\/\/metrecubic.com\/fr\/wp-json\/wp\/v2\/sector_cat?post=7753"}],"curies":[{"name":"wp","href":"https:\/\/api.w.org\/{rel}","templated":true}]}}