{"id":7601,"date":"2025-04-08T14:28:19","date_gmt":"2025-04-08T14:28:19","guid":{"rendered":"https:\/\/metrecubic.com\/caso-de-exito\/transfert-hospitalier-en-toute-securite-pour-la-clinica-girona\/"},"modified":"2025-05-15T14:44:53","modified_gmt":"2025-05-15T14:44:53","slug":"transfert-hospitalier-en-toute-securite-pour-la-clinica-girona","status":"publish","type":"success-stories","link":"https:\/\/metrecubic.com\/fr\/cas-de-r\u00e9ussite\/transfert-hospitalier-en-toute-securite-pour-la-clinica-girona\/","title":{"rendered":"Transfert hospitalier en toute s\u00e9curit\u00e9 pour la Cl\u00ednica Girona"},"content":{"rendered":"\n<p>Transfert complet de la Clinique de Girona vers son nouveau si\u00e8ge moderne situ\u00e9 sur la Carretera Barcelona 204-206, dans le cadre d\u2019une op\u00e9ration de haute complexit\u00e9 logistique qui a n\u00e9cessit\u00e9 une planification rigoureuse, des moyens techniques sp\u00e9cialis\u00e9s et une \u00e9quipe exp\u00e9riment\u00e9e dans les environnements de soins de sant\u00e9.<\/p>\n\n<p>Le principal d\u00e9fi du projet \u00e9tait la manutention et le transport d\u2019\u00e9quipements hospitaliers de grande valeur et d\u2019une extr\u00eame d\u00e9licatesse : civi\u00e8res, machines m\u00e9dicales, mobilier clinique, instruments et mat\u00e9riel sensible qui devaient \u00eatre maintenus en parfait \u00e9tat tout au long du processus. L\u2019op\u00e9ration n\u00e9cessitait un contr\u00f4le exhaustif du mouvement de chaque pi\u00e8ce, ainsi que des protocoles sp\u00e9cifiques de s\u00e9curit\u00e9, d\u2019hygi\u00e8ne et de tra\u00e7abilit\u00e9. <\/p>\n\n<p>Notre \u00e9quipe technique a coordonn\u00e9 chaque phase du d\u00e9m\u00e9nagement avec le personnel du centre afin d\u2019assurer une transition en douceur, de minimiser l\u2019impact sur les op\u00e9rations quotidiennes de la clinique et de permettre une r\u00e9organisation efficace du service de soins dans le nouvel emplacement.<\/p>\n\n<p>Gr\u00e2ce \u00e0 l\u2019utilisation d\u2019emballages sp\u00e9cialis\u00e9s, de v\u00e9hicules conditionn\u00e9s et de techniques de manutention appropri\u00e9es, nous effectuons le transfert sans incidents, en respectant les d\u00e9lais \u00e9tablis et en assurant l\u2019int\u00e9grit\u00e9 de tous les \u00e9l\u00e9ments transport\u00e9s.<\/p>\n\n<p>Ce cas repr\u00e9sente un exemple clair de notre capacit\u00e9 \u00e0 g\u00e9rer des projets logistiques critiques dans le secteur de la sant\u00e9, o\u00f9 la pr\u00e9cision, la confiance et la responsabilit\u00e9 sont essentielles.<\/p>\n","protected":false},"excerpt":{"rendered":"<p>Transfert complet de la Clinique de Girona vers son nouveau si\u00e8ge moderne situ\u00e9 sur la Carretera Barcelona 204-206, dans le cadre d\u2019une op\u00e9ration de haute complexit\u00e9 logistique qui a n\u00e9cessit\u00e9 &hellip;<\/p>\n","protected":false},"featured_media":6537,"template":"","meta":{"_acf_changed":false,"footnotes":""},"sector_cat":[231,222,224,230],"class_list":["post-7601","success-stories","type-success-stories","status-publish","has-post-thumbnail","hentry","sector_cat-demenagements-et-transferts-de-centres-medicaux-cliniques-et-hopitaux","sector_cat-enlevement-dobjets-lourds-et-encombrants","sector_cat-demenagements-locaux","sector_cat-demenagement-dobjets-delicats-ou-fragiles"],"acf":[],"yoast_head":"<!-- This site is optimized with the Yoast SEO plugin v27.4 - https:\/\/yoast.com\/product\/yoast-seo-wordpress\/ -->\n<title>Transfert hospitalier en toute s\u00e9curit\u00e9 pour la Cl\u00ednica Girona - METRECUBIC<\/title>\n<meta name=\"robots\" content=\"index, follow, max-snippet:-1, max-image-preview:large, max-video-preview:-1\" \/>\n<link rel=\"canonical\" href=\"https:\/\/metrecubic.com\/fr\/cas-de-r\u00e9ussite\/transfert-hospitalier-en-toute-securite-pour-la-clinica-girona\/\" \/>\n<meta property=\"og:locale\" content=\"fr_FR\" \/>\n<meta property=\"og:type\" content=\"article\" \/>\n<meta property=\"og:title\" content=\"Transfert hospitalier en toute s\u00e9curit\u00e9 pour la Cl\u00ednica Girona - METRECUBIC\" \/>\n<meta property=\"og:description\" content=\"Transfert complet de la Clinique de Girona vers son nouveau si\u00e8ge moderne situ\u00e9 sur la Carretera Barcelona 204-206, dans le cadre d\u2019une op\u00e9ration de haute complexit\u00e9 logistique qui a n\u00e9cessit\u00e9 &hellip;\" \/>\n<meta property=\"og:url\" content=\"https:\/\/metrecubic.com\/fr\/cas-de-r\u00e9ussite\/transfert-hospitalier-en-toute-securite-pour-la-clinica-girona\/\" \/>\n<meta property=\"og:site_name\" content=\"METRECUBIC\" \/>\n<meta property=\"article:modified_time\" content=\"2025-05-15T14:44:53+00:00\" \/>\n<meta property=\"og:image\" content=\"https:\/\/metrecubic.com\/wp-content\/uploads\/copia-de-img-20220414-wa0040.jpg\" \/>\n\t<meta property=\"og:image:width\" content=\"1500\" \/>\n\t<meta property=\"og:image:height\" content=\"2000\" \/>\n\t<meta property=\"og:image:type\" content=\"image\/jpeg\" \/>\n<meta name=\"twitter:card\" content=\"summary_large_image\" \/>\n<meta name=\"twitter:label1\" content=\"Dur\u00e9e de lecture estim\u00e9e\" \/>\n\t<meta name=\"twitter:data1\" content=\"1 minute\" \/>\n<script type=\"application\/ld+json\" class=\"yoast-schema-graph\">{\"@context\":\"https:\\\/\\\/schema.org\",\"@graph\":[{\"@type\":\"WebPage\",\"@id\":\"https:\\\/\\\/metrecubic.com\\\/fr\\\/cas-de-r\u00e9ussite\\\/transfert-hospitalier-en-toute-securite-pour-la-clinica-girona\\\/\",\"url\":\"https:\\\/\\\/metrecubic.com\\\/fr\\\/cas-de-r\u00e9ussite\\\/transfert-hospitalier-en-toute-securite-pour-la-clinica-girona\\\/\",\"name\":\"Transfert hospitalier en toute s\u00e9curit\u00e9 pour la Cl\u00ednica Girona - METRECUBIC\",\"isPartOf\":{\"@id\":\"https:\\\/\\\/metrecubic.com\\\/fr\\\/#website\"},\"primaryImageOfPage\":{\"@id\":\"https:\\\/\\\/metrecubic.com\\\/fr\\\/cas-de-r\u00e9ussite\\\/transfert-hospitalier-en-toute-securite-pour-la-clinica-girona\\\/#primaryimage\"},\"image\":{\"@id\":\"https:\\\/\\\/metrecubic.com\\\/fr\\\/cas-de-r\u00e9ussite\\\/transfert-hospitalier-en-toute-securite-pour-la-clinica-girona\\\/#primaryimage\"},\"thumbnailUrl\":\"https:\\\/\\\/metrecubic.com\\\/wp-content\\\/uploads\\\/copia-de-img-20220414-wa0040.jpg\",\"datePublished\":\"2025-04-08T14:28:19+00:00\",\"dateModified\":\"2025-05-15T14:44:53+00:00\",\"breadcrumb\":{\"@id\":\"https:\\\/\\\/metrecubic.com\\\/fr\\\/cas-de-r\u00e9ussite\\\/transfert-hospitalier-en-toute-securite-pour-la-clinica-girona\\\/#breadcrumb\"},\"inLanguage\":\"fr-FR\",\"potentialAction\":[{\"@type\":\"ReadAction\",\"target\":[\"https:\\\/\\\/metrecubic.com\\\/fr\\\/cas-de-r\u00e9ussite\\\/transfert-hospitalier-en-toute-securite-pour-la-clinica-girona\\\/\"]}]},{\"@type\":\"ImageObject\",\"inLanguage\":\"fr-FR\",\"@id\":\"https:\\\/\\\/metrecubic.com\\\/fr\\\/cas-de-r\u00e9ussite\\\/transfert-hospitalier-en-toute-securite-pour-la-clinica-girona\\\/#primaryimage\",\"url\":\"https:\\\/\\\/metrecubic.com\\\/wp-content\\\/uploads\\\/copia-de-img-20220414-wa0040.jpg\",\"contentUrl\":\"https:\\\/\\\/metrecubic.com\\\/wp-content\\\/uploads\\\/copia-de-img-20220414-wa0040.jpg\",\"width\":1500,\"height\":2000},{\"@type\":\"BreadcrumbList\",\"@id\":\"https:\\\/\\\/metrecubic.com\\\/fr\\\/cas-de-r\u00e9ussite\\\/transfert-hospitalier-en-toute-securite-pour-la-clinica-girona\\\/#breadcrumb\",\"itemListElement\":[{\"@type\":\"ListItem\",\"position\":1,\"name\":\"Portada\",\"item\":\"https:\\\/\\\/metrecubic.com\\\/fr\\\/\"},{\"@type\":\"ListItem\",\"position\":2,\"name\":\"Histoires de r\u00e9ussite\",\"item\":\"https:\\\/\\\/metrecubic.com\\\/fr\\\/cas-de-r\u00e9ussite\\\/\"},{\"@type\":\"ListItem\",\"position\":3,\"name\":\"Transfert hospitalier en toute s\u00e9curit\u00e9 pour la Cl\u00ednica Girona\"}]},{\"@type\":\"WebSite\",\"@id\":\"https:\\\/\\\/metrecubic.com\\\/fr\\\/#website\",\"url\":\"https:\\\/\\\/metrecubic.com\\\/fr\\\/\",\"name\":\"METRECUBIC\",\"description\":\"Mudanzas y trasteros Sabadell y Girona\",\"publisher\":{\"@id\":\"https:\\\/\\\/metrecubic.com\\\/fr\\\/#organization\"},\"potentialAction\":[{\"@type\":\"SearchAction\",\"target\":{\"@type\":\"EntryPoint\",\"urlTemplate\":\"https:\\\/\\\/metrecubic.com\\\/fr\\\/?s={search_term_string}\"},\"query-input\":{\"@type\":\"PropertyValueSpecification\",\"valueRequired\":true,\"valueName\":\"search_term_string\"}}],\"inLanguage\":\"fr-FR\"},{\"@type\":\"Organization\",\"@id\":\"https:\\\/\\\/metrecubic.com\\\/fr\\\/#organization\",\"name\":\"METRECUBIC\",\"url\":\"https:\\\/\\\/metrecubic.com\\\/fr\\\/\",\"logo\":{\"@type\":\"ImageObject\",\"inLanguage\":\"fr-FR\",\"@id\":\"https:\\\/\\\/metrecubic.com\\\/fr\\\/#\\\/schema\\\/logo\\\/image\\\/\",\"url\":\"https:\\\/\\\/metrecubic.com\\\/wp-content\\\/uploads\\\/logo-metrecubic.png\",\"contentUrl\":\"https:\\\/\\\/metrecubic.com\\\/wp-content\\\/uploads\\\/logo-metrecubic.png\",\"width\":159,\"height\":159,\"caption\":\"METRECUBIC\"},\"image\":{\"@id\":\"https:\\\/\\\/metrecubic.com\\\/fr\\\/#\\\/schema\\\/logo\\\/image\\\/\"}}]}<\/script>\n<!-- \/ Yoast SEO plugin. -->","yoast_head_json":{"title":"Transfert hospitalier en toute s\u00e9curit\u00e9 pour la Cl\u00ednica Girona - METRECUBIC","robots":{"index":"index","follow":"follow","max-snippet":"max-snippet:-1","max-image-preview":"max-image-preview:large","max-video-preview":"max-video-preview:-1"},"canonical":"https:\/\/metrecubic.com\/fr\/cas-de-r\u00e9ussite\/transfert-hospitalier-en-toute-securite-pour-la-clinica-girona\/","og_locale":"fr_FR","og_type":"article","og_title":"Transfert hospitalier en toute s\u00e9curit\u00e9 pour la Cl\u00ednica Girona - METRECUBIC","og_description":"Transfert complet de la Clinique de Girona vers son nouveau si\u00e8ge moderne situ\u00e9 sur la Carretera Barcelona 204-206, dans le cadre d\u2019une op\u00e9ration de haute complexit\u00e9 logistique qui a n\u00e9cessit\u00e9 &hellip;","og_url":"https:\/\/metrecubic.com\/fr\/cas-de-r\u00e9ussite\/transfert-hospitalier-en-toute-securite-pour-la-clinica-girona\/","og_site_name":"METRECUBIC","article_modified_time":"2025-05-15T14:44:53+00:00","og_image":[{"width":1500,"height":2000,"url":"https:\/\/metrecubic.com\/wp-content\/uploads\/copia-de-img-20220414-wa0040.jpg","type":"image\/jpeg"}],"twitter_card":"summary_large_image","twitter_misc":{"Dur\u00e9e de lecture estim\u00e9e":"1 minute"},"schema":{"@context":"https:\/\/schema.org","@graph":[{"@type":"WebPage","@id":"https:\/\/metrecubic.com\/fr\/cas-de-r\u00e9ussite\/transfert-hospitalier-en-toute-securite-pour-la-clinica-girona\/","url":"https:\/\/metrecubic.com\/fr\/cas-de-r\u00e9ussite\/transfert-hospitalier-en-toute-securite-pour-la-clinica-girona\/","name":"Transfert hospitalier en toute s\u00e9curit\u00e9 pour la Cl\u00ednica Girona - METRECUBIC","isPartOf":{"@id":"https:\/\/metrecubic.com\/fr\/#website"},"primaryImageOfPage":{"@id":"https:\/\/metrecubic.com\/fr\/cas-de-r\u00e9ussite\/transfert-hospitalier-en-toute-securite-pour-la-clinica-girona\/#primaryimage"},"image":{"@id":"https:\/\/metrecubic.com\/fr\/cas-de-r\u00e9ussite\/transfert-hospitalier-en-toute-securite-pour-la-clinica-girona\/#primaryimage"},"thumbnailUrl":"https:\/\/metrecubic.com\/wp-content\/uploads\/copia-de-img-20220414-wa0040.jpg","datePublished":"2025-04-08T14:28:19+00:00","dateModified":"2025-05-15T14:44:53+00:00","breadcrumb":{"@id":"https:\/\/metrecubic.com\/fr\/cas-de-r\u00e9ussite\/transfert-hospitalier-en-toute-securite-pour-la-clinica-girona\/#breadcrumb"},"inLanguage":"fr-FR","potentialAction":[{"@type":"ReadAction","target":["https:\/\/metrecubic.com\/fr\/cas-de-r\u00e9ussite\/transfert-hospitalier-en-toute-securite-pour-la-clinica-girona\/"]}]},{"@type":"ImageObject","inLanguage":"fr-FR","@id":"https:\/\/metrecubic.com\/fr\/cas-de-r\u00e9ussite\/transfert-hospitalier-en-toute-securite-pour-la-clinica-girona\/#primaryimage","url":"https:\/\/metrecubic.com\/wp-content\/uploads\/copia-de-img-20220414-wa0040.jpg","contentUrl":"https:\/\/metrecubic.com\/wp-content\/uploads\/copia-de-img-20220414-wa0040.jpg","width":1500,"height":2000},{"@type":"BreadcrumbList","@id":"https:\/\/metrecubic.com\/fr\/cas-de-r\u00e9ussite\/transfert-hospitalier-en-toute-securite-pour-la-clinica-girona\/#breadcrumb","itemListElement":[{"@type":"ListItem","position":1,"name":"Portada","item":"https:\/\/metrecubic.com\/fr\/"},{"@type":"ListItem","position":2,"name":"Histoires de r\u00e9ussite","item":"https:\/\/metrecubic.com\/fr\/cas-de-r\u00e9ussite\/"},{"@type":"ListItem","position":3,"name":"Transfert hospitalier en toute s\u00e9curit\u00e9 pour la Cl\u00ednica Girona"}]},{"@type":"WebSite","@id":"https:\/\/metrecubic.com\/fr\/#website","url":"https:\/\/metrecubic.com\/fr\/","name":"METRECUBIC","description":"Mudanzas y trasteros Sabadell y Girona","publisher":{"@id":"https:\/\/metrecubic.com\/fr\/#organization"},"potentialAction":[{"@type":"SearchAction","target":{"@type":"EntryPoint","urlTemplate":"https:\/\/metrecubic.com\/fr\/?s={search_term_string}"},"query-input":{"@type":"PropertyValueSpecification","valueRequired":true,"valueName":"search_term_string"}}],"inLanguage":"fr-FR"},{"@type":"Organization","@id":"https:\/\/metrecubic.com\/fr\/#organization","name":"METRECUBIC","url":"https:\/\/metrecubic.com\/fr\/","logo":{"@type":"ImageObject","inLanguage":"fr-FR","@id":"https:\/\/metrecubic.com\/fr\/#\/schema\/logo\/image\/","url":"https:\/\/metrecubic.com\/wp-content\/uploads\/logo-metrecubic.png","contentUrl":"https:\/\/metrecubic.com\/wp-content\/uploads\/logo-metrecubic.png","width":159,"height":159,"caption":"METRECUBIC"},"image":{"@id":"https:\/\/metrecubic.com\/fr\/#\/schema\/logo\/image\/"}}]}},"_links":{"self":[{"href":"https:\/\/metrecubic.com\/fr\/wp-json\/wp\/v2\/success-stories\/7601","targetHints":{"allow":["GET"]}}],"collection":[{"href":"https:\/\/metrecubic.com\/fr\/wp-json\/wp\/v2\/success-stories"}],"about":[{"href":"https:\/\/metrecubic.com\/fr\/wp-json\/wp\/v2\/types\/success-stories"}],"version-history":[{"count":1,"href":"https:\/\/metrecubic.com\/fr\/wp-json\/wp\/v2\/success-stories\/7601\/revisions"}],"predecessor-version":[{"id":7603,"href":"https:\/\/metrecubic.com\/fr\/wp-json\/wp\/v2\/success-stories\/7601\/revisions\/7603"}],"wp:featuredmedia":[{"embeddable":true,"href":"https:\/\/metrecubic.com\/fr\/wp-json\/wp\/v2\/media\/6537"}],"wp:attachment":[{"href":"https:\/\/metrecubic.com\/fr\/wp-json\/wp\/v2\/media?parent=7601"}],"wp:term":[{"taxonomy":"sector_cat","embeddable":true,"href":"https:\/\/metrecubic.com\/fr\/wp-json\/wp\/v2\/sector_cat?post=7601"}],"curies":[{"name":"wp","href":"https:\/\/api.w.org\/{rel}","templated":true}]}}