{"id":9217,"date":"2025-11-19T07:50:29","date_gmt":"2025-11-19T07:50:29","guid":{"rendered":"https:\/\/metrecubic.com\/departs-nationaux-de-barcelone-commencer-votre-nouvelle-vie-sans-complications\/"},"modified":"2025-11-19T08:10:58","modified_gmt":"2025-11-19T08:10:58","slug":"departs-nationaux-de-barcelone-commencer-votre-nouvelle-vie-sans-complications","status":"publish","type":"post","link":"https:\/\/metrecubic.com\/fr\/blog\/departs-nationaux-de-barcelone-commencer-votre-nouvelle-vie-sans-complications\/","title":{"rendered":"D\u00e9parts nationaux de Barcelone : commencer votre nouvelle vie sans complications"},"content":{"rendered":"\n<h2 class=\"wp-block-heading\">Votre <strong>d\u00e9m\u00e9nagement national commence-t-il \u00e0 Barcelone<\/strong> <strong>?<\/strong> <strong> <\/strong><\/h2>\n\n<p>D\u00e9m\u00e9nager dans une autre ville, c\u2019est bien plus qu\u2019un simple changement de direction : c\u2019est commencer une nouvelle \u00e9tape. Si vous cherchez des <a href=\"https:\/\/metrecubic.com\/fr\/services-speciaux\/demenagements-nationaux\/\"><strong>d\u00e9m\u00e9nagements nationaux \u00e0 Barcelone<\/strong><\/a>, la chose la plus importante est de le faire avec une entreprise qui vous offre confiance, professionnalisme et tranquillit\u00e9 d\u2019esprit tout au long du processus. <\/p>\n\n<p>Chez <strong>Metrecubic<\/strong>, nous comprenons que chaque d\u00e9m\u00e9nagement a son histoire et ses besoins. C\u2019est pourquoi nous planifions chaque d\u00e9m\u00e9nagement national depuis Barcelone de mani\u00e8re personnalis\u00e9e, garantissant un service rapide, s\u00fbr et sans tracas.   <\/p>\n\n<p>Avec des ann\u00e9es d\u2019exp\u00e9rience et des centaines de <strong>d\u00e9m\u00e9nagements nationaux r\u00e9ussis \u00e0 Barcelone<\/strong> , nous sommes l\u2019alli\u00e9 id\u00e9al pour ceux qui recherchent un service s\u00e9rieux et efficace adapt\u00e9 \u00e0 leur rythme.<\/p>\n\n<h2 class=\"wp-block-heading\"><strong>Qu\u2019est-ce que les expulsions nationales <\/strong><strong>de Barcelone<\/strong> <strong>?<\/strong><\/h2>\n\n<p>Les <strong>d\u00e9parts nationaux de Barcelone<\/strong> sont des transferts effectu\u00e9s entre la capitale catalane et toute autre ville d\u2019Espagne, que ce soit pour des raisons personnelles, professionnelles ou familiales. Contrairement \u00e0 un d\u00e9m\u00e9nagement local, qui couvre g\u00e9n\u00e9ralement de courtes distances dans la m\u00eame province, ce type de service implique une planification et une logistique plus d\u00e9taill\u00e9es, adapt\u00e9es \u00e0 l\u2019itin\u00e9raire et au volume du d\u00e9m\u00e9nagement. <\/p>\n\n<p>Chez <strong>Metrecubic<\/strong>, nous organisons <strong>des d\u00e9placements nationaux de Barcelone<\/strong> vers des destinations aussi courantes que <strong>Madrid, Valence, S\u00e9ville, Bilbao ou la Galice<\/strong>, entre autres. Notre objectif est de garantir que vos effets personnels arrivent en parfait \u00e9tat et dans les d\u00e9lais convenus, sans stress ni impr\u00e9vus. <\/p>\n\n<p>Ce service est con\u00e7u pour ceux qui recherchent du confort, de la s\u00e9curit\u00e9 et un traitement de proximit\u00e9 tout au long du processus. De la prise en retrait \u00e0 votre domicile d\u2019origine \u00e0 la livraison et \u00e0 l\u2019assemblage \u00e0 destination, notre \u00e9quipe s\u2019occupe de chaque d\u00e9tail pour rendre l\u2019exp\u00e9rience fluide et s\u00fbre. <\/p>\n\n<h2 class=\"wp-block-heading\"><strong>Comment organiser votre mouvement national \u00e9tape par \u00e9tape<\/strong><\/h2>\n\n<p>Chez <strong>Metrecubic<\/strong>, chaque <strong>projet national de d\u00e9m\u00e9nagement depuis Barcelone<\/strong> est planifi\u00e9 de mani\u00e8re personnalis\u00e9e. Nous savons qu\u2019aucun transfert n\u2019est identique, c\u2019est pourquoi nous adaptons nos ressources et notre planning \u00e0 vos besoins sp\u00e9cifiques. <\/p>\n\n<h3 class=\"wp-block-heading\"><strong>1. Planification personnalis\u00e9e<\/strong><\/h3>\n\n<p>Nous commen\u00e7ons par une visite ou une \u00e9valuation en ligne pour calculer le volume de vos biens et d\u00e9finir les services n\u00e9cessaires. Cela nous permet de vous proposer un devis ferm\u00e9 adapt\u00e9 \u00e0 votre dossier, sans surprises. <\/p>\n\n<h3 class=\"wp-block-heading\"><strong>2. Emballage professionnel<\/strong><\/h3>\n\n<p>Notre \u00e9quipe utilise des mat\u00e9riaux de haute qualit\u00e9 pour prot\u00e9ger les meubles, les appareils \u00e9lectrom\u00e9nagers et les objets fragiles. <strong>Les d\u00e9m\u00e9nagements nationaux de Barcelone<\/strong> n\u00e9cessitent un emballage r\u00e9sistant au transport longue distance, c\u2019est pourquoi nous prenons soin de chaque d\u00e9tail. <\/p>\n\n<h3 class=\"wp-block-heading\"><strong>3. Transport s\u00fbr<\/strong><\/h3>\n\n<p>Nous disposons d\u2019une flotte moderne de v\u00e9hicules adapt\u00e9s pour de longues distances, avec des syst\u00e8mes de fixation et un contr\u00f4le de temp\u00e9rature lorsque n\u00e9cessaire. Cela garantit que tout arrive en parfait \u00e9tat, sans dommages ni retards. <\/p>\n\n<h3 class=\"wp-block-heading\"><strong>4. Livraison et assemblage \u00e0 destination<\/strong><\/h3>\n\n<p>Une fois arriv\u00e9s \u00e0 la nouvelle adresse, nous d\u00e9chargeons et placons les meubles \u00e0 l\u2019endroit indiqu\u00e9. Si vous le souhaitez, nous proposons \u00e9galement le service <strong>d\u2019assemblage et de retrait des emballages<\/strong> , afin que vous puissiez vous installer imm\u00e9diatement. <\/p>\n\n<p>En r\u00e9sum\u00e9, notre mani\u00e8re de travailler sur <strong>les d\u00e9placements nationaux de Barcelone<\/strong> allie efficacit\u00e9, s\u00e9curit\u00e9 et attention personnalis\u00e9e. Chaque \u00e9tape est con\u00e7ue pour rendre votre transfert confortable, agile et sans souci. <\/p>\n\n<h2 class=\"wp-block-heading\"><strong>Avantages de faire confiance \u00e0 Metrecubic pour votre d\u00e9m\u00e9nagement national<\/strong><\/h2>\n\n<p>Choisir bien votre <strong>entreprise nationale de d\u00e9m\u00e9nagement \u00e0 Barcelone<\/strong> peut faire la diff\u00e9rence entre un transfert sans accroc ou une exp\u00e9rience pleine d\u2019impr\u00e9vus. Chez <strong>Metrecubic<\/strong>, nous proposons un service complet et professionnel adapt\u00e9 \u00e0 vous. Voici quelques-uns de nos principaux avantages :  <\/p>\n\n<ul class=\"wp-block-list\">\n<li><strong>Exp\u00e9rience prouv\u00e9e :<\/strong> nous avons des ann\u00e9es d\u2019exp\u00e9rience dans la r\u00e9alisation <strong>de d\u00e9placements nationaux de Barcelone<\/strong> vers toutes les r\u00e9gions de l\u2019Espagne.<br\/><\/li>\n\n\n\n<li><strong>Couverture totale :<\/strong> nous atteignons toutes les destinations nationales, des grandes capitales aux petites villes.<br\/><\/li>\n\n\n\n<li><strong>\u00c9quipe professionnelle :<\/strong> Nos op\u00e9rateurs sont form\u00e9s \u00e0 l\u2019emballage, la manipulation et le transport s\u00e9curis\u00e9s de meubles et d\u2019objets d\u00e9licats.<br\/><\/li>\n\n\n\n<li><strong>V\u00e9hicules propres et adapt\u00e9s :<\/strong> flotte moderne \u00e9quip\u00e9e pour de longues distances, garantissant stabilit\u00e9 et protection pendant le trajet.<br\/><\/li>\n\n\n\n<li><strong>Assurance incluse :<\/strong> tous les d\u00e9m\u00e9nagements nationaux que nous r\u00e9alisons depuis Barcelone sont couverts en cas d\u2019incidents potentiels.<br\/><\/li>\n\n\n\n<li><strong>Horaires flexibles :<\/strong> nous adaptons le jour et l\u2019heure du transfert \u00e0 votre disponibilit\u00e9 pour faciliter l\u2019organisation.<br\/><\/li>\n\n\n\n<li><strong>Attention personnalis\u00e9e :<\/strong> chaque client dispose d\u2019un contact direct qui supervise l\u2019ensemble du processus du d\u00e9but \u00e0 la fin.<br\/><\/li>\n\n\n\n<li><strong>Solutions compl\u00e8tes :<\/strong> si vous en avez besoin, vous pouvez compl\u00e9ter votre d\u00e9m\u00e9nagement avec nos services de stockage et de stockage temporaire.<\/li>\n<\/ul>\n\n<p>Avec <strong>Metrecubic<\/strong>, votre transfert national depuis Barcelone sera entre les mains de professionnels qui s\u2019occupent de tout afin que vous n\u2019ayez \u00e0 vous soucier de rien.<\/p>\n\n<h2 class=\"wp-block-heading\"><strong>Cas r\u00e9els de <\/strong><strong>d\u00e9placements nationaux de Barcelone<\/strong><\/h2>\n\n<p>Chez <strong>Metrecubic<\/strong>, chaque mouvement raconte une histoire. Au fil des ann\u00e9es, nous avons aid\u00e9 des centaines de familles et d\u2019entreprises \u00e0 d\u00e9m\u00e9nager de Barcelone vers diff\u00e9rentes villes d\u2019Espagne, toujours avec le m\u00eame engagement : offrir un service s\u00fbr, rapide et sans tracas. <\/p>\n\n<p>Nos projets incluent <strong>des d\u00e9placements nationaux de Barcelone<\/strong><strong> \u00e0 Madrid, Majorque, S\u00e9ville ou Bilbao<\/strong>, des itin\u00e9raires n\u00e9cessitant une planification pr\u00e9cise et une \u00e9quipe d\u2019experts en logistique. Chaque cas est diff\u00e9rent, mais le r\u00e9sultat reste toujours le m\u00eame : des clients satisfaits qui entament une nouvelle \u00e9tape avec une tranquillit\u00e9 d\u2019esprit totale. <\/p>\n\n<p>Si vous souhaitez conna\u00eetre des exemples pr\u00e9cis de notre fonctionnement, nous vous invitons \u00e0 lire nos <a href=\"https:\/\/metrecubic.com\/fr\/sectores\/demenagements-nationaux\/\"><strong>histoires de r\u00e9ussite sur les expulsions nationales<\/strong><\/a>, o\u00f9 nous montrons le processus, les d\u00e9fis surmont\u00e9s et les r\u00e9sultats obtenus lors des diff\u00e9rents transferts r\u00e9alis\u00e9s par notre \u00e9quipe.<\/p>\n\n<p>\u00catre inspir\u00e9 par ces exp\u00e9riences vous aidera \u00e0 comprendre pourquoi de plus en plus de personnes font confiance \u00e0 Metrecubic pour leurs <strong>d\u00e9m\u00e9nagements nationaux depuis Barcelone<\/strong>.<\/p>\n\n<h2 class=\"wp-block-heading\"><strong>Conseils utiles pour se pr\u00e9parer \u00e0 un d\u00e9m\u00e9nagement national<\/strong><\/h2>\n\n<p>Organiser un <strong>d\u00e9m\u00e9nagement national depuis Barcelone<\/strong> peut sembler une t\u00e2che \u00e9norme, mais avec une bonne planification, tout devient bien plus simple. Chez <strong>Metrecubic<\/strong>, nous accompagnons nos clients \u00e0 chaque \u00e9tape, c\u2019est pourquoi nous partageons quelques conseils qui vous aideront \u00e0 vous pr\u00e9parer au transfert sans stress. <\/p>\n\n<ul class=\"wp-block-list\">\n<li><strong>Commencez t\u00f4t.<\/strong>  Plus vous planifiez votre d\u00e9m\u00e9nagement t\u00f4t, mieux vous pourrez organiser les dates, les permis et les services suppl\u00e9mentaires comme l\u2019emballage ou le stockage.<br\/><\/li>\n\n\n\n<li><strong>Fais un pr\u00e9-nettoyage.<\/strong>  Profitez de ce changement pour vous d\u00e9barrasser de ce dont vous n\u2019avez plus besoin. Vous r\u00e9duirez le volume et \u00e9conomiserez sur votre budget de transport. <br\/><\/li>\n\n\n\n<li><strong>\u00c9tiquetez vos cartons.<\/strong>  Indiquez clairement le contenu et la pi\u00e8ce cibl\u00e9e. Vous faciliterez le d\u00e9ballage et le placement dans votre nouveau chez-vous. <br\/><\/li>\n\n\n\n<li><strong>Prot\u00e8ge les objets d\u00e9licats.<\/strong>  Utilisez des mat\u00e9riaux adapt\u00e9s ou faites appel au service professionnel d\u2019emballage de Metrecubic pour \u00e9viter les dommages.<br\/><\/li>\n\n\n\n<li><strong>Envisagez un stockage temporaire.<\/strong> Si vous ne pouvez pas vous installer imm\u00e9diatement, vous pouvez entreposer vos affaires dans nos <strong>r\u00e9serves de location s\u00fbres et accessibles \u00e0 Barcelone<\/strong>.<br\/><\/li>\n\n\n\n<li><strong>V\u00e9rifiez l\u2019assurance de votre d\u00e9m\u00e9nagement.<\/strong> Tous nos <strong>d\u00e9m\u00e9nagements nationaux depuis Barcelone<\/strong> incluent une couverture pour d\u2019\u00e9ventuels incidents lors du transport.<\/li>\n<\/ul>\n\n<p>Avec ces \u00e9tapes, votre d\u00e9m\u00e9nagement sera plus organis\u00e9, \u00e9conomique et sans surprises. Et si vous pr\u00e9f\u00e9rez tout laisser entre des mains expertes, notre \u00e9quipe prendra en charge tout le processus du d\u00e9but \u00e0 la fin. <\/p>\n\n<h2 class=\"wp-block-heading\"><strong>Votre coup national, entre des mains expertes<\/strong><\/h2>\n\n<p>Organiser un <a href=\"https:\/\/metrecubic.com\/fr\/services-speciaux\/demenagements-nationaux\/\"><strong>d\u00e9m\u00e9nagement national depuis Barcelone<\/strong><\/a> peut \u00eatre facile si vous disposez du bon \u00e9quipement. Chez <strong>Metrecubic<\/strong> , nous prenons soin de chaque d\u00e9tail afin que votre transfert soit rapide, s\u00fbr et sans tracas. <\/p>\n\n<p>Faites confiance \u00e0 des professionnels exp\u00e9riment\u00e9s et commencez votre nouvelle \u00e9tape avec une tranquillit\u00e9 d\u2019esprit totale. <strong>Demandez votre devis gratuit<\/strong> et d\u00e9couvrez pourquoi tant de personnes choisissent Metrecubic pour leurs <strong>d\u00e9m\u00e9nagements nationaux de Barcelone<\/strong>.<\/p>\n\n<h2 class=\"wp-block-heading\"><strong>Foire aux questions sur <\/strong><strong>les expulsions nationales de Barcelone<\/strong><\/h2>\n\n<h3 class=\"wp-block-heading\"><strong>Combien co\u00fbte un <\/strong><strong>d\u00e9m\u00e9nagement national depuis Barcelone<\/strong> <strong>?<\/strong><\/h3>\n\n<p>Le prix d\u00e9pend de la destination, du volume de mobilier et des services suppl\u00e9mentaires tels que l\u2019emballage ou l\u2019assemblage. Chez Metrecubic, nous pr\u00e9parons des devis personnalis\u00e9s et sans engagement afin que vous sachiez exactement combien votre d\u00e9m\u00e9nagement vous co\u00fbtera. <\/p>\n\n<h3 class=\"wp-block-heading\"><strong>Combien de temps dure un d\u00e9m\u00e9nagement int\u00e9rieur ?<\/strong><\/h3>\n\n<p>En g\u00e9n\u00e9ral, entre 1 et 3 jours. Tout d\u00e9pend de la distance et du niveau de service contract\u00e9. Nos d\u00e9m\u00e9nagements nationaux depuis Barcelone sont con\u00e7us pour \u00eatre rapides, s\u00fbrs et ponctuels.  <\/p>\n\n<h3 class=\"wp-block-heading\"><strong>Puis-je ne louer que du transport ?<\/strong><\/h3>\n\n<p>Oui. Nous proposons diff\u00e9rentes modalit\u00e9s selon vos besoins : du transport uniquement \u00e0 un service complet avec emballage, chargement, d\u00e9chargement et assemblage. <\/p>\n\n<h3 class=\"wp-block-heading\"><strong>Que se passe-t-il si je dois ranger mes affaires avant ou apr\u00e8s le d\u00e9m\u00e9nagement ?<\/strong><\/h3>\n\n<p>Nous disposons de d\u00e9barras \u00e0 Barcelone et dans d\u2019autres endroits o\u00f9 vous pouvez stocker vos affaires aussi longtemps que n\u00e9cessaire, avec une s\u00e9curit\u00e9 totale et un acc\u00e8s pratique.<\/p>\n\n<h3 class=\"wp-block-heading\"><strong>Puis-je demander mon devis en ligne ?<\/strong><\/h3>\n\n<p>Bien s\u00fbr. Il vous suffit de remplir le formulaire de contact sur notre site web et en quelques heures vous recevrez une proposition adapt\u00e9e \u00e0 votre dossier. <\/p>\n","protected":false},"excerpt":{"rendered":"<p>Votre d\u00e9m\u00e9nagement national commence-t-il \u00e0 Barcelone ? D\u00e9m\u00e9nager dans une autre ville, c\u2019est bien plus qu\u2019un simple changement de direction : c\u2019est commencer une nouvelle \u00e9tape. Si vous cherchez des &hellip;<\/p>\n","protected":false},"author":1,"featured_media":9218,"comment_status":"closed","ping_status":"closed","sticky":false,"template":"","format":"standard","meta":{"_acf_changed":false,"footnotes":""},"categories":[152],"tags":[],"class_list":["post-9217","post","type-post","status-publish","format-standard","has-post-thumbnail","hentry","category-demenagements"],"acf":[],"yoast_head":"<!-- This site is optimized with the Yoast SEO plugin v27.4 - https:\/\/yoast.com\/product\/yoast-seo-wordpress\/ -->\n<title>D\u00e9parts nationaux de Barcelone : commencer votre nouvelle vie sans complications<\/title>\n<meta name=\"description\" content=\"Expulsions nationales de Barcelone avec Metrecubic : rapidit\u00e9, s\u00e9curit\u00e9 et traitement professionnel \u00e0 chaque transfert.\" \/>\n<meta name=\"robots\" content=\"index, follow, max-snippet:-1, max-image-preview:large, max-video-preview:-1\" \/>\n<link rel=\"canonical\" href=\"https:\/\/metrecubic.com\/fr\/blog\/departs-nationaux-de-barcelone-commencer-votre-nouvelle-vie-sans-complications\/\" \/>\n<meta property=\"og:locale\" content=\"fr_FR\" \/>\n<meta property=\"og:type\" content=\"article\" \/>\n<meta property=\"og:title\" content=\"D\u00e9parts nationaux de Barcelone : commencer votre nouvelle vie sans complications\" \/>\n<meta property=\"og:description\" content=\"Expulsions nationales de Barcelone avec Metrecubic : rapidit\u00e9, s\u00e9curit\u00e9 et traitement professionnel \u00e0 chaque transfert.\" \/>\n<meta property=\"og:url\" content=\"https:\/\/metrecubic.com\/fr\/blog\/departs-nationaux-de-barcelone-commencer-votre-nouvelle-vie-sans-complications\/\" \/>\n<meta property=\"og:site_name\" content=\"METRECUBIC\" \/>\n<meta property=\"article:published_time\" content=\"2025-11-19T07:50:29+00:00\" \/>\n<meta property=\"article:modified_time\" content=\"2025-11-19T08:10:58+00:00\" \/>\n<meta property=\"og:image\" content=\"https:\/\/metrecubic.com\/wp-content\/uploads\/IMG-20230221-WA0002-1.jpg\" \/>\n\t<meta property=\"og:image:width\" content=\"2048\" \/>\n\t<meta property=\"og:image:height\" content=\"1537\" \/>\n\t<meta property=\"og:image:type\" content=\"image\/jpeg\" \/>\n<meta name=\"author\" content=\"emfasi\" \/>\n<meta name=\"twitter:card\" content=\"summary_large_image\" \/>\n<meta name=\"twitter:label1\" content=\"\u00c9crit par\" \/>\n\t<meta name=\"twitter:data1\" content=\"emfasi\" \/>\n\t<meta name=\"twitter:label2\" content=\"Dur\u00e9e de lecture estim\u00e9e\" \/>\n\t<meta name=\"twitter:data2\" content=\"8 minutes\" \/>\n<script type=\"application\/ld+json\" class=\"yoast-schema-graph\">{\"@context\":\"https:\\\/\\\/schema.org\",\"@graph\":[{\"@type\":\"Article\",\"@id\":\"https:\\\/\\\/metrecubic.com\\\/fr\\\/blog\\\/departs-nationaux-de-barcelone-commencer-votre-nouvelle-vie-sans-complications\\\/#article\",\"isPartOf\":{\"@id\":\"https:\\\/\\\/metrecubic.com\\\/fr\\\/blog\\\/departs-nationaux-de-barcelone-commencer-votre-nouvelle-vie-sans-complications\\\/\"},\"author\":{\"name\":\"emfasi\",\"@id\":\"https:\\\/\\\/metrecubic.com\\\/fr\\\/#\\\/schema\\\/person\\\/a6ff476231cc7e78ec40fed152bcb241\"},\"headline\":\"D\u00e9parts nationaux de Barcelone : commencer votre nouvelle vie sans complications\",\"datePublished\":\"2025-11-19T07:50:29+00:00\",\"dateModified\":\"2025-11-19T08:10:58+00:00\",\"mainEntityOfPage\":{\"@id\":\"https:\\\/\\\/metrecubic.com\\\/fr\\\/blog\\\/departs-nationaux-de-barcelone-commencer-votre-nouvelle-vie-sans-complications\\\/\"},\"wordCount\":1642,\"publisher\":{\"@id\":\"https:\\\/\\\/metrecubic.com\\\/fr\\\/#organization\"},\"image\":{\"@id\":\"https:\\\/\\\/metrecubic.com\\\/fr\\\/blog\\\/departs-nationaux-de-barcelone-commencer-votre-nouvelle-vie-sans-complications\\\/#primaryimage\"},\"thumbnailUrl\":\"https:\\\/\\\/metrecubic.com\\\/wp-content\\\/uploads\\\/IMG-20230221-WA0002-1.jpg\",\"articleSection\":[\"D\u00e9m\u00e9nagements\"],\"inLanguage\":\"fr-FR\"},{\"@type\":\"WebPage\",\"@id\":\"https:\\\/\\\/metrecubic.com\\\/fr\\\/blog\\\/departs-nationaux-de-barcelone-commencer-votre-nouvelle-vie-sans-complications\\\/\",\"url\":\"https:\\\/\\\/metrecubic.com\\\/fr\\\/blog\\\/departs-nationaux-de-barcelone-commencer-votre-nouvelle-vie-sans-complications\\\/\",\"name\":\"D\u00e9parts nationaux de Barcelone : commencer votre nouvelle vie sans complications\",\"isPartOf\":{\"@id\":\"https:\\\/\\\/metrecubic.com\\\/fr\\\/#website\"},\"primaryImageOfPage\":{\"@id\":\"https:\\\/\\\/metrecubic.com\\\/fr\\\/blog\\\/departs-nationaux-de-barcelone-commencer-votre-nouvelle-vie-sans-complications\\\/#primaryimage\"},\"image\":{\"@id\":\"https:\\\/\\\/metrecubic.com\\\/fr\\\/blog\\\/departs-nationaux-de-barcelone-commencer-votre-nouvelle-vie-sans-complications\\\/#primaryimage\"},\"thumbnailUrl\":\"https:\\\/\\\/metrecubic.com\\\/wp-content\\\/uploads\\\/IMG-20230221-WA0002-1.jpg\",\"datePublished\":\"2025-11-19T07:50:29+00:00\",\"dateModified\":\"2025-11-19T08:10:58+00:00\",\"description\":\"Expulsions nationales de Barcelone avec Metrecubic : rapidit\u00e9, s\u00e9curit\u00e9 et traitement professionnel \u00e0 chaque transfert.\",\"breadcrumb\":{\"@id\":\"https:\\\/\\\/metrecubic.com\\\/fr\\\/blog\\\/departs-nationaux-de-barcelone-commencer-votre-nouvelle-vie-sans-complications\\\/#breadcrumb\"},\"inLanguage\":\"fr-FR\",\"potentialAction\":[{\"@type\":\"ReadAction\",\"target\":[\"https:\\\/\\\/metrecubic.com\\\/fr\\\/blog\\\/departs-nationaux-de-barcelone-commencer-votre-nouvelle-vie-sans-complications\\\/\"]}]},{\"@type\":\"ImageObject\",\"inLanguage\":\"fr-FR\",\"@id\":\"https:\\\/\\\/metrecubic.com\\\/fr\\\/blog\\\/departs-nationaux-de-barcelone-commencer-votre-nouvelle-vie-sans-complications\\\/#primaryimage\",\"url\":\"https:\\\/\\\/metrecubic.com\\\/wp-content\\\/uploads\\\/IMG-20230221-WA0002-1.jpg\",\"contentUrl\":\"https:\\\/\\\/metrecubic.com\\\/wp-content\\\/uploads\\\/IMG-20230221-WA0002-1.jpg\",\"width\":2048,\"height\":1537},{\"@type\":\"BreadcrumbList\",\"@id\":\"https:\\\/\\\/metrecubic.com\\\/fr\\\/blog\\\/departs-nationaux-de-barcelone-commencer-votre-nouvelle-vie-sans-complications\\\/#breadcrumb\",\"itemListElement\":[{\"@type\":\"ListItem\",\"position\":1,\"name\":\"Portada\",\"item\":\"https:\\\/\\\/metrecubic.com\\\/fr\\\/\"},{\"@type\":\"ListItem\",\"position\":2,\"name\":\"D\u00e9parts nationaux de Barcelone : commencer votre nouvelle vie sans complications\"}]},{\"@type\":\"WebSite\",\"@id\":\"https:\\\/\\\/metrecubic.com\\\/fr\\\/#website\",\"url\":\"https:\\\/\\\/metrecubic.com\\\/fr\\\/\",\"name\":\"METRECUBIC\",\"description\":\"Mudanzas y trasteros Sabadell y Girona\",\"publisher\":{\"@id\":\"https:\\\/\\\/metrecubic.com\\\/fr\\\/#organization\"},\"potentialAction\":[{\"@type\":\"SearchAction\",\"target\":{\"@type\":\"EntryPoint\",\"urlTemplate\":\"https:\\\/\\\/metrecubic.com\\\/fr\\\/?s={search_term_string}\"},\"query-input\":{\"@type\":\"PropertyValueSpecification\",\"valueRequired\":true,\"valueName\":\"search_term_string\"}}],\"inLanguage\":\"fr-FR\"},{\"@type\":\"Organization\",\"@id\":\"https:\\\/\\\/metrecubic.com\\\/fr\\\/#organization\",\"name\":\"METRECUBIC\",\"url\":\"https:\\\/\\\/metrecubic.com\\\/fr\\\/\",\"logo\":{\"@type\":\"ImageObject\",\"inLanguage\":\"fr-FR\",\"@id\":\"https:\\\/\\\/metrecubic.com\\\/fr\\\/#\\\/schema\\\/logo\\\/image\\\/\",\"url\":\"https:\\\/\\\/metrecubic.com\\\/wp-content\\\/uploads\\\/logo-metrecubic.png\",\"contentUrl\":\"https:\\\/\\\/metrecubic.com\\\/wp-content\\\/uploads\\\/logo-metrecubic.png\",\"width\":159,\"height\":159,\"caption\":\"METRECUBIC\"},\"image\":{\"@id\":\"https:\\\/\\\/metrecubic.com\\\/fr\\\/#\\\/schema\\\/logo\\\/image\\\/\"}},{\"@type\":\"Person\",\"@id\":\"https:\\\/\\\/metrecubic.com\\\/fr\\\/#\\\/schema\\\/person\\\/a6ff476231cc7e78ec40fed152bcb241\",\"name\":\"emfasi\",\"sameAs\":[\"https:\\\/\\\/metrecubic.com\"],\"url\":\"https:\\\/\\\/metrecubic.com\\\/fr\\\/author\\\/emfasi\\\/\"}]}<\/script>\n<!-- \/ Yoast SEO plugin. -->","yoast_head_json":{"title":"D\u00e9parts nationaux de Barcelone : commencer votre nouvelle vie sans complications","description":"Expulsions nationales de Barcelone avec Metrecubic : rapidit\u00e9, s\u00e9curit\u00e9 et traitement professionnel \u00e0 chaque transfert.","robots":{"index":"index","follow":"follow","max-snippet":"max-snippet:-1","max-image-preview":"max-image-preview:large","max-video-preview":"max-video-preview:-1"},"canonical":"https:\/\/metrecubic.com\/fr\/blog\/departs-nationaux-de-barcelone-commencer-votre-nouvelle-vie-sans-complications\/","og_locale":"fr_FR","og_type":"article","og_title":"D\u00e9parts nationaux de Barcelone : commencer votre nouvelle vie sans complications","og_description":"Expulsions nationales de Barcelone avec Metrecubic : rapidit\u00e9, s\u00e9curit\u00e9 et traitement professionnel \u00e0 chaque transfert.","og_url":"https:\/\/metrecubic.com\/fr\/blog\/departs-nationaux-de-barcelone-commencer-votre-nouvelle-vie-sans-complications\/","og_site_name":"METRECUBIC","article_published_time":"2025-11-19T07:50:29+00:00","article_modified_time":"2025-11-19T08:10:58+00:00","og_image":[{"width":2048,"height":1537,"url":"https:\/\/metrecubic.com\/wp-content\/uploads\/IMG-20230221-WA0002-1.jpg","type":"image\/jpeg"}],"author":"emfasi","twitter_card":"summary_large_image","twitter_misc":{"\u00c9crit par":"emfasi","Dur\u00e9e de lecture estim\u00e9e":"8 minutes"},"schema":{"@context":"https:\/\/schema.org","@graph":[{"@type":"Article","@id":"https:\/\/metrecubic.com\/fr\/blog\/departs-nationaux-de-barcelone-commencer-votre-nouvelle-vie-sans-complications\/#article","isPartOf":{"@id":"https:\/\/metrecubic.com\/fr\/blog\/departs-nationaux-de-barcelone-commencer-votre-nouvelle-vie-sans-complications\/"},"author":{"name":"emfasi","@id":"https:\/\/metrecubic.com\/fr\/#\/schema\/person\/a6ff476231cc7e78ec40fed152bcb241"},"headline":"D\u00e9parts nationaux de Barcelone : commencer votre nouvelle vie sans complications","datePublished":"2025-11-19T07:50:29+00:00","dateModified":"2025-11-19T08:10:58+00:00","mainEntityOfPage":{"@id":"https:\/\/metrecubic.com\/fr\/blog\/departs-nationaux-de-barcelone-commencer-votre-nouvelle-vie-sans-complications\/"},"wordCount":1642,"publisher":{"@id":"https:\/\/metrecubic.com\/fr\/#organization"},"image":{"@id":"https:\/\/metrecubic.com\/fr\/blog\/departs-nationaux-de-barcelone-commencer-votre-nouvelle-vie-sans-complications\/#primaryimage"},"thumbnailUrl":"https:\/\/metrecubic.com\/wp-content\/uploads\/IMG-20230221-WA0002-1.jpg","articleSection":["D\u00e9m\u00e9nagements"],"inLanguage":"fr-FR"},{"@type":"WebPage","@id":"https:\/\/metrecubic.com\/fr\/blog\/departs-nationaux-de-barcelone-commencer-votre-nouvelle-vie-sans-complications\/","url":"https:\/\/metrecubic.com\/fr\/blog\/departs-nationaux-de-barcelone-commencer-votre-nouvelle-vie-sans-complications\/","name":"D\u00e9parts nationaux de Barcelone : commencer votre nouvelle vie sans complications","isPartOf":{"@id":"https:\/\/metrecubic.com\/fr\/#website"},"primaryImageOfPage":{"@id":"https:\/\/metrecubic.com\/fr\/blog\/departs-nationaux-de-barcelone-commencer-votre-nouvelle-vie-sans-complications\/#primaryimage"},"image":{"@id":"https:\/\/metrecubic.com\/fr\/blog\/departs-nationaux-de-barcelone-commencer-votre-nouvelle-vie-sans-complications\/#primaryimage"},"thumbnailUrl":"https:\/\/metrecubic.com\/wp-content\/uploads\/IMG-20230221-WA0002-1.jpg","datePublished":"2025-11-19T07:50:29+00:00","dateModified":"2025-11-19T08:10:58+00:00","description":"Expulsions nationales de Barcelone avec Metrecubic : rapidit\u00e9, s\u00e9curit\u00e9 et traitement professionnel \u00e0 chaque transfert.","breadcrumb":{"@id":"https:\/\/metrecubic.com\/fr\/blog\/departs-nationaux-de-barcelone-commencer-votre-nouvelle-vie-sans-complications\/#breadcrumb"},"inLanguage":"fr-FR","potentialAction":[{"@type":"ReadAction","target":["https:\/\/metrecubic.com\/fr\/blog\/departs-nationaux-de-barcelone-commencer-votre-nouvelle-vie-sans-complications\/"]}]},{"@type":"ImageObject","inLanguage":"fr-FR","@id":"https:\/\/metrecubic.com\/fr\/blog\/departs-nationaux-de-barcelone-commencer-votre-nouvelle-vie-sans-complications\/#primaryimage","url":"https:\/\/metrecubic.com\/wp-content\/uploads\/IMG-20230221-WA0002-1.jpg","contentUrl":"https:\/\/metrecubic.com\/wp-content\/uploads\/IMG-20230221-WA0002-1.jpg","width":2048,"height":1537},{"@type":"BreadcrumbList","@id":"https:\/\/metrecubic.com\/fr\/blog\/departs-nationaux-de-barcelone-commencer-votre-nouvelle-vie-sans-complications\/#breadcrumb","itemListElement":[{"@type":"ListItem","position":1,"name":"Portada","item":"https:\/\/metrecubic.com\/fr\/"},{"@type":"ListItem","position":2,"name":"D\u00e9parts nationaux de Barcelone : commencer votre nouvelle vie sans complications"}]},{"@type":"WebSite","@id":"https:\/\/metrecubic.com\/fr\/#website","url":"https:\/\/metrecubic.com\/fr\/","name":"METRECUBIC","description":"Mudanzas y trasteros Sabadell y Girona","publisher":{"@id":"https:\/\/metrecubic.com\/fr\/#organization"},"potentialAction":[{"@type":"SearchAction","target":{"@type":"EntryPoint","urlTemplate":"https:\/\/metrecubic.com\/fr\/?s={search_term_string}"},"query-input":{"@type":"PropertyValueSpecification","valueRequired":true,"valueName":"search_term_string"}}],"inLanguage":"fr-FR"},{"@type":"Organization","@id":"https:\/\/metrecubic.com\/fr\/#organization","name":"METRECUBIC","url":"https:\/\/metrecubic.com\/fr\/","logo":{"@type":"ImageObject","inLanguage":"fr-FR","@id":"https:\/\/metrecubic.com\/fr\/#\/schema\/logo\/image\/","url":"https:\/\/metrecubic.com\/wp-content\/uploads\/logo-metrecubic.png","contentUrl":"https:\/\/metrecubic.com\/wp-content\/uploads\/logo-metrecubic.png","width":159,"height":159,"caption":"METRECUBIC"},"image":{"@id":"https:\/\/metrecubic.com\/fr\/#\/schema\/logo\/image\/"}},{"@type":"Person","@id":"https:\/\/metrecubic.com\/fr\/#\/schema\/person\/a6ff476231cc7e78ec40fed152bcb241","name":"emfasi","sameAs":["https:\/\/metrecubic.com"],"url":"https:\/\/metrecubic.com\/fr\/author\/emfasi\/"}]}},"_links":{"self":[{"href":"https:\/\/metrecubic.com\/fr\/wp-json\/wp\/v2\/posts\/9217","targetHints":{"allow":["GET"]}}],"collection":[{"href":"https:\/\/metrecubic.com\/fr\/wp-json\/wp\/v2\/posts"}],"about":[{"href":"https:\/\/metrecubic.com\/fr\/wp-json\/wp\/v2\/types\/post"}],"author":[{"embeddable":true,"href":"https:\/\/metrecubic.com\/fr\/wp-json\/wp\/v2\/users\/1"}],"replies":[{"embeddable":true,"href":"https:\/\/metrecubic.com\/fr\/wp-json\/wp\/v2\/comments?post=9217"}],"version-history":[{"count":3,"href":"https:\/\/metrecubic.com\/fr\/wp-json\/wp\/v2\/posts\/9217\/revisions"}],"predecessor-version":[{"id":9226,"href":"https:\/\/metrecubic.com\/fr\/wp-json\/wp\/v2\/posts\/9217\/revisions\/9226"}],"wp:featuredmedia":[{"embeddable":true,"href":"https:\/\/metrecubic.com\/fr\/wp-json\/wp\/v2\/media\/9218"}],"wp:attachment":[{"href":"https:\/\/metrecubic.com\/fr\/wp-json\/wp\/v2\/media?parent=9217"}],"wp:term":[{"taxonomy":"category","embeddable":true,"href":"https:\/\/metrecubic.com\/fr\/wp-json\/wp\/v2\/categories?post=9217"},{"taxonomy":"post_tag","embeddable":true,"href":"https:\/\/metrecubic.com\/fr\/wp-json\/wp\/v2\/tags?post=9217"}],"curies":[{"name":"wp","href":"https:\/\/api.w.org\/{rel}","templated":true}]}}