{"id":9083,"date":"2025-10-15T14:54:00","date_gmt":"2025-10-15T14:54:00","guid":{"rendered":"https:\/\/metrecubic.com\/?p=9083"},"modified":"2025-09-29T11:58:08","modified_gmt":"2025-09-29T11:58:08","slug":"tout-ce-que-vous-devez-savoir-sur-les-monte-charges-de-demenagement-a-barcelone","status":"publish","type":"post","link":"https:\/\/metrecubic.com\/fr\/blog\/tout-ce-que-vous-devez-savoir-sur-les-monte-charges-de-demenagement-a-barcelone\/","title":{"rendered":"Tout ce que vous devez savoir sur les monte-charges de d\u00e9m\u00e9nagement \u00e0 Barcelone"},"content":{"rendered":"\n<h2 class=\"wp-block-heading\"><strong>D\u00e9m\u00e9nagements avec monte-meuble&nbsp;<\/strong><strong>: une solution pratique \u00e0 Barcelone<\/strong><\/h2>\n\n\n\n<p>Si vous envisagez de r\u00e9aliser un d\u00e9m\u00e9nagement en ville, disposer d\u2019un monte-charge peut \u00eatre la solution la plus pratique, la plus rapide et la plus s\u00fbre.&nbsp; Chez Metrecubic, nous offrons un service sp\u00e9cialis\u00e9 de d\u00e9m\u00e9nagements avec monte-meuble \u00e0 Barcelone, con\u00e7u pour d\u00e9placer les meubles et les objets lourds en toute facilit\u00e9 dans des immeubles pouvant atteindre jusqu\u2019\u00e0 10 \u00e9tages.<\/p>\n\n\n\n<p>Ce syst\u00e8me se r\u00e9v\u00e8le particuli\u00e8rement utile dans les immeubles non \u00e9quip\u00e9s d\u2019ascenseur, pr\u00e9sentant des acc\u00e8s difficiles ou des entr\u00e9es \u00e9troites, o\u00f9 un d\u00e9m\u00e9nagement classique devient un v\u00e9ritable d\u00e9fi. Gr\u00e2ce \u00e0 nos monte-charges de d\u00e9m\u00e9nagement, nous \u00e9vitons les man\u0153uvres compliqu\u00e9es et garantissons que vos biens arrivent en parfait \u00e9tat et plus rapidement \u00e0 destination.<\/p>\n\n\n\n<h2 class=\"wp-block-heading\"><strong>Caract\u00e9ristiques techniques du monte-meuble de Metrecubic<\/strong><\/h2>\n\n\n\n<p>Chez Metrecubic, nous mettons \u00e0 votre disposition un service de monte-charge de d\u00e9m\u00e9nagement adapt\u00e9 \u00e0 tout type de d\u00e9m\u00e9nagement, qu\u2019il s\u2019agisse d\u2019un appartement, d\u2019un bureau ou d\u2019un local commercial.<\/p>\n\n\n\n<ul class=\"wp-block-list\">\n<li><strong>Hauteur maximale de 30\u00a0m\u00e8tres<\/strong>, soit l\u2019\u00e9quivalent de 10\u00a0\u00e9tages.<\/li>\n\n\n\n<li><strong>Capacit\u00e9 de charge allant jusqu\u2019\u00e0 400\u00a0kg<\/strong>, ce qui est id\u00e9al pour les meubles lourds, les appareils \u00e9lectrom\u00e9nagers ou encore les \u00e9quipements de bureau.<\/li>\n\n\n\n<li><strong>Service avec op\u00e9rateur inclus<\/strong>, garantissant ainsi des man\u0153uvres s\u00fbres et professionnelles.<\/li>\n\n\n\n<li><strong>Gestion des autorisations d\u2019occupation de la voie publique<\/strong>, une d\u00e9marche obligatoire \u00e0 Barcelone.<\/li>\n\n\n\n<li><strong>S\u00e9curit\u00e9 renforc\u00e9e<\/strong>, limitant ainsi les risques pour les objets et les immeubles.<\/li>\n<\/ul>\n\n\n\n<p>Gr\u00e2ce \u00e0 ces avantages, les d\u00e9m\u00e9nagements r\u00e9alis\u00e9s \u00e0 l\u2019aide d\u2019un monte-meuble \u00e0 Barcelone se r\u00e9v\u00e8lent plus efficaces qu&rsquo;un d\u00e9m\u00e9nagement classique.&nbsp;<\/p>\n\n\n\n<h2 class=\"wp-block-heading\"><strong>Les avantages de louer un <\/strong><strong>monte-charge de d\u00e9m\u00e9nagement&nbsp;<\/strong><\/h2>\n\n\n\n<p>Opter pour la location pr\u00e9sente de nombreux avantages par rapport \u00e0 un d\u00e9m\u00e9nagement classique. Avec Metrecubic, vous pouvez compter sur une \u00e9quipe professionnelle sp\u00e9cialis\u00e9e, mais \u00e9galement sur un service complet qui facilite l\u2019ensemble du processus.<\/p>\n\n\n\n<h3 class=\"wp-block-heading\"><strong>Rapidit\u00e9 et efficacit\u00e9<\/strong><\/h3>\n\n\n\n<p>Les d\u00e9m\u00e9nagements r\u00e9alis\u00e9s \u00e0 l\u2019aide d\u2019un monte-meuble \u00e0 Barcelone permettent un gain de temps consid\u00e9rable, puisque les meubles et les objets sont transport\u00e9s directement depuis la rue jusqu\u2019au logement ou bureau.<\/p>\n\n\n\n<h3 class=\"wp-block-heading\"><strong>Praticit\u00e9 et s\u00e9curit\u00e9<\/strong><\/h3>\n\n\n\n<p>L\u2019utilisation d\u2019un monte-charge r\u00e9duit le risque d\u2019endommagement des murs, des escaliers ou des ascenseurs de l\u2019immeuble. De plus, le mobilier est d\u00e9plac\u00e9 de fa\u00e7on stable et s\u00fbre, m\u00eame s\u2019il est question de pi\u00e8ces lourdes ou volumineuses.<\/p>\n\n\n\n<h3 class=\"wp-block-heading\"><strong>Moins d\u2019efforts<\/strong><\/h3>\n\n\n\n<p>Le service de location de monte-charges de d\u00e9m\u00e9nagement permet d\u2019\u00e9viter le transport manuel d\u2019objets lourds dans les escaliers, facilitant ainsi le processus aussi bien pour le client que pour l\u2019\u00e9quipe de d\u00e9m\u00e9nagement.&nbsp;&nbsp;&nbsp;&nbsp;<\/p>\n\n\n\n<h3 class=\"wp-block-heading\"><strong>Gestion des autorisations incluse<\/strong><\/h3>\n\n\n\n<p>Chez Metrecubic, nous nous chargeons de r\u00e9aliser les d\u00e9marches li\u00e9es \u00e0 la demande d\u2019autorisation d\u2019occupation de la voie publique, n\u00e9cessaire \u00e0 l\u2019installation d\u2019un monte-meuble \u00e0 Barcelone. De cette fa\u00e7on, nous offrons un service int\u00e9gral qui permet de gagner du temps et d\u2019\u00e9viter des tracas au client.<\/p>\n\n\n\n<h2 class=\"wp-block-heading\"><strong>Services o\u00f9 l\u2019utilisation d\u2019un <\/strong><strong>monte-charge de d\u00e9m\u00e9nagement<\/strong><strong> fait la diff\u00e9rence<\/strong><\/h2>\n\n\n\n<p>Le service de d\u00e9m\u00e9nagements avec plateforme \u00e9l\u00e9vatrice \u00e0 Barcelone n\u2019est pas r\u00e9serv\u00e9 aux particuliers, il s\u2019adresse \u00e9galement aux professionnels et aux secteurs n\u00e9cessitant le transport de mat\u00e9riaux ou de charges importantes.<\/p>\n\n\n\n<h3 class=\"wp-block-heading\"><strong>D\u00e9m\u00e9nagements r\u00e9sidentiels et professionnels<\/strong><\/h3>\n\n\n\n<p>La solution id\u00e9ale pour les immeubles sans ascenseur ou dot\u00e9s d\u2019escaliers \u00e9troits. Il facilite l\u2019acc\u00e8s aux \u00e9tages \u00e9lev\u00e9s tout en \u00e9vitant d\u2019endommager les meubles ou les parties communes.<\/p>\n\n\n\n<h3 class=\"wp-block-heading\"><strong>Entreprises de r\u00e9novation et de construction<\/strong><\/h3>\n\n\n\n<p>Parfait pour monter ou descendre des mat\u00e9riaux de construction, des pi\u00e8ces de menuiserie ou encore des outils lourds entre les diff\u00e9rents \u00e9tages d&rsquo;un chantier.<\/p>\n\n\n\n<h3 class=\"wp-block-heading\"><strong>Transport d\u2019appareils \u00e9lectrom\u00e9nagers<\/strong><\/h3>\n\n\n\n<p>Transport s\u00fbr de r\u00e9frig\u00e9rateurs, fours, machines \u00e0 laver ou machines sp\u00e9cialis\u00e9es, en \u00e9vitant les acc\u00e8s difficiles et en limitant les risques de dommages.<\/p>\n\n\n\n<h3 class=\"wp-block-heading\"><strong>Transport d&rsquo;\u0153uvres d\u2019art<\/strong><\/h3>\n\n\n\n<p>Manipulation adapt\u00e9e pour les pi\u00e8ces fragiles ou de valeur. Id\u00e9al pour les mus\u00e9es, les galeries ou les collectionneurs qui souhaitent une s\u00e9curit\u00e9 maximale lors du d\u00e9placement.<\/p>\n\n\n\n<h3 class=\"wp-block-heading\"><strong>\u00c9v\u00e8nements et montages sp\u00e9ciaux<\/strong><\/h3>\n\n\n\n<p>Levage de structures, de d\u00e9cors ou d\u2019appareils audiovisuels lors de salons, d\u2019expositions ou d\u2019\u00e9v\u00e8nements, avec rapidit\u00e9 et efficacit\u00e9.<\/p>\n\n\n\n<h3 class=\"wp-block-heading\"><strong>Logistique et stockage<\/strong><\/h3>\n\n\n\n<p>Il facilite le d\u00e9placement de charges dans les entrep\u00f4ts sur plusieurs niveaux ou l\u2019organisation interne dans les grandes surfaces.<\/p>\n\n\n\n<h2 class=\"wp-block-heading\"><strong>Votre <\/strong><strong>d\u00e9m\u00e9nagement avec monte-meuble \u00e0 Barcelone<\/strong><strong>, plus facile que jamais<\/strong><\/h2>\n\n\n\n<p>Chez Metrecubic, nous avons conscience qu\u2019un d\u00e9m\u00e9nagement \u00e0 Barcelone peut vite devenir un v\u00e9ritable d\u00e9fi quand il faut composer avec des \u00e9tages sup\u00e9rieurs, des rues \u00e9troites ou encore des meubles volumineux. C\u2019est pourquoi nous mettons \u00e0 votre disposition notre service de location de monte-charge de d\u00e9m\u00e9nagement, une solution compl\u00e8te qui allie rapidit\u00e9, s\u00e9curit\u00e9 et praticit\u00e9.<\/p>\n\n\n\n<p>Gr\u00e2ce \u00e0 nos d\u00e9m\u00e9nagements avec plateforme \u00e9l\u00e9vatrice \u00e0 Barcelone, vous disposez non seulement d\u2019un \u00e9l\u00e9vateur pouvant atteindre jusqu\u2019\u00e0 30&nbsp;m\u00e8tres de hauteur et supporter 400&nbsp;kg, mais vous pouvez aussi compter sur une \u00e9quipe professionnelle qui se charge de l\u2019int\u00e9gralit\u00e9 du processus&nbsp;: de la gestion des autorisations au transport s\u00fbr de vos biens.<\/p>\n\n\n\n<p>Si vous \u00eates \u00e0 la recherche d\u2019une solution simple et efficace pour votre d\u00e9m\u00e9nagement, faites confiance \u00e0 Metrecubic. Contactez-nous et demandez votre devis pour la location de plateformes \u00e9l\u00e9vatrices \u00e0 Barcelone. Votre d\u00e9m\u00e9nagement sera bien plus simple que ce que vous pensez.<\/p>\n","protected":false},"excerpt":{"rendered":"<p>D\u00e9m\u00e9nagements avec monte-meuble&nbsp;: une solution pratique \u00e0 Barcelone Si vous envisagez de r\u00e9aliser un d\u00e9m\u00e9nagement en ville, disposer d\u2019un monte-charge peut \u00eatre la solution la plus pratique, la plus rapide &hellip;<\/p>\n","protected":false},"author":1,"featured_media":9070,"comment_status":"closed","ping_status":"closed","sticky":false,"template":"","format":"standard","meta":{"_acf_changed":false,"footnotes":""},"categories":[152],"tags":[],"class_list":["post-9083","post","type-post","status-publish","format-standard","has-post-thumbnail","hentry","category-demenagements"],"acf":[],"yoast_head":"<!-- This site is optimized with the Yoast SEO plugin v27.4 - https:\/\/yoast.com\/product\/yoast-seo-wordpress\/ -->\n<title>Tout ce que vous devez savoir sur les monte-charges de d\u00e9m\u00e9nagement \u00e0 Barcelone<\/title>\n<meta name=\"description\" content=\"D\u00e9m\u00e9nagements avec plateforme \u00e9l\u00e9vatrice \u00e0 Barcelone. Jusqu\u2019\u00e0 30 m et 400 kg. Demandez votre devis en toute facilit\u00e9 avec Metrecubic.\" \/>\n<meta name=\"robots\" content=\"index, follow, max-snippet:-1, max-image-preview:large, max-video-preview:-1\" \/>\n<link rel=\"canonical\" href=\"https:\/\/metrecubic.com\/fr\/blog\/tout-ce-que-vous-devez-savoir-sur-les-monte-charges-de-demenagement-a-barcelone\/\" \/>\n<meta property=\"og:locale\" content=\"fr_FR\" \/>\n<meta property=\"og:type\" content=\"article\" \/>\n<meta property=\"og:title\" content=\"Tout ce que vous devez savoir sur les monte-charges de d\u00e9m\u00e9nagement \u00e0 Barcelone\" \/>\n<meta property=\"og:description\" content=\"D\u00e9m\u00e9nagements avec plateforme \u00e9l\u00e9vatrice \u00e0 Barcelone. Jusqu\u2019\u00e0 30 m et 400 kg. Demandez votre devis en toute facilit\u00e9 avec Metrecubic.\" \/>\n<meta property=\"og:url\" content=\"https:\/\/metrecubic.com\/fr\/blog\/tout-ce-que-vous-devez-savoir-sur-les-monte-charges-de-demenagement-a-barcelone\/\" \/>\n<meta property=\"og:site_name\" content=\"METRECUBIC\" \/>\n<meta property=\"article:published_time\" content=\"2025-10-15T14:54:00+00:00\" \/>\n<meta property=\"og:image\" content=\"https:\/\/metrecubic.com\/wp-content\/uploads\/20250611_111713.jpg\" \/>\n\t<meta property=\"og:image:width\" content=\"2252\" \/>\n\t<meta property=\"og:image:height\" content=\"1802\" \/>\n\t<meta property=\"og:image:type\" content=\"image\/jpeg\" \/>\n<meta name=\"author\" content=\"emfasi\" \/>\n<meta name=\"twitter:card\" content=\"summary_large_image\" \/>\n<meta name=\"twitter:label1\" content=\"\u00c9crit par\" \/>\n\t<meta name=\"twitter:data1\" content=\"emfasi\" \/>\n\t<meta name=\"twitter:label2\" content=\"Dur\u00e9e de lecture estim\u00e9e\" \/>\n\t<meta name=\"twitter:data2\" content=\"4 minutes\" \/>\n<script type=\"application\/ld+json\" class=\"yoast-schema-graph\">{\"@context\":\"https:\\\/\\\/schema.org\",\"@graph\":[{\"@type\":\"Article\",\"@id\":\"https:\\\/\\\/metrecubic.com\\\/fr\\\/blog\\\/tout-ce-que-vous-devez-savoir-sur-les-monte-charges-de-demenagement-a-barcelone\\\/#article\",\"isPartOf\":{\"@id\":\"https:\\\/\\\/metrecubic.com\\\/fr\\\/blog\\\/tout-ce-que-vous-devez-savoir-sur-les-monte-charges-de-demenagement-a-barcelone\\\/\"},\"author\":{\"name\":\"emfasi\",\"@id\":\"https:\\\/\\\/metrecubic.com\\\/fr\\\/#\\\/schema\\\/person\\\/a6ff476231cc7e78ec40fed152bcb241\"},\"headline\":\"Tout ce que vous devez savoir sur les monte-charges de d\u00e9m\u00e9nagement \u00e0 Barcelone\",\"datePublished\":\"2025-10-15T14:54:00+00:00\",\"mainEntityOfPage\":{\"@id\":\"https:\\\/\\\/metrecubic.com\\\/fr\\\/blog\\\/tout-ce-que-vous-devez-savoir-sur-les-monte-charges-de-demenagement-a-barcelone\\\/\"},\"wordCount\":994,\"publisher\":{\"@id\":\"https:\\\/\\\/metrecubic.com\\\/fr\\\/#organization\"},\"image\":{\"@id\":\"https:\\\/\\\/metrecubic.com\\\/fr\\\/blog\\\/tout-ce-que-vous-devez-savoir-sur-les-monte-charges-de-demenagement-a-barcelone\\\/#primaryimage\"},\"thumbnailUrl\":\"https:\\\/\\\/metrecubic.com\\\/wp-content\\\/uploads\\\/20250611_111713.jpg\",\"articleSection\":[\"D\u00e9m\u00e9nagements\"],\"inLanguage\":\"fr-FR\"},{\"@type\":\"WebPage\",\"@id\":\"https:\\\/\\\/metrecubic.com\\\/fr\\\/blog\\\/tout-ce-que-vous-devez-savoir-sur-les-monte-charges-de-demenagement-a-barcelone\\\/\",\"url\":\"https:\\\/\\\/metrecubic.com\\\/fr\\\/blog\\\/tout-ce-que-vous-devez-savoir-sur-les-monte-charges-de-demenagement-a-barcelone\\\/\",\"name\":\"Tout ce que vous devez savoir sur les monte-charges de d\u00e9m\u00e9nagement \u00e0 Barcelone\",\"isPartOf\":{\"@id\":\"https:\\\/\\\/metrecubic.com\\\/fr\\\/#website\"},\"primaryImageOfPage\":{\"@id\":\"https:\\\/\\\/metrecubic.com\\\/fr\\\/blog\\\/tout-ce-que-vous-devez-savoir-sur-les-monte-charges-de-demenagement-a-barcelone\\\/#primaryimage\"},\"image\":{\"@id\":\"https:\\\/\\\/metrecubic.com\\\/fr\\\/blog\\\/tout-ce-que-vous-devez-savoir-sur-les-monte-charges-de-demenagement-a-barcelone\\\/#primaryimage\"},\"thumbnailUrl\":\"https:\\\/\\\/metrecubic.com\\\/wp-content\\\/uploads\\\/20250611_111713.jpg\",\"datePublished\":\"2025-10-15T14:54:00+00:00\",\"description\":\"D\u00e9m\u00e9nagements avec plateforme \u00e9l\u00e9vatrice \u00e0 Barcelone. Jusqu\u2019\u00e0 30 m et 400 kg. Demandez votre devis en toute facilit\u00e9 avec Metrecubic.\",\"breadcrumb\":{\"@id\":\"https:\\\/\\\/metrecubic.com\\\/fr\\\/blog\\\/tout-ce-que-vous-devez-savoir-sur-les-monte-charges-de-demenagement-a-barcelone\\\/#breadcrumb\"},\"inLanguage\":\"fr-FR\",\"potentialAction\":[{\"@type\":\"ReadAction\",\"target\":[\"https:\\\/\\\/metrecubic.com\\\/fr\\\/blog\\\/tout-ce-que-vous-devez-savoir-sur-les-monte-charges-de-demenagement-a-barcelone\\\/\"]}]},{\"@type\":\"ImageObject\",\"inLanguage\":\"fr-FR\",\"@id\":\"https:\\\/\\\/metrecubic.com\\\/fr\\\/blog\\\/tout-ce-que-vous-devez-savoir-sur-les-monte-charges-de-demenagement-a-barcelone\\\/#primaryimage\",\"url\":\"https:\\\/\\\/metrecubic.com\\\/wp-content\\\/uploads\\\/20250611_111713.jpg\",\"contentUrl\":\"https:\\\/\\\/metrecubic.com\\\/wp-content\\\/uploads\\\/20250611_111713.jpg\",\"width\":2252,\"height\":1802},{\"@type\":\"BreadcrumbList\",\"@id\":\"https:\\\/\\\/metrecubic.com\\\/fr\\\/blog\\\/tout-ce-que-vous-devez-savoir-sur-les-monte-charges-de-demenagement-a-barcelone\\\/#breadcrumb\",\"itemListElement\":[{\"@type\":\"ListItem\",\"position\":1,\"name\":\"Portada\",\"item\":\"https:\\\/\\\/metrecubic.com\\\/fr\\\/\"},{\"@type\":\"ListItem\",\"position\":2,\"name\":\"Tout ce que vous devez savoir sur les monte-charges de d\u00e9m\u00e9nagement \u00e0 Barcelone\"}]},{\"@type\":\"WebSite\",\"@id\":\"https:\\\/\\\/metrecubic.com\\\/fr\\\/#website\",\"url\":\"https:\\\/\\\/metrecubic.com\\\/fr\\\/\",\"name\":\"METRECUBIC\",\"description\":\"Mudanzas y trasteros Sabadell y Girona\",\"publisher\":{\"@id\":\"https:\\\/\\\/metrecubic.com\\\/fr\\\/#organization\"},\"potentialAction\":[{\"@type\":\"SearchAction\",\"target\":{\"@type\":\"EntryPoint\",\"urlTemplate\":\"https:\\\/\\\/metrecubic.com\\\/fr\\\/?s={search_term_string}\"},\"query-input\":{\"@type\":\"PropertyValueSpecification\",\"valueRequired\":true,\"valueName\":\"search_term_string\"}}],\"inLanguage\":\"fr-FR\"},{\"@type\":\"Organization\",\"@id\":\"https:\\\/\\\/metrecubic.com\\\/fr\\\/#organization\",\"name\":\"METRECUBIC\",\"url\":\"https:\\\/\\\/metrecubic.com\\\/fr\\\/\",\"logo\":{\"@type\":\"ImageObject\",\"inLanguage\":\"fr-FR\",\"@id\":\"https:\\\/\\\/metrecubic.com\\\/fr\\\/#\\\/schema\\\/logo\\\/image\\\/\",\"url\":\"https:\\\/\\\/metrecubic.com\\\/wp-content\\\/uploads\\\/logo-metrecubic.png\",\"contentUrl\":\"https:\\\/\\\/metrecubic.com\\\/wp-content\\\/uploads\\\/logo-metrecubic.png\",\"width\":159,\"height\":159,\"caption\":\"METRECUBIC\"},\"image\":{\"@id\":\"https:\\\/\\\/metrecubic.com\\\/fr\\\/#\\\/schema\\\/logo\\\/image\\\/\"}},{\"@type\":\"Person\",\"@id\":\"https:\\\/\\\/metrecubic.com\\\/fr\\\/#\\\/schema\\\/person\\\/a6ff476231cc7e78ec40fed152bcb241\",\"name\":\"emfasi\",\"sameAs\":[\"https:\\\/\\\/metrecubic.com\"],\"url\":\"https:\\\/\\\/metrecubic.com\\\/fr\\\/author\\\/emfasi\\\/\"}]}<\/script>\n<!-- \/ Yoast SEO plugin. -->","yoast_head_json":{"title":"Tout ce que vous devez savoir sur les monte-charges de d\u00e9m\u00e9nagement \u00e0 Barcelone","description":"D\u00e9m\u00e9nagements avec plateforme \u00e9l\u00e9vatrice \u00e0 Barcelone. Jusqu\u2019\u00e0 30 m et 400 kg. Demandez votre devis en toute facilit\u00e9 avec Metrecubic.","robots":{"index":"index","follow":"follow","max-snippet":"max-snippet:-1","max-image-preview":"max-image-preview:large","max-video-preview":"max-video-preview:-1"},"canonical":"https:\/\/metrecubic.com\/fr\/blog\/tout-ce-que-vous-devez-savoir-sur-les-monte-charges-de-demenagement-a-barcelone\/","og_locale":"fr_FR","og_type":"article","og_title":"Tout ce que vous devez savoir sur les monte-charges de d\u00e9m\u00e9nagement \u00e0 Barcelone","og_description":"D\u00e9m\u00e9nagements avec plateforme \u00e9l\u00e9vatrice \u00e0 Barcelone. Jusqu\u2019\u00e0 30 m et 400 kg. Demandez votre devis en toute facilit\u00e9 avec Metrecubic.","og_url":"https:\/\/metrecubic.com\/fr\/blog\/tout-ce-que-vous-devez-savoir-sur-les-monte-charges-de-demenagement-a-barcelone\/","og_site_name":"METRECUBIC","article_published_time":"2025-10-15T14:54:00+00:00","og_image":[{"width":2252,"height":1802,"url":"https:\/\/metrecubic.com\/wp-content\/uploads\/20250611_111713.jpg","type":"image\/jpeg"}],"author":"emfasi","twitter_card":"summary_large_image","twitter_misc":{"\u00c9crit par":"emfasi","Dur\u00e9e de lecture estim\u00e9e":"4 minutes"},"schema":{"@context":"https:\/\/schema.org","@graph":[{"@type":"Article","@id":"https:\/\/metrecubic.com\/fr\/blog\/tout-ce-que-vous-devez-savoir-sur-les-monte-charges-de-demenagement-a-barcelone\/#article","isPartOf":{"@id":"https:\/\/metrecubic.com\/fr\/blog\/tout-ce-que-vous-devez-savoir-sur-les-monte-charges-de-demenagement-a-barcelone\/"},"author":{"name":"emfasi","@id":"https:\/\/metrecubic.com\/fr\/#\/schema\/person\/a6ff476231cc7e78ec40fed152bcb241"},"headline":"Tout ce que vous devez savoir sur les monte-charges de d\u00e9m\u00e9nagement \u00e0 Barcelone","datePublished":"2025-10-15T14:54:00+00:00","mainEntityOfPage":{"@id":"https:\/\/metrecubic.com\/fr\/blog\/tout-ce-que-vous-devez-savoir-sur-les-monte-charges-de-demenagement-a-barcelone\/"},"wordCount":994,"publisher":{"@id":"https:\/\/metrecubic.com\/fr\/#organization"},"image":{"@id":"https:\/\/metrecubic.com\/fr\/blog\/tout-ce-que-vous-devez-savoir-sur-les-monte-charges-de-demenagement-a-barcelone\/#primaryimage"},"thumbnailUrl":"https:\/\/metrecubic.com\/wp-content\/uploads\/20250611_111713.jpg","articleSection":["D\u00e9m\u00e9nagements"],"inLanguage":"fr-FR"},{"@type":"WebPage","@id":"https:\/\/metrecubic.com\/fr\/blog\/tout-ce-que-vous-devez-savoir-sur-les-monte-charges-de-demenagement-a-barcelone\/","url":"https:\/\/metrecubic.com\/fr\/blog\/tout-ce-que-vous-devez-savoir-sur-les-monte-charges-de-demenagement-a-barcelone\/","name":"Tout ce que vous devez savoir sur les monte-charges de d\u00e9m\u00e9nagement \u00e0 Barcelone","isPartOf":{"@id":"https:\/\/metrecubic.com\/fr\/#website"},"primaryImageOfPage":{"@id":"https:\/\/metrecubic.com\/fr\/blog\/tout-ce-que-vous-devez-savoir-sur-les-monte-charges-de-demenagement-a-barcelone\/#primaryimage"},"image":{"@id":"https:\/\/metrecubic.com\/fr\/blog\/tout-ce-que-vous-devez-savoir-sur-les-monte-charges-de-demenagement-a-barcelone\/#primaryimage"},"thumbnailUrl":"https:\/\/metrecubic.com\/wp-content\/uploads\/20250611_111713.jpg","datePublished":"2025-10-15T14:54:00+00:00","description":"D\u00e9m\u00e9nagements avec plateforme \u00e9l\u00e9vatrice \u00e0 Barcelone. Jusqu\u2019\u00e0 30 m et 400 kg. Demandez votre devis en toute facilit\u00e9 avec Metrecubic.","breadcrumb":{"@id":"https:\/\/metrecubic.com\/fr\/blog\/tout-ce-que-vous-devez-savoir-sur-les-monte-charges-de-demenagement-a-barcelone\/#breadcrumb"},"inLanguage":"fr-FR","potentialAction":[{"@type":"ReadAction","target":["https:\/\/metrecubic.com\/fr\/blog\/tout-ce-que-vous-devez-savoir-sur-les-monte-charges-de-demenagement-a-barcelone\/"]}]},{"@type":"ImageObject","inLanguage":"fr-FR","@id":"https:\/\/metrecubic.com\/fr\/blog\/tout-ce-que-vous-devez-savoir-sur-les-monte-charges-de-demenagement-a-barcelone\/#primaryimage","url":"https:\/\/metrecubic.com\/wp-content\/uploads\/20250611_111713.jpg","contentUrl":"https:\/\/metrecubic.com\/wp-content\/uploads\/20250611_111713.jpg","width":2252,"height":1802},{"@type":"BreadcrumbList","@id":"https:\/\/metrecubic.com\/fr\/blog\/tout-ce-que-vous-devez-savoir-sur-les-monte-charges-de-demenagement-a-barcelone\/#breadcrumb","itemListElement":[{"@type":"ListItem","position":1,"name":"Portada","item":"https:\/\/metrecubic.com\/fr\/"},{"@type":"ListItem","position":2,"name":"Tout ce que vous devez savoir sur les monte-charges de d\u00e9m\u00e9nagement \u00e0 Barcelone"}]},{"@type":"WebSite","@id":"https:\/\/metrecubic.com\/fr\/#website","url":"https:\/\/metrecubic.com\/fr\/","name":"METRECUBIC","description":"Mudanzas y trasteros Sabadell y Girona","publisher":{"@id":"https:\/\/metrecubic.com\/fr\/#organization"},"potentialAction":[{"@type":"SearchAction","target":{"@type":"EntryPoint","urlTemplate":"https:\/\/metrecubic.com\/fr\/?s={search_term_string}"},"query-input":{"@type":"PropertyValueSpecification","valueRequired":true,"valueName":"search_term_string"}}],"inLanguage":"fr-FR"},{"@type":"Organization","@id":"https:\/\/metrecubic.com\/fr\/#organization","name":"METRECUBIC","url":"https:\/\/metrecubic.com\/fr\/","logo":{"@type":"ImageObject","inLanguage":"fr-FR","@id":"https:\/\/metrecubic.com\/fr\/#\/schema\/logo\/image\/","url":"https:\/\/metrecubic.com\/wp-content\/uploads\/logo-metrecubic.png","contentUrl":"https:\/\/metrecubic.com\/wp-content\/uploads\/logo-metrecubic.png","width":159,"height":159,"caption":"METRECUBIC"},"image":{"@id":"https:\/\/metrecubic.com\/fr\/#\/schema\/logo\/image\/"}},{"@type":"Person","@id":"https:\/\/metrecubic.com\/fr\/#\/schema\/person\/a6ff476231cc7e78ec40fed152bcb241","name":"emfasi","sameAs":["https:\/\/metrecubic.com"],"url":"https:\/\/metrecubic.com\/fr\/author\/emfasi\/"}]}},"_links":{"self":[{"href":"https:\/\/metrecubic.com\/fr\/wp-json\/wp\/v2\/posts\/9083","targetHints":{"allow":["GET"]}}],"collection":[{"href":"https:\/\/metrecubic.com\/fr\/wp-json\/wp\/v2\/posts"}],"about":[{"href":"https:\/\/metrecubic.com\/fr\/wp-json\/wp\/v2\/types\/post"}],"author":[{"embeddable":true,"href":"https:\/\/metrecubic.com\/fr\/wp-json\/wp\/v2\/users\/1"}],"replies":[{"embeddable":true,"href":"https:\/\/metrecubic.com\/fr\/wp-json\/wp\/v2\/comments?post=9083"}],"version-history":[{"count":1,"href":"https:\/\/metrecubic.com\/fr\/wp-json\/wp\/v2\/posts\/9083\/revisions"}],"predecessor-version":[{"id":9084,"href":"https:\/\/metrecubic.com\/fr\/wp-json\/wp\/v2\/posts\/9083\/revisions\/9084"}],"wp:featuredmedia":[{"embeddable":true,"href":"https:\/\/metrecubic.com\/fr\/wp-json\/wp\/v2\/media\/9070"}],"wp:attachment":[{"href":"https:\/\/metrecubic.com\/fr\/wp-json\/wp\/v2\/media?parent=9083"}],"wp:term":[{"taxonomy":"category","embeddable":true,"href":"https:\/\/metrecubic.com\/fr\/wp-json\/wp\/v2\/categories?post=9083"},{"taxonomy":"post_tag","embeddable":true,"href":"https:\/\/metrecubic.com\/fr\/wp-json\/wp\/v2\/tags?post=9083"}],"curies":[{"name":"wp","href":"https:\/\/api.w.org\/{rel}","templated":true}]}}