{"id":5501,"date":"2025-01-08T10:05:20","date_gmt":"2025-01-08T10:05:20","guid":{"rendered":"https:\/\/metrecubic.com\/?p=5501"},"modified":"2025-02-07T12:24:54","modified_gmt":"2025-02-07T12:24:54","slug":"quest-ce-qui-determine-le-prix-de-la-location-dun-box-de-stockage-a-sabadell","status":"publish","type":"post","link":"https:\/\/metrecubic.com\/fr\/blog\/quest-ce-qui-determine-le-prix-de-la-location-dun-box-de-stockage-a-sabadell\/","title":{"rendered":"Qu\u2019est-ce qui d\u00e9termine le prix de la location d\u2019un box de stockage \u00e0 Sabadell?"},"content":{"rendered":"\n<p>La <a href=\"https:\/\/metrecubic.com\/fr\/location-de-box-de-stockage-a-sabadell\/\">location de box de stockage \u00e0 Sabadell<\/a> a gagn\u00e9 en popularit\u00e9 ces derni\u00e8res ann\u00e9es gr\u00e2ce \u00e0 la croissance urbaine et le besoin de davantage d\u2019espace pour le stockage personnel ou professionnel. Le prix du box de stockage \u00e0 Sabadell peut varier en fonction de diff\u00e9rents facteurs, comme la taille, l\u2019emplacement et les services inclus. Metrecubic est une solution leader pour les personnes cherchant un prix comp\u00e9titif pour la location de box de stockage \u00e0 Sabadell.<\/p>\n\n\n\n<p>Dans cet article, nous vous expliquerons les principaux facteurs qui influent sur le prix de location des box de stockage \u00e0 Sabadell et de quelle fa\u00e7on Metrecubic peut vous offrir la meilleure solution adapt\u00e9e vos besoins.<\/p>\n\n\n\n<h2 class=\"wp-block-heading\">Comprendre le prix des box de stockage \u00e0 Sabadell<\/h2>\n\n\n\n<p>Le prix d\u2019un box de stockage n\u2019est pas fixe&nbsp;; il varie en fonction d\u2019une s\u00e9rie de facteurs tels que la taille, l\u2019emplacement ou encore les services additionnels. Les conna\u00eetre vous aidera \u00e0 prendre la bonne d\u00e9cision et opter pour la solution s\u2019adaptant \u00e0 votre budget.<\/p>\n\n\n\n<h2 class=\"wp-block-heading\">La taille&nbsp;: principal facteur qui influe sur le prix du box de stockage<\/h2>\n\n\n\n<p>La taille est le facteur le plus d\u00e9terminant au moment de calculer le prix de la location d\u2019un box de stockage \u00e0 Sabadell et dans n\u2019importe quelle ville. Chez Metrecubic, nous proposons une large vari\u00e9t\u00e9 de tailles qui s\u2019adaptent \u00e0 diff\u00e9rents besoins, que ce soit pour une utilisation personnelle, professionnelle ou pour les d\u00e9m\u00e9nagements. Opter pour la taille ad\u00e9quate permet non seulement d\u2019optimiser l\u2019espace dont vous avez besoin, mais cela aide \u00e9galement \u00e0 faire des \u00e9conomies sur le prix de la location.<\/p>\n\n\n\n<h3 class=\"wp-block-heading\">Comment choisir la taille ad\u00e9quate&nbsp;?<\/h3>\n\n\n\n<p>Le choix de la taille d\u00e9pend du volume et du type d\u2019objets que vous souhaitez entreposer. Par exemple&nbsp;:<\/p>\n\n\n\n<ul class=\"wp-block-list\">\n<li><strong>Box de stockage de petite taille\u00a0:<\/strong> Id\u00e9aux pour ranger des cartons, des documents, des valises ou des \u00e9quipements personnels.\u00a0 Ils sont parfaits pour les personnes souhaitant lib\u00e9rer de l\u2019espace \u00e0 la maison sans avoir \u00e0 opter pour des solutions de plus grande taille.<\/li>\n\n\n\n<li><strong>Box de stockage de taille moyenne\u00a0:<\/strong> Ils sont recommand\u00e9s pour les personnes qui ont besoin d\u2019entreposer des meubles de petite taille, du mat\u00e9riel de bureau ou des articles de saison comme des v\u00e9los ou du mat\u00e9riel de sport.<\/li>\n\n\n\n<li><strong>Box de stockage de grande taille\u00a0:<\/strong> Con\u00e7us pour les d\u00e9m\u00e9nagements ou les besoins professionnels. Ils sont parfaits pour entreposer des appareils \u00e9lectrom\u00e9nagers, des meubles volumineux ou l\u2019inventaire commercial.<\/li>\n<\/ul>\n\n\n\n<p>Chez Metrecubic, notre \u00e9quipe est disponible pour vous conseiller dans le choix du box de stockage ad\u00e9quat afin de vous \u00e9viter des frais inutiles.<\/p>\n\n\n\n<h3 class=\"wp-block-heading\">Comment calculer l\u2019espace n\u00e9cessaire<\/h3>\n\n\n\n<p>Calculer la taille id\u00e9ale pour votre box de stockage est plus facile si vous d\u00e9terminez le volume de vos biens. Voici un guide pratique pour vous aider \u00e0 choisir&nbsp;:<\/p>\n\n\n\n<ul class=\"wp-block-list\">\n<li><strong>Box de stockage de petite taille (1-2 m<\/strong><strong><sup>2<\/sup><\/strong><strong>)\u00a0: <\/strong>Parfaits pour quelques cartons ou articles compacts tels que des petits appareils \u00e9lectrom\u00e9nagers, des documents et des accessoires.<\/li>\n\n\n\n<li><strong>Box de stockage de taille moyenne (4-6 m<\/strong><strong><sup>2<\/sup><\/strong><strong>)\u00a0: <\/strong>Id\u00e9aux pour entreposer des meubles tels que des petits canap\u00e9s, des \u00e9tag\u00e8res, des v\u00e9los ou du mat\u00e9riel de bureau. Cette taille est parfaite pour les personnes ayant besoin de plus de place sans avoir \u00e0 opter pour des solutions de grande taille.<\/li>\n\n\n\n<li><strong>Box de stockage de grande taille (10-12 m<\/strong><strong><sup>2<\/sup><\/strong><strong>)\u00a0: <\/strong>Solutions pens\u00e9es pour les d\u00e9m\u00e9nagements ou les entreprises qui ont besoin d\u2019espace suppl\u00e9mentaire pour stocker les inventaires, les gros appareils \u00e9lectrom\u00e9nagers ou de nombreux meubles volumineux.<\/li>\n<\/ul>\n\n\n\n<p>Si vous n\u2019\u00eates pas certain de l\u2019espace dont vous avez besoin, <a href=\"https:\/\/metrecubic.com\/fr\/contact\/\">Metrecubic peut vous aider \u00e0 le d\u00e9terminer<\/a> en tenant compte de vos besoins sp\u00e9cifiques. Avec nos solutions de diff\u00e9rentes tailles et notre accompagnement personnalis\u00e9, nous vous assurons de trouver le box de stockage parfait au meilleur prix.<\/p>\n\n\n\n<h2 class=\"wp-block-heading\">Emplacement du box de stockage&nbsp;: Sabadell, une solution strat\u00e9gique<\/h2>\n\n\n\n<p>Sabadell est une ville strat\u00e9gique pour le stockage gr\u00e2ce \u00e0 son excellente connexion avec les zones r\u00e9sidentielles et commerciales, mais aussi gr\u00e2ce \u00e0 sa proximit\u00e9 avec d\u2019importantes voies d\u2019acc\u00e8s. Ces caract\u00e9ristiques font de la ville un lieu id\u00e9al pour les personnes ayant besoin d\u2019un espace s\u00e9curis\u00e9 et pratique pour leurs biens.<\/p>\n\n\n\n<h3 class=\"wp-block-heading\">Accessibilit\u00e9 et praticit\u00e9<\/h3>\n\n\n\n<p>Chez Metrecubic, nous disposons d\u2019installations strat\u00e9giquement situ\u00e9es au sein de la <a href=\"https:\/\/metrecubic.com\/fr\/box-de-stockage\/zona-hermetica\/\">Zona Herm\u00e9tica<\/a> et de <a href=\"https:\/\/metrecubic.com\/fr\/box-de-stockage\/sabadell\/\">Gran V\u00eda<\/a>, deux zones cl\u00e9s de Sabadell qui permettent un acc\u00e8s facile en voiture et offrent un emplacement privil\u00e9gi\u00e9. Ces zones sont id\u00e9ales aussi bien pour les particuliers que pour les entreprises qui cherchent \u00e0 acc\u00e9der \u00e0 leurs box de stockage de fa\u00e7on pratique et rapide. De plus, nous offrons des horaires flexibles afin de nous adapter \u00e0 votre emploi du temps, garantissant ainsi une commodit\u00e9 totale.<\/p>\n\n\n\n<h3 class=\"wp-block-heading\">Comparatif de prix en fonction de l\u2019emplacement<\/h3>\n\n\n\n<p>\u00c0 Sabadell, l\u2019emplacement du box de stockage peut influer sur le prix. Les box de stockage situ\u00e9s dans des zones \u00e0 forte demande, comme le centre-ville ou les zones strat\u00e9giques, sont g\u00e9n\u00e9ralement plus chers en raison de leur accessibilit\u00e9. Cependant, chez Metrecubic, nous nous effor\u00e7ons d\u2019associer praticit\u00e9 et prix comp\u00e9titifs, vous offrant ainsi une solution alliant qualit\u00e9 et prix.<\/p>\n\n\n\n<h2 class=\"wp-block-heading\">Comment la dur\u00e9e du contrat influe sur le prix du box de stockage&nbsp;<\/h2>\n\n\n\n<p>Autre facteur d\u00e9terminant&nbsp;: la dur\u00e9e de location du box de stockage. Chez Metrecubic, nous proposons des contrats flexibles aussi bien pour le court terme que pour le long terme.<\/p>\n\n\n\n<h3 class=\"wp-block-heading\">Avantages de louer des box de stockage \u00e0 Sabadell sur le long terme<\/h3>\n\n\n\n<p>Si vous avez besoin d\u2019un espace de stockage permanent, vous pouvez b\u00e9n\u00e9ficier de tarifs avantageux gr\u00e2ce \u00e0 des contrats longue dur\u00e9e. Il s\u2019agit d\u2019une excellente solution pour les entreprises ou les familles qui ont besoin d\u2019un espace suppl\u00e9mentaire de fa\u00e7on continue.<\/p>\n\n\n\n<h3 class=\"wp-block-heading\">Avantages de louer de box de stockage \u00e0 Sabadell sur le court terme<\/h3>\n\n\n\n<p>Si vous avez besoin d\u2019un stockage temporaire, le temps d\u2019un d\u00e9m\u00e9nagement ou de travaux de r\u00e9novation par exemple, la location de courte dur\u00e9e chez Metrecubic vous offre la flexibilit\u00e9 qu\u2019il vous faut sans impacter votre budget.<\/p>\n\n\n\n<h2 class=\"wp-block-heading\">Services additionnels&nbsp;: ce qui peut augmenter ou r\u00e9duire le prix de location du box de stockage<\/h2>\n\n\n\n<p>Les services extra propos\u00e9s par les entreprises de box de stockage \u00e0 Sabadell influent \u00e9galement sur le prix final. Ceux-ci peuvent ajouter de la valeur ou offrir plus de praticit\u00e9. Il est n\u00e9anmoins important d\u2019\u00e9valuer s\u2019ils sont r\u00e9ellement n\u00e9cessaires.<\/p>\n\n\n\n<h3 class=\"wp-block-heading\">S\u00e9curit\u00e9 et surveillance<\/h3>\n\n\n\n<p>Disposer d\u2019un syst\u00e8me de cam\u00e9ras de s\u00e9curit\u00e9 et d\u2019un acc\u00e8s contr\u00f4l\u00e9, et souscrire une assurance peut faire grimper le prix. Cela permet n\u00e9anmoins de garantir une protection de vos biens \u00e0 tout moment.&nbsp;<\/p>\n\n\n\n<p>Nos installations sont \u00e9quip\u00e9es de syst\u00e8mes de vid\u00e9o surveillance 24 h\/24 et d\u2019un acc\u00e8s contr\u00f4l\u00e9, ce qui assure la protection de vos biens. Ce niveau de s\u00e9curit\u00e9 est essentiel pour de nombreux clients et il est inclus dans nos services.<\/p>\n\n\n\n<h3 class=\"wp-block-heading\">Acc\u00e8s 24 h\/24 et commodit\u00e9s additionnelles<\/h3>\n\n\n\n<p>Pouvoir acc\u00e9der \u00e0 votre box de stockage \u00e0 tout moment est un grand avantage. De plus, les installations climatis\u00e9es peuvent s\u2019av\u00e9rer indispensables pour certains objets et donc influer sur le prix.<\/p>\n\n\n\n<p>Chez Metrecubic, nous proposons un acc\u00e8s flexible afin que vous puissiez acc\u00e9der \u00e0 votre box \u00e0 tout moment. Par ailleurs, nos installations sont con\u00e7ues pour \u00e9viter les probl\u00e8mes d\u2019humidit\u00e9 et ainsi conserver vos biens en parfait \u00e9tat.<\/p>\n\n\n\n<h2 class=\"wp-block-heading\">Et si vous \u00eates une entreprise ou un travailleur ind\u00e9pendant&#8230; service de r\u00e9ception de marchandises<\/h2>\n\n\n\n<p>Chez Metrecubic, nous proposons des solutions pratiques pour les entreprises et les travailleurs ind\u00e9pendants qui ont besoin d\u2019optimiser leur stockage et g\u00e9rer leur inventaire de fa\u00e7on efficace. Notre service de r\u00e9ception de marchandises est id\u00e9al pour r\u00e9duire les co\u00fbts et garantir une gestion professionnelle de vos produits.<\/p>\n\n\n\n<h3 class=\"wp-block-heading\">R\u00e9ception de marchandises sans complications<\/h3>\n\n\n\n<p>Vous ne pouvez pas \u00eatre pr\u00e9sent pour r\u00e9ceptionner vos colis&nbsp;? Chez Metrecubic, nous nous chargeons d\u2019assurer la r\u00e9ception de vos marchandises en votre nom. Ce service vous permet d\u2019avoir un contr\u00f4le total sur votre inventaire sans avoir \u00e0 interrompre vos activit\u00e9s quotidiennes. Nous recevons, enregistrons et entreposons vos produits dans des espaces s\u00e9curis\u00e9s et accessibles, pr\u00eats \u00e0 \u00eatre g\u00e9r\u00e9s d\u00e8s que n\u00e9cessaire.<\/p>\n\n\n\n<h3 class=\"wp-block-heading\">Contr\u00f4lez votre inventaire sans effort<\/h3>\n\n\n\n<p>\u00c9vitez les probl\u00e8mes li\u00e9s au manque d\u2019organisation ou la perte de produits. Gr\u00e2ce \u00e0 notre service, votre inventaire sera toujours bien g\u00e9r\u00e9 et sous contr\u00f4le, ce qui permet une planification plus efficace et une r\u00e9duction des risques inutiles.<\/p>\n\n\n\n<h3 class=\"wp-block-heading\">R\u00e9duisez les co\u00fbts en p\u00e9riode de forte demande<\/h3>\n\n\n\n<p>Pendant les pics d\u2019activit\u00e9, vous pouvez faire face \u00e0 des co\u00fbts \u00e9lev\u00e9s en raison du manque d\u2019espace. Nos box de stockage constituent une solution \u00e9conomique et flexible, et s\u2019adaptent \u00e0 vos besoins sans que vous n\u2019ayez \u00e0 vous engager pour une longue dur\u00e9e.<\/p>\n\n\n\n<h3 class=\"wp-block-heading\">Espace suppl\u00e9mentaire pour am\u00e9liorer votre logistique<\/h3>\n\n\n\n<p>Lorsque l\u2019espace de votre bureau ou entrep\u00f4t ne suffit plus, nos box de stockage deviennent l\u2019extension parfaite. Vous pourrez y entreposer des produits \u00e0 proximit\u00e9 de vos activit\u00e9s afin d\u2019assurer une r\u00e9ponse rapide \u00e0 vos clients et optimiser votre logistique.<\/p>\n\n\n\n<h3 class=\"wp-block-heading\">R\u00e9duisez les co\u00fbts en p\u00e9riode de faible activit\u00e9<\/h3>\n\n\n\n<p>En p\u00e9riode de faible activit\u00e9, notre mod\u00e8le de location flexible vous aide \u00e0 r\u00e9duire les co\u00fbts en ne vous facturant que l\u2019espace utilis\u00e9.<\/p>\n\n\n\n<h3 class=\"wp-block-heading\">S\u00e9curit\u00e9 et protection de vos marchandises<\/h3>\n\n\n\n<p>Vos produits seront entre de bonnes mains. Nos box de stockage sont con\u00e7us pour garantir les meilleures conditions de stockage et r\u00e9duire les risques de dommages.<\/p>\n\n\n\n<p>Le service de r\u00e9ception de marchandises de Metrecubic vous permet de r\u00e9pondre \u00e0 vos besoins d\u2019espace et de logistique gr\u00e2ce \u00e0 une solution rapide, s\u00e9curis\u00e9e et \u00e9conomique. Nous transformons vos probl\u00e8mes de stockage en avantages comp\u00e9titifs pour votre entreprise.<\/p>\n\n\n\n<h2 class=\"wp-block-heading\">Comment obtenir le meilleur prix pour la location d\u2019un box de stockage \u00e0 Sabadell<\/h2>\n\n\n\n<p>Il existe diff\u00e9rentes fa\u00e7on d\u2019optimiser votre budget en louant des box de stockage&nbsp;:<\/p>\n\n\n\n<ul class=\"wp-block-list\">\n<li>Profitez de promotions et de remises sp\u00e9ciales.<\/li>\n\n\n\n<li>Calculez la taille n\u00e9cessaire pour \u00e9viter les co\u00fbts inutiles.<\/li>\n\n\n\n<li>Envisagez les emplacements les plus \u00e9conomiques \u00e0 Sabadell.<\/li>\n<\/ul>\n\n\n\n<h2 class=\"wp-block-heading\">Pourquoi Metrecubic est la meilleure solution pour louer des box de stockage \u00e0 Sabadell<\/h2>\n\n\n\n<p>Chez Metrecubic, nous allions flexibilit\u00e9, s\u00e9curit\u00e9 et attention port\u00e9e au client pour vous offrir la meilleure exp\u00e9rience de location de box de stockage. Que ce soit pour des besoins personnels ou professionnels, nous disposons de solutions personnalis\u00e9es qui s\u2019adaptent \u00e0 vous.<\/p>\n\n\n\n<p>De plus, nos installations modernes et nos prix comp\u00e9titifs font de nous des leaders dans la <a href=\"https:\/\/metrecubic.com\/fr\/location-de-box-de-stockage-a-sabadell\/\">location de box de stockage \u00e0 Sabadell<\/a>.<\/p>\n\n\n\n<h2 class=\"wp-block-heading\">Trouvez le box de stockage parfait au meilleur prix \u00e0 Sabadell<\/h2>\n\n\n\n<p>Les facteurs cl\u00e9s qui influent sur le prix de location des box de stockage sont la taille, l\u2019emplacement, les services additionnels ainsi que la dur\u00e9e du contrat. Chez <a href=\"https:\/\/metrecubic.com\/fr\/\">Metrecubic<\/a>, nous vous aidons \u00e0 \u00e9valuer vos besoins pour que vous trouviez la solution parfaite.<a href=\"https:\/\/metrecubic.com\/fr\/contact\/\">Contactez-nous d\u00e8s aujourd\u2019hui<\/a> pour obtenir un devis personnalis\u00e9 et commencez \u00e0 profiter de nos installations \u00e0 Sabadell!<\/p>\n","protected":false},"excerpt":{"rendered":"<p>La location de box de stockage \u00e0 Sabadell a gagn\u00e9 en popularit\u00e9 ces derni\u00e8res ann\u00e9es gr\u00e2ce \u00e0 la croissance urbaine et le besoin de davantage d\u2019espace pour le stockage personnel &hellip;<\/p>\n","protected":false},"author":1,"featured_media":5356,"comment_status":"closed","ping_status":"closed","sticky":false,"template":"","format":"standard","meta":{"_acf_changed":false,"footnotes":""},"categories":[151],"tags":[],"class_list":["post-5501","post","type-post","status-publish","format-standard","has-post-thumbnail","hentry","category-stockage-et-demenagements-metrecubic"],"acf":[],"yoast_head":"<!-- This site is optimized with the Yoast SEO plugin v27.4 - https:\/\/yoast.com\/product\/yoast-seo-wordpress\/ -->\n<title>Qu\u2019est-ce qui d\u00e9termine le prix de la location d\u2019un box de stockage \u00e0 Sabadell?<\/title>\n<meta name=\"description\" content=\"Les principaux facteurs qui influent sur le prix d\u2019un box de stockage \u00e0 Sabadell. Taille, emplacement et services additionnels D\u00e9couvrez-les et faites des \u00e9conomies!\" \/>\n<meta name=\"robots\" content=\"index, follow, max-snippet:-1, max-image-preview:large, max-video-preview:-1\" \/>\n<link rel=\"canonical\" href=\"https:\/\/metrecubic.com\/fr\/blog\/quest-ce-qui-determine-le-prix-de-la-location-dun-box-de-stockage-a-sabadell\/\" \/>\n<meta property=\"og:locale\" content=\"fr_FR\" \/>\n<meta property=\"og:type\" content=\"article\" \/>\n<meta property=\"og:title\" content=\"Qu\u2019est-ce qui d\u00e9termine le prix de la location d\u2019un box de stockage \u00e0 Sabadell?\" \/>\n<meta property=\"og:description\" content=\"Les principaux facteurs qui influent sur le prix d\u2019un box de stockage \u00e0 Sabadell. Taille, emplacement et services additionnels D\u00e9couvrez-les et faites des \u00e9conomies!\" \/>\n<meta property=\"og:url\" content=\"https:\/\/metrecubic.com\/fr\/blog\/quest-ce-qui-determine-le-prix-de-la-location-dun-box-de-stockage-a-sabadell\/\" \/>\n<meta property=\"og:site_name\" content=\"METRECUBIC\" \/>\n<meta property=\"article:published_time\" content=\"2025-01-08T10:05:20+00:00\" \/>\n<meta property=\"article:modified_time\" content=\"2025-02-07T12:24:54+00:00\" \/>\n<meta property=\"og:image\" content=\"https:\/\/metrecubic.com\/wp-content\/uploads\/storage-mtro319-petita-1.jpg\" \/>\n\t<meta property=\"og:image:width\" content=\"761\" \/>\n\t<meta property=\"og:image:height\" content=\"508\" \/>\n\t<meta property=\"og:image:type\" content=\"image\/jpeg\" \/>\n<meta name=\"author\" content=\"emfasi\" \/>\n<meta name=\"twitter:card\" content=\"summary_large_image\" \/>\n<meta name=\"twitter:label1\" content=\"\u00c9crit par\" \/>\n\t<meta name=\"twitter:data1\" content=\"emfasi\" \/>\n\t<meta name=\"twitter:label2\" content=\"Dur\u00e9e de lecture estim\u00e9e\" \/>\n\t<meta name=\"twitter:data2\" content=\"9 minutes\" \/>\n<script type=\"application\/ld+json\" class=\"yoast-schema-graph\">{\"@context\":\"https:\\\/\\\/schema.org\",\"@graph\":[{\"@type\":\"Article\",\"@id\":\"https:\\\/\\\/metrecubic.com\\\/fr\\\/blog\\\/quest-ce-qui-determine-le-prix-de-la-location-dun-box-de-stockage-a-sabadell\\\/#article\",\"isPartOf\":{\"@id\":\"https:\\\/\\\/metrecubic.com\\\/fr\\\/blog\\\/quest-ce-qui-determine-le-prix-de-la-location-dun-box-de-stockage-a-sabadell\\\/\"},\"author\":{\"name\":\"emfasi\",\"@id\":\"https:\\\/\\\/metrecubic.com\\\/fr\\\/#\\\/schema\\\/person\\\/a6ff476231cc7e78ec40fed152bcb241\"},\"headline\":\"Qu\u2019est-ce qui d\u00e9termine le prix de la location d\u2019un box de stockage \u00e0 Sabadell?\",\"datePublished\":\"2025-01-08T10:05:20+00:00\",\"dateModified\":\"2025-02-07T12:24:54+00:00\",\"mainEntityOfPage\":{\"@id\":\"https:\\\/\\\/metrecubic.com\\\/fr\\\/blog\\\/quest-ce-qui-determine-le-prix-de-la-location-dun-box-de-stockage-a-sabadell\\\/\"},\"wordCount\":1954,\"publisher\":{\"@id\":\"https:\\\/\\\/metrecubic.com\\\/fr\\\/#organization\"},\"image\":{\"@id\":\"https:\\\/\\\/metrecubic.com\\\/fr\\\/blog\\\/quest-ce-qui-determine-le-prix-de-la-location-dun-box-de-stockage-a-sabadell\\\/#primaryimage\"},\"thumbnailUrl\":\"https:\\\/\\\/metrecubic.com\\\/wp-content\\\/uploads\\\/storage-mtro319-petita-1.jpg\",\"articleSection\":[\"Garde-meubles\"],\"inLanguage\":\"fr-FR\"},{\"@type\":\"WebPage\",\"@id\":\"https:\\\/\\\/metrecubic.com\\\/fr\\\/blog\\\/quest-ce-qui-determine-le-prix-de-la-location-dun-box-de-stockage-a-sabadell\\\/\",\"url\":\"https:\\\/\\\/metrecubic.com\\\/fr\\\/blog\\\/quest-ce-qui-determine-le-prix-de-la-location-dun-box-de-stockage-a-sabadell\\\/\",\"name\":\"Qu\u2019est-ce qui d\u00e9termine le prix de la location d\u2019un box de stockage \u00e0 Sabadell?\",\"isPartOf\":{\"@id\":\"https:\\\/\\\/metrecubic.com\\\/fr\\\/#website\"},\"primaryImageOfPage\":{\"@id\":\"https:\\\/\\\/metrecubic.com\\\/fr\\\/blog\\\/quest-ce-qui-determine-le-prix-de-la-location-dun-box-de-stockage-a-sabadell\\\/#primaryimage\"},\"image\":{\"@id\":\"https:\\\/\\\/metrecubic.com\\\/fr\\\/blog\\\/quest-ce-qui-determine-le-prix-de-la-location-dun-box-de-stockage-a-sabadell\\\/#primaryimage\"},\"thumbnailUrl\":\"https:\\\/\\\/metrecubic.com\\\/wp-content\\\/uploads\\\/storage-mtro319-petita-1.jpg\",\"datePublished\":\"2025-01-08T10:05:20+00:00\",\"dateModified\":\"2025-02-07T12:24:54+00:00\",\"description\":\"Les principaux facteurs qui influent sur le prix d\u2019un box de stockage \u00e0 Sabadell. Taille, emplacement et services additionnels D\u00e9couvrez-les et faites des \u00e9conomies!\",\"breadcrumb\":{\"@id\":\"https:\\\/\\\/metrecubic.com\\\/fr\\\/blog\\\/quest-ce-qui-determine-le-prix-de-la-location-dun-box-de-stockage-a-sabadell\\\/#breadcrumb\"},\"inLanguage\":\"fr-FR\",\"potentialAction\":[{\"@type\":\"ReadAction\",\"target\":[\"https:\\\/\\\/metrecubic.com\\\/fr\\\/blog\\\/quest-ce-qui-determine-le-prix-de-la-location-dun-box-de-stockage-a-sabadell\\\/\"]}]},{\"@type\":\"ImageObject\",\"inLanguage\":\"fr-FR\",\"@id\":\"https:\\\/\\\/metrecubic.com\\\/fr\\\/blog\\\/quest-ce-qui-determine-le-prix-de-la-location-dun-box-de-stockage-a-sabadell\\\/#primaryimage\",\"url\":\"https:\\\/\\\/metrecubic.com\\\/wp-content\\\/uploads\\\/storage-mtro319-petita-1.jpg\",\"contentUrl\":\"https:\\\/\\\/metrecubic.com\\\/wp-content\\\/uploads\\\/storage-mtro319-petita-1.jpg\",\"width\":761,\"height\":508},{\"@type\":\"BreadcrumbList\",\"@id\":\"https:\\\/\\\/metrecubic.com\\\/fr\\\/blog\\\/quest-ce-qui-determine-le-prix-de-la-location-dun-box-de-stockage-a-sabadell\\\/#breadcrumb\",\"itemListElement\":[{\"@type\":\"ListItem\",\"position\":1,\"name\":\"Portada\",\"item\":\"https:\\\/\\\/metrecubic.com\\\/fr\\\/\"},{\"@type\":\"ListItem\",\"position\":2,\"name\":\"Qu\u2019est-ce qui d\u00e9termine le prix de la location d\u2019un box de stockage \u00e0 Sabadell?\"}]},{\"@type\":\"WebSite\",\"@id\":\"https:\\\/\\\/metrecubic.com\\\/fr\\\/#website\",\"url\":\"https:\\\/\\\/metrecubic.com\\\/fr\\\/\",\"name\":\"METRECUBIC\",\"description\":\"Mudanzas y trasteros Sabadell y Girona\",\"publisher\":{\"@id\":\"https:\\\/\\\/metrecubic.com\\\/fr\\\/#organization\"},\"potentialAction\":[{\"@type\":\"SearchAction\",\"target\":{\"@type\":\"EntryPoint\",\"urlTemplate\":\"https:\\\/\\\/metrecubic.com\\\/fr\\\/?s={search_term_string}\"},\"query-input\":{\"@type\":\"PropertyValueSpecification\",\"valueRequired\":true,\"valueName\":\"search_term_string\"}}],\"inLanguage\":\"fr-FR\"},{\"@type\":\"Organization\",\"@id\":\"https:\\\/\\\/metrecubic.com\\\/fr\\\/#organization\",\"name\":\"METRECUBIC\",\"url\":\"https:\\\/\\\/metrecubic.com\\\/fr\\\/\",\"logo\":{\"@type\":\"ImageObject\",\"inLanguage\":\"fr-FR\",\"@id\":\"https:\\\/\\\/metrecubic.com\\\/fr\\\/#\\\/schema\\\/logo\\\/image\\\/\",\"url\":\"https:\\\/\\\/metrecubic.com\\\/wp-content\\\/uploads\\\/logo-metrecubic.png\",\"contentUrl\":\"https:\\\/\\\/metrecubic.com\\\/wp-content\\\/uploads\\\/logo-metrecubic.png\",\"width\":159,\"height\":159,\"caption\":\"METRECUBIC\"},\"image\":{\"@id\":\"https:\\\/\\\/metrecubic.com\\\/fr\\\/#\\\/schema\\\/logo\\\/image\\\/\"}},{\"@type\":\"Person\",\"@id\":\"https:\\\/\\\/metrecubic.com\\\/fr\\\/#\\\/schema\\\/person\\\/a6ff476231cc7e78ec40fed152bcb241\",\"name\":\"emfasi\",\"sameAs\":[\"https:\\\/\\\/metrecubic.com\"],\"url\":\"https:\\\/\\\/metrecubic.com\\\/fr\\\/author\\\/emfasi\\\/\"}]}<\/script>\n<!-- \/ Yoast SEO plugin. -->","yoast_head_json":{"title":"Qu\u2019est-ce qui d\u00e9termine le prix de la location d\u2019un box de stockage \u00e0 Sabadell?","description":"Les principaux facteurs qui influent sur le prix d\u2019un box de stockage \u00e0 Sabadell. Taille, emplacement et services additionnels D\u00e9couvrez-les et faites des \u00e9conomies!","robots":{"index":"index","follow":"follow","max-snippet":"max-snippet:-1","max-image-preview":"max-image-preview:large","max-video-preview":"max-video-preview:-1"},"canonical":"https:\/\/metrecubic.com\/fr\/blog\/quest-ce-qui-determine-le-prix-de-la-location-dun-box-de-stockage-a-sabadell\/","og_locale":"fr_FR","og_type":"article","og_title":"Qu\u2019est-ce qui d\u00e9termine le prix de la location d\u2019un box de stockage \u00e0 Sabadell?","og_description":"Les principaux facteurs qui influent sur le prix d\u2019un box de stockage \u00e0 Sabadell. Taille, emplacement et services additionnels D\u00e9couvrez-les et faites des \u00e9conomies!","og_url":"https:\/\/metrecubic.com\/fr\/blog\/quest-ce-qui-determine-le-prix-de-la-location-dun-box-de-stockage-a-sabadell\/","og_site_name":"METRECUBIC","article_published_time":"2025-01-08T10:05:20+00:00","article_modified_time":"2025-02-07T12:24:54+00:00","og_image":[{"width":761,"height":508,"url":"https:\/\/metrecubic.com\/wp-content\/uploads\/storage-mtro319-petita-1.jpg","type":"image\/jpeg"}],"author":"emfasi","twitter_card":"summary_large_image","twitter_misc":{"\u00c9crit par":"emfasi","Dur\u00e9e de lecture estim\u00e9e":"9 minutes"},"schema":{"@context":"https:\/\/schema.org","@graph":[{"@type":"Article","@id":"https:\/\/metrecubic.com\/fr\/blog\/quest-ce-qui-determine-le-prix-de-la-location-dun-box-de-stockage-a-sabadell\/#article","isPartOf":{"@id":"https:\/\/metrecubic.com\/fr\/blog\/quest-ce-qui-determine-le-prix-de-la-location-dun-box-de-stockage-a-sabadell\/"},"author":{"name":"emfasi","@id":"https:\/\/metrecubic.com\/fr\/#\/schema\/person\/a6ff476231cc7e78ec40fed152bcb241"},"headline":"Qu\u2019est-ce qui d\u00e9termine le prix de la location d\u2019un box de stockage \u00e0 Sabadell?","datePublished":"2025-01-08T10:05:20+00:00","dateModified":"2025-02-07T12:24:54+00:00","mainEntityOfPage":{"@id":"https:\/\/metrecubic.com\/fr\/blog\/quest-ce-qui-determine-le-prix-de-la-location-dun-box-de-stockage-a-sabadell\/"},"wordCount":1954,"publisher":{"@id":"https:\/\/metrecubic.com\/fr\/#organization"},"image":{"@id":"https:\/\/metrecubic.com\/fr\/blog\/quest-ce-qui-determine-le-prix-de-la-location-dun-box-de-stockage-a-sabadell\/#primaryimage"},"thumbnailUrl":"https:\/\/metrecubic.com\/wp-content\/uploads\/storage-mtro319-petita-1.jpg","articleSection":["Garde-meubles"],"inLanguage":"fr-FR"},{"@type":"WebPage","@id":"https:\/\/metrecubic.com\/fr\/blog\/quest-ce-qui-determine-le-prix-de-la-location-dun-box-de-stockage-a-sabadell\/","url":"https:\/\/metrecubic.com\/fr\/blog\/quest-ce-qui-determine-le-prix-de-la-location-dun-box-de-stockage-a-sabadell\/","name":"Qu\u2019est-ce qui d\u00e9termine le prix de la location d\u2019un box de stockage \u00e0 Sabadell?","isPartOf":{"@id":"https:\/\/metrecubic.com\/fr\/#website"},"primaryImageOfPage":{"@id":"https:\/\/metrecubic.com\/fr\/blog\/quest-ce-qui-determine-le-prix-de-la-location-dun-box-de-stockage-a-sabadell\/#primaryimage"},"image":{"@id":"https:\/\/metrecubic.com\/fr\/blog\/quest-ce-qui-determine-le-prix-de-la-location-dun-box-de-stockage-a-sabadell\/#primaryimage"},"thumbnailUrl":"https:\/\/metrecubic.com\/wp-content\/uploads\/storage-mtro319-petita-1.jpg","datePublished":"2025-01-08T10:05:20+00:00","dateModified":"2025-02-07T12:24:54+00:00","description":"Les principaux facteurs qui influent sur le prix d\u2019un box de stockage \u00e0 Sabadell. Taille, emplacement et services additionnels D\u00e9couvrez-les et faites des \u00e9conomies!","breadcrumb":{"@id":"https:\/\/metrecubic.com\/fr\/blog\/quest-ce-qui-determine-le-prix-de-la-location-dun-box-de-stockage-a-sabadell\/#breadcrumb"},"inLanguage":"fr-FR","potentialAction":[{"@type":"ReadAction","target":["https:\/\/metrecubic.com\/fr\/blog\/quest-ce-qui-determine-le-prix-de-la-location-dun-box-de-stockage-a-sabadell\/"]}]},{"@type":"ImageObject","inLanguage":"fr-FR","@id":"https:\/\/metrecubic.com\/fr\/blog\/quest-ce-qui-determine-le-prix-de-la-location-dun-box-de-stockage-a-sabadell\/#primaryimage","url":"https:\/\/metrecubic.com\/wp-content\/uploads\/storage-mtro319-petita-1.jpg","contentUrl":"https:\/\/metrecubic.com\/wp-content\/uploads\/storage-mtro319-petita-1.jpg","width":761,"height":508},{"@type":"BreadcrumbList","@id":"https:\/\/metrecubic.com\/fr\/blog\/quest-ce-qui-determine-le-prix-de-la-location-dun-box-de-stockage-a-sabadell\/#breadcrumb","itemListElement":[{"@type":"ListItem","position":1,"name":"Portada","item":"https:\/\/metrecubic.com\/fr\/"},{"@type":"ListItem","position":2,"name":"Qu\u2019est-ce qui d\u00e9termine le prix de la location d\u2019un box de stockage \u00e0 Sabadell?"}]},{"@type":"WebSite","@id":"https:\/\/metrecubic.com\/fr\/#website","url":"https:\/\/metrecubic.com\/fr\/","name":"METRECUBIC","description":"Mudanzas y trasteros Sabadell y Girona","publisher":{"@id":"https:\/\/metrecubic.com\/fr\/#organization"},"potentialAction":[{"@type":"SearchAction","target":{"@type":"EntryPoint","urlTemplate":"https:\/\/metrecubic.com\/fr\/?s={search_term_string}"},"query-input":{"@type":"PropertyValueSpecification","valueRequired":true,"valueName":"search_term_string"}}],"inLanguage":"fr-FR"},{"@type":"Organization","@id":"https:\/\/metrecubic.com\/fr\/#organization","name":"METRECUBIC","url":"https:\/\/metrecubic.com\/fr\/","logo":{"@type":"ImageObject","inLanguage":"fr-FR","@id":"https:\/\/metrecubic.com\/fr\/#\/schema\/logo\/image\/","url":"https:\/\/metrecubic.com\/wp-content\/uploads\/logo-metrecubic.png","contentUrl":"https:\/\/metrecubic.com\/wp-content\/uploads\/logo-metrecubic.png","width":159,"height":159,"caption":"METRECUBIC"},"image":{"@id":"https:\/\/metrecubic.com\/fr\/#\/schema\/logo\/image\/"}},{"@type":"Person","@id":"https:\/\/metrecubic.com\/fr\/#\/schema\/person\/a6ff476231cc7e78ec40fed152bcb241","name":"emfasi","sameAs":["https:\/\/metrecubic.com"],"url":"https:\/\/metrecubic.com\/fr\/author\/emfasi\/"}]}},"_links":{"self":[{"href":"https:\/\/metrecubic.com\/fr\/wp-json\/wp\/v2\/posts\/5501","targetHints":{"allow":["GET"]}}],"collection":[{"href":"https:\/\/metrecubic.com\/fr\/wp-json\/wp\/v2\/posts"}],"about":[{"href":"https:\/\/metrecubic.com\/fr\/wp-json\/wp\/v2\/types\/post"}],"author":[{"embeddable":true,"href":"https:\/\/metrecubic.com\/fr\/wp-json\/wp\/v2\/users\/1"}],"replies":[{"embeddable":true,"href":"https:\/\/metrecubic.com\/fr\/wp-json\/wp\/v2\/comments?post=5501"}],"version-history":[{"count":1,"href":"https:\/\/metrecubic.com\/fr\/wp-json\/wp\/v2\/posts\/5501\/revisions"}],"predecessor-version":[{"id":5502,"href":"https:\/\/metrecubic.com\/fr\/wp-json\/wp\/v2\/posts\/5501\/revisions\/5502"}],"wp:featuredmedia":[{"embeddable":true,"href":"https:\/\/metrecubic.com\/fr\/wp-json\/wp\/v2\/media\/5356"}],"wp:attachment":[{"href":"https:\/\/metrecubic.com\/fr\/wp-json\/wp\/v2\/media?parent=5501"}],"wp:term":[{"taxonomy":"category","embeddable":true,"href":"https:\/\/metrecubic.com\/fr\/wp-json\/wp\/v2\/categories?post=5501"},{"taxonomy":"post_tag","embeddable":true,"href":"https:\/\/metrecubic.com\/fr\/wp-json\/wp\/v2\/tags?post=5501"}],"curies":[{"name":"wp","href":"https:\/\/api.w.org\/{rel}","templated":true}]}}