{"id":1986,"date":"2024-04-18T08:37:00","date_gmt":"2024-04-18T08:37:00","guid":{"rendered":"https:\/\/metrecubic.com\/comment-choisir-la-taille-ideale-dun-local-de-stockage\/"},"modified":"2025-10-28T12:24:08","modified_gmt":"2025-10-28T12:24:08","slug":"comment-choisir-la-taille-ideale-dun-local-de-stockage","status":"publish","type":"post","link":"https:\/\/metrecubic.com\/fr\/blog\/comment-choisir-la-taille-ideale-dun-local-de-stockage\/","title":{"rendered":"Comment choisir la taille id\u00e9ale d&rsquo;un local de stockage ?"},"content":{"rendered":"\n<p>Les <a href=\"https:\/\/metrecubic.com\/fr\/location-dun-local-de-stockage\/\">chambres de stockage<\/a> et les garde-meubles sont une solution pratique et tr\u00e8s utile lorsque vous souhaitez entreposer vos biens, soit parce que vous d\u00e9m\u00e9nagez, soit parce que vous avez simplement besoin de lib\u00e9rer de l&rsquo;espace chez vous. Ils sont \u00e9galement tr\u00e8s pratiques pour les entreprises et les boutiques en ligne.<\/p>\n<p>Vous avez besoin d&rsquo;un local de stockage et vous vous demandez comment choisir la taille id\u00e9ale ? Savez-vous de quel espace vous avez r\u00e9ellement besoin ? Metrecubic vous propose quelques conseils qui vous aideront \u00e0 prendre la meilleure d\u00e9cision et vous pourrez choisir votre local de stockage en \u00e9tant convaincu qu&rsquo;il est le plus adapt\u00e9 \u00e0 vos besoins.<\/p>\n<h2>1) Faites l&rsquo;inventaire de vos biens.<\/h2>\n<p>Tout d&rsquo;abord, faites l&rsquo;inventaire de tout ce que vous devez stocker dans le local de stockage. Mesurez les cartons, les meubles, les v\u00e9los, les \u00e9quipements sportifs&#8230; ou tout autre objet que vous souhaitez stocker. Organisez vos affaires en diff\u00e9rentes cat\u00e9gories. Cela vous donnera une id\u00e9e de l&rsquo;espace dont vous aurez besoin en m\u00e8tres carr\u00e9s.<\/p>\n<h2>2. Calculez la taille id\u00e9ale du local de stockage<\/h2>\n<p>Une fois l&rsquo;inventaire dress\u00e9, vous pouvez calculer l&rsquo;espace. Les dimensions des locaux de stockage et des garde-meubles jouent un r\u00f4le crucial. Nous partageons avec vous un guide \u00e0 titre de r\u00e9f\u00e9rence, afin que vous puissiez vous faire une id\u00e9e de ce qui pourrait vous convenir :<\/p>\n<ul>\n<li aria-level=\"1\">1m2. Un d\u00e9barras de cette taille est id\u00e9al pour ranger un v\u00e9lo ou 10 cartons, ainsi qu&rsquo;un petit bureau.<\/li>\n<li aria-level=\"1\">2m2. Si vous souhaitez stocker des appareils tels qu&rsquo;un r\u00e9frig\u00e9rateur, un lave-linge, un s\u00e8che-linge, ainsi que 15 cartons dans votre local de stockage, cette taille est id\u00e9ale. Une autre pi\u00e8ce de rangement de 2 m2 peut \u00e9galement accueillir un lit simple avec matelas, un bureau et un canap\u00e9 \u00e0 trois places.<\/li>\n<li aria-level=\"1\">4m2. Cette taille de local de stockage est suffisante pour stocker le contenu d&rsquo;un appartement de 50 m2 avec une seule pi\u00e8ce.<\/li>\n<li aria-level=\"1\">6-8m2. Parfait pour stocker le contenu d&rsquo;un appartement de 70m2 avec 2 ou 3 pi\u00e8ces.<\/li>\n<li aria-level=\"1\">+10m2. Pour les palettes ou les maisons de plus de 150m2.<\/li>\n<\/ul>\n<p>Vous savez maintenant comment calculer la taille id\u00e9ale d&rsquo;un local de stockage. De mani\u00e8re g\u00e9n\u00e9rale, on peut dire que pour les particuliers, la taille id\u00e9ale d&rsquo;un local de stockage est de 4m2. Vous pensez peut-\u00eatre qu&rsquo;il n&rsquo;est pas facile de trouver un local de stockage, mais il est int\u00e9ressant de savoir que la taille moyenne d&rsquo;un local de stockage se situe entre 4 et 8 m2, en fonction de vos besoins. Ne vous inqui\u00e9tez pas si vous pensez avoir fait une erreur lors du choix de la taille, vous pouvez la modifier \u00e0 tout moment.<\/p>\n<h2>3. envisager l&rsquo;accessibilit\u00e9<\/h2>\n<p>Si vous avez besoin d&rsquo;acc\u00e9der fr\u00e9quemment \u00e0 un local de stockage, il est pr\u00e9f\u00e9rable de choisir un local bien situ\u00e9 et facilement accessible. Il est recommand\u00e9 que votre local de stockage vous permette de vous d\u00e9placer facilement et d&rsquo;acc\u00e9der \u00e0 vos objets sans difficult\u00e9. Dans les entrep\u00f4ts et garde-meubles de Metrecubic, nous proposons un acc\u00e8s 24h\/24 et 7j\/7 pour faciliter l&rsquo;acc\u00e8s aux biens en dehors des heures d&rsquo;ouverture.<\/p>\n<h2>4. Optez pour un local de stockage s\u00e9curis\u00e9<\/h2>\n<p>Nous voulons tous que nos biens soient stock\u00e9s en toute s\u00e9curit\u00e9. Lorsque vous recherchez la meilleure option, envisagez des mesures de s\u00e9curit\u00e9 appropri\u00e9es, telles que des cam\u00e9ras de surveillance, des syst\u00e8mes d&rsquo;incendie, des alarmes et des contr\u00f4les d&rsquo;acc\u00e8s.<\/p>\n<h2>5. Pensez \u00e0 moyen et long terme<\/h2>\n<p>Chez Metrecubic, choisissez le local de stockage ou le garde-meubles dont vous pensez avoir besoin maintenant et ne payez pas pour plus d&rsquo;espace que vous n&rsquo;en avez besoin, car vous pouvez changer de local de stockage quand vous en avez besoin, ce qui vous permet d&rsquo;\u00e9conomiser le co\u00fbt de l&rsquo;espace que vous n&rsquo;utilisez pas. Pourquoi avez-vous besoin de plus d&rsquo;espace ? nous le modifions en un mod\u00e8le plus grand et vous commencez \u00e0 payer la diff\u00e9rence \u00e0 partir de ce moment-l\u00e0.<\/p>\n<p>\u00a0<\/p>\n<h2>6. Demandez l&rsquo;avis d&rsquo;un professionnel<\/h2>\n<p>Vous avez encore des doutes quant \u00e0 la taille de la salle de stockage qui vous convient ? Chez Metrecubic, nous vous offrons un accompagnement personnalis\u00e9 en fonction de vos besoins sp\u00e9cifiques et nous vous aiderons \u00e0 trouver la solution la meilleure et la plus adapt\u00e9e pour vous.<\/p>\n<h2>Et aussi&#8230;<\/h2>\n<h3>\u00a0<\/h3>\n<p>Lorsque vous souhaitez stocker, il est int\u00e9ressant de prendre en compte l&rsquo;importance de.. :<\/p>\n<ul>\n<li aria-level=\"1\">Tirer le meilleur parti de l&rsquo;espace vertical. Organisez votre espace de rangement avec des \u00e9tag\u00e8res, des organisateurs et des syst\u00e8mes de rangement, non seulement pour garder vos biens organis\u00e9s, mais aussi pour tirer le meilleur parti de votre espace de rangement.<\/li>\n<li aria-level=\"1\">\u00c9tiquetez correctement vos bo\u00eetes. Vous verrez que vous trouverez rapidement tout ce dont vous avez besoin.<\/li>\n<li aria-level=\"1\">Prot\u00e9gez vos biens. Dans les entrep\u00f4ts et les garde-meubles, vous pouvez utiliser des couvertures ou des bo\u00eetes en carton pour prot\u00e9ger vos biens de la poussi\u00e8re.<\/li>\n<\/ul>\n<p>Bien qu&rsquo;il puisse sembler compliqu\u00e9 de choisir la taille parfaite d&rsquo;un local de stockage, ce n&rsquo;est pas le cas si vous suivez les conseils que nous vous proposons. Vous trouverez certainement la solution id\u00e9ale pour vos besoins de stockage. N&rsquo;oubliez pas de r\u00e9fl\u00e9chir \u00e0 vos besoins actuels et futurs, en pensant \u00e0 choisir un local de stockage s\u00e9curis\u00e9 et bien accessible et \u00e0 optimiser l&rsquo;espace gr\u00e2ce \u00e0 des techniques d&rsquo;organisation.<\/p>\n<p>Ne cherchez plus \u00e0 stocker et comptez sur Metrecubic. Nous offrons les meilleures options pour les particuliers et les entreprises, des salles de stockage de haute qualit\u00e9 \u00e0 des prix abordables. Nous disposons de salles de stockage et de garde-meubles de diff\u00e9rentes tailles pour r\u00e9pondre \u00e0 vos besoins de stockage, des petites armoires aux espaces de stockage de grande taille. En outre, nos clients ont acc\u00e8s au parking priv\u00e9, avec une grande zone de chargement et de d\u00e9chargement, et disposent de chariots et de transpalettes. Nous proposons \u00e9galement des services de d\u00e9m\u00e9nagement et d&#8217;emballage, <a href=\"https:\/\/metrecubic.com\/fr\/contact\/\">demandez-nous les tarifs et les plans<\/a>.<\/p>\n<p>Si vous \u00eates \u00e9galement une entreprise, nous vous proposons \u00e9galement un service de r\u00e9ception des marchandises, de destruction de la documentation et de classement des dossiers sur \u00e9tag\u00e8res.<\/p>\n<p>Ce sera un plaisir de vous servir. Nous sommes certains d&rsquo;\u00eatre la meilleure option en mati\u00e8re de location de salles de stockage dans les r\u00e9gions o\u00f9 nous sommes pr\u00e9sents, \u00e0 <a href=\"https:\/\/metrecubic.com\/fr\/location-dune-chambre-de-stockage-a-sabadell\/\">Sabadell<\/a> et \u00e0 <a href=\"https:\/\/metrecubic.com\/fr\/chambres-de-stockage-a-louer-a-girona\/\">G\u00e9rone<\/a>.<\/p>\n<p>\u00a0<\/p>\n","protected":false},"excerpt":{"rendered":"<p>Les chambres de stockage et les garde-meubles sont une solution pratique et tr\u00e8s utile lorsque vous souhaitez entreposer vos biens, soit parce que vous d\u00e9m\u00e9nagez, soit parce que vous avez &hellip;<\/p>\n","protected":false},"author":1,"featured_media":1277,"comment_status":"closed","ping_status":"closed","sticky":false,"template":"","format":"standard","meta":{"_acf_changed":false,"footnotes":""},"categories":[151,272],"tags":[],"class_list":["post-1986","post","type-post","status-publish","format-standard","has-post-thumbnail","hentry","category-stockage-et-demenagements-metrecubic","category-locaux-de-stockage"],"acf":[],"yoast_head":"<!-- This site is optimized with the Yoast SEO plugin v27.4 - https:\/\/yoast.com\/product\/yoast-seo-wordpress\/ -->\n<title>Locaux de stockage et garde-meubles : dimensions<\/title>\n<meta name=\"description\" content=\"Vous avez besoin d&#039;un local de stockage et vous vous demandez comment choisir la taille id\u00e9ale d&#039;un local de stockage ?\" \/>\n<meta name=\"robots\" content=\"index, follow, max-snippet:-1, max-image-preview:large, max-video-preview:-1\" \/>\n<link rel=\"canonical\" href=\"https:\/\/metrecubic.com\/fr\/blog\/comment-choisir-la-taille-ideale-dun-local-de-stockage\/\" \/>\n<meta property=\"og:locale\" content=\"fr_FR\" \/>\n<meta property=\"og:type\" content=\"article\" \/>\n<meta property=\"og:title\" content=\"Locaux de stockage et garde-meubles : dimensions\" \/>\n<meta property=\"og:description\" content=\"Vous avez besoin d&#039;un local de stockage et vous vous demandez comment choisir la taille id\u00e9ale d&#039;un local de stockage ?\" \/>\n<meta property=\"og:url\" content=\"https:\/\/metrecubic.com\/fr\/blog\/comment-choisir-la-taille-ideale-dun-local-de-stockage\/\" \/>\n<meta property=\"og:site_name\" content=\"METRECUBIC\" \/>\n<meta property=\"article:published_time\" content=\"2024-04-18T08:37:00+00:00\" \/>\n<meta property=\"article:modified_time\" content=\"2025-10-28T12:24:08+00:00\" \/>\n<meta property=\"og:image\" content=\"https:\/\/metrecubic.com\/wp-content\/uploads\/STORAGE_metre722.jpg\" \/>\n\t<meta property=\"og:image:width\" content=\"640\" \/>\n\t<meta property=\"og:image:height\" content=\"428\" \/>\n\t<meta property=\"og:image:type\" content=\"image\/jpeg\" \/>\n<meta name=\"author\" content=\"emfasi\" \/>\n<meta name=\"twitter:card\" content=\"summary_large_image\" \/>\n<meta name=\"twitter:label1\" content=\"\u00c9crit par\" \/>\n\t<meta name=\"twitter:data1\" content=\"emfasi\" \/>\n\t<meta name=\"twitter:label2\" content=\"Dur\u00e9e de lecture estim\u00e9e\" \/>\n\t<meta name=\"twitter:data2\" content=\"5 minutes\" \/>\n<script type=\"application\/ld+json\" class=\"yoast-schema-graph\">{\"@context\":\"https:\\\/\\\/schema.org\",\"@graph\":[{\"@type\":\"Article\",\"@id\":\"https:\\\/\\\/metrecubic.com\\\/fr\\\/blog\\\/comment-choisir-la-taille-ideale-dun-local-de-stockage\\\/#article\",\"isPartOf\":{\"@id\":\"https:\\\/\\\/metrecubic.com\\\/fr\\\/blog\\\/comment-choisir-la-taille-ideale-dun-local-de-stockage\\\/\"},\"author\":{\"name\":\"emfasi\",\"@id\":\"https:\\\/\\\/metrecubic.com\\\/fr\\\/#\\\/schema\\\/person\\\/a6ff476231cc7e78ec40fed152bcb241\"},\"headline\":\"Comment choisir la taille id\u00e9ale d&rsquo;un local de stockage ?\",\"datePublished\":\"2024-04-18T08:37:00+00:00\",\"dateModified\":\"2025-10-28T12:24:08+00:00\",\"mainEntityOfPage\":{\"@id\":\"https:\\\/\\\/metrecubic.com\\\/fr\\\/blog\\\/comment-choisir-la-taille-ideale-dun-local-de-stockage\\\/\"},\"wordCount\":1127,\"publisher\":{\"@id\":\"https:\\\/\\\/metrecubic.com\\\/fr\\\/#organization\"},\"image\":{\"@id\":\"https:\\\/\\\/metrecubic.com\\\/fr\\\/blog\\\/comment-choisir-la-taille-ideale-dun-local-de-stockage\\\/#primaryimage\"},\"thumbnailUrl\":\"https:\\\/\\\/metrecubic.com\\\/wp-content\\\/uploads\\\/STORAGE_metre722.jpg\",\"articleSection\":[\"Garde-meubles\",\"Locaux de stockage\"],\"inLanguage\":\"fr-FR\"},{\"@type\":\"WebPage\",\"@id\":\"https:\\\/\\\/metrecubic.com\\\/fr\\\/blog\\\/comment-choisir-la-taille-ideale-dun-local-de-stockage\\\/\",\"url\":\"https:\\\/\\\/metrecubic.com\\\/fr\\\/blog\\\/comment-choisir-la-taille-ideale-dun-local-de-stockage\\\/\",\"name\":\"Locaux de stockage et garde-meubles : dimensions\",\"isPartOf\":{\"@id\":\"https:\\\/\\\/metrecubic.com\\\/fr\\\/#website\"},\"primaryImageOfPage\":{\"@id\":\"https:\\\/\\\/metrecubic.com\\\/fr\\\/blog\\\/comment-choisir-la-taille-ideale-dun-local-de-stockage\\\/#primaryimage\"},\"image\":{\"@id\":\"https:\\\/\\\/metrecubic.com\\\/fr\\\/blog\\\/comment-choisir-la-taille-ideale-dun-local-de-stockage\\\/#primaryimage\"},\"thumbnailUrl\":\"https:\\\/\\\/metrecubic.com\\\/wp-content\\\/uploads\\\/STORAGE_metre722.jpg\",\"datePublished\":\"2024-04-18T08:37:00+00:00\",\"dateModified\":\"2025-10-28T12:24:08+00:00\",\"description\":\"Vous avez besoin d'un local de stockage et vous vous demandez comment choisir la taille id\u00e9ale d'un local de stockage ?\",\"breadcrumb\":{\"@id\":\"https:\\\/\\\/metrecubic.com\\\/fr\\\/blog\\\/comment-choisir-la-taille-ideale-dun-local-de-stockage\\\/#breadcrumb\"},\"inLanguage\":\"fr-FR\",\"potentialAction\":[{\"@type\":\"ReadAction\",\"target\":[\"https:\\\/\\\/metrecubic.com\\\/fr\\\/blog\\\/comment-choisir-la-taille-ideale-dun-local-de-stockage\\\/\"]}]},{\"@type\":\"ImageObject\",\"inLanguage\":\"fr-FR\",\"@id\":\"https:\\\/\\\/metrecubic.com\\\/fr\\\/blog\\\/comment-choisir-la-taille-ideale-dun-local-de-stockage\\\/#primaryimage\",\"url\":\"https:\\\/\\\/metrecubic.com\\\/wp-content\\\/uploads\\\/STORAGE_metre722.jpg\",\"contentUrl\":\"https:\\\/\\\/metrecubic.com\\\/wp-content\\\/uploads\\\/STORAGE_metre722.jpg\",\"width\":2531,\"height\":1693},{\"@type\":\"BreadcrumbList\",\"@id\":\"https:\\\/\\\/metrecubic.com\\\/fr\\\/blog\\\/comment-choisir-la-taille-ideale-dun-local-de-stockage\\\/#breadcrumb\",\"itemListElement\":[{\"@type\":\"ListItem\",\"position\":1,\"name\":\"Portada\",\"item\":\"https:\\\/\\\/metrecubic.com\\\/fr\\\/\"},{\"@type\":\"ListItem\",\"position\":2,\"name\":\"Comment choisir la taille id\u00e9ale d&#8217;un local de stockage ?\"}]},{\"@type\":\"WebSite\",\"@id\":\"https:\\\/\\\/metrecubic.com\\\/fr\\\/#website\",\"url\":\"https:\\\/\\\/metrecubic.com\\\/fr\\\/\",\"name\":\"METRECUBIC\",\"description\":\"Mudanzas y trasteros Sabadell y Girona\",\"publisher\":{\"@id\":\"https:\\\/\\\/metrecubic.com\\\/fr\\\/#organization\"},\"potentialAction\":[{\"@type\":\"SearchAction\",\"target\":{\"@type\":\"EntryPoint\",\"urlTemplate\":\"https:\\\/\\\/metrecubic.com\\\/fr\\\/?s={search_term_string}\"},\"query-input\":{\"@type\":\"PropertyValueSpecification\",\"valueRequired\":true,\"valueName\":\"search_term_string\"}}],\"inLanguage\":\"fr-FR\"},{\"@type\":\"Organization\",\"@id\":\"https:\\\/\\\/metrecubic.com\\\/fr\\\/#organization\",\"name\":\"METRECUBIC\",\"url\":\"https:\\\/\\\/metrecubic.com\\\/fr\\\/\",\"logo\":{\"@type\":\"ImageObject\",\"inLanguage\":\"fr-FR\",\"@id\":\"https:\\\/\\\/metrecubic.com\\\/fr\\\/#\\\/schema\\\/logo\\\/image\\\/\",\"url\":\"https:\\\/\\\/metrecubic.com\\\/wp-content\\\/uploads\\\/logo-metrecubic.png\",\"contentUrl\":\"https:\\\/\\\/metrecubic.com\\\/wp-content\\\/uploads\\\/logo-metrecubic.png\",\"width\":159,\"height\":159,\"caption\":\"METRECUBIC\"},\"image\":{\"@id\":\"https:\\\/\\\/metrecubic.com\\\/fr\\\/#\\\/schema\\\/logo\\\/image\\\/\"}},{\"@type\":\"Person\",\"@id\":\"https:\\\/\\\/metrecubic.com\\\/fr\\\/#\\\/schema\\\/person\\\/a6ff476231cc7e78ec40fed152bcb241\",\"name\":\"emfasi\",\"sameAs\":[\"https:\\\/\\\/metrecubic.com\"],\"url\":\"https:\\\/\\\/metrecubic.com\\\/fr\\\/author\\\/emfasi\\\/\"}]}<\/script>\n<!-- \/ Yoast SEO plugin. -->","yoast_head_json":{"title":"Locaux de stockage et garde-meubles : dimensions","description":"Vous avez besoin d'un local de stockage et vous vous demandez comment choisir la taille id\u00e9ale d'un local de stockage ?","robots":{"index":"index","follow":"follow","max-snippet":"max-snippet:-1","max-image-preview":"max-image-preview:large","max-video-preview":"max-video-preview:-1"},"canonical":"https:\/\/metrecubic.com\/fr\/blog\/comment-choisir-la-taille-ideale-dun-local-de-stockage\/","og_locale":"fr_FR","og_type":"article","og_title":"Locaux de stockage et garde-meubles : dimensions","og_description":"Vous avez besoin d'un local de stockage et vous vous demandez comment choisir la taille id\u00e9ale d'un local de stockage ?","og_url":"https:\/\/metrecubic.com\/fr\/blog\/comment-choisir-la-taille-ideale-dun-local-de-stockage\/","og_site_name":"METRECUBIC","article_published_time":"2024-04-18T08:37:00+00:00","article_modified_time":"2025-10-28T12:24:08+00:00","og_image":[{"url":"https:\/\/metrecubic.com\/wp-content\/uploads\/STORAGE_metre722.jpg","width":640,"height":428,"type":"image\/jpeg"}],"author":"emfasi","twitter_card":"summary_large_image","twitter_misc":{"\u00c9crit par":"emfasi","Dur\u00e9e de lecture estim\u00e9e":"5 minutes"},"schema":{"@context":"https:\/\/schema.org","@graph":[{"@type":"Article","@id":"https:\/\/metrecubic.com\/fr\/blog\/comment-choisir-la-taille-ideale-dun-local-de-stockage\/#article","isPartOf":{"@id":"https:\/\/metrecubic.com\/fr\/blog\/comment-choisir-la-taille-ideale-dun-local-de-stockage\/"},"author":{"name":"emfasi","@id":"https:\/\/metrecubic.com\/fr\/#\/schema\/person\/a6ff476231cc7e78ec40fed152bcb241"},"headline":"Comment choisir la taille id\u00e9ale d&rsquo;un local de stockage ?","datePublished":"2024-04-18T08:37:00+00:00","dateModified":"2025-10-28T12:24:08+00:00","mainEntityOfPage":{"@id":"https:\/\/metrecubic.com\/fr\/blog\/comment-choisir-la-taille-ideale-dun-local-de-stockage\/"},"wordCount":1127,"publisher":{"@id":"https:\/\/metrecubic.com\/fr\/#organization"},"image":{"@id":"https:\/\/metrecubic.com\/fr\/blog\/comment-choisir-la-taille-ideale-dun-local-de-stockage\/#primaryimage"},"thumbnailUrl":"https:\/\/metrecubic.com\/wp-content\/uploads\/STORAGE_metre722.jpg","articleSection":["Garde-meubles","Locaux de stockage"],"inLanguage":"fr-FR"},{"@type":"WebPage","@id":"https:\/\/metrecubic.com\/fr\/blog\/comment-choisir-la-taille-ideale-dun-local-de-stockage\/","url":"https:\/\/metrecubic.com\/fr\/blog\/comment-choisir-la-taille-ideale-dun-local-de-stockage\/","name":"Locaux de stockage et garde-meubles : dimensions","isPartOf":{"@id":"https:\/\/metrecubic.com\/fr\/#website"},"primaryImageOfPage":{"@id":"https:\/\/metrecubic.com\/fr\/blog\/comment-choisir-la-taille-ideale-dun-local-de-stockage\/#primaryimage"},"image":{"@id":"https:\/\/metrecubic.com\/fr\/blog\/comment-choisir-la-taille-ideale-dun-local-de-stockage\/#primaryimage"},"thumbnailUrl":"https:\/\/metrecubic.com\/wp-content\/uploads\/STORAGE_metre722.jpg","datePublished":"2024-04-18T08:37:00+00:00","dateModified":"2025-10-28T12:24:08+00:00","description":"Vous avez besoin d'un local de stockage et vous vous demandez comment choisir la taille id\u00e9ale d'un local de stockage ?","breadcrumb":{"@id":"https:\/\/metrecubic.com\/fr\/blog\/comment-choisir-la-taille-ideale-dun-local-de-stockage\/#breadcrumb"},"inLanguage":"fr-FR","potentialAction":[{"@type":"ReadAction","target":["https:\/\/metrecubic.com\/fr\/blog\/comment-choisir-la-taille-ideale-dun-local-de-stockage\/"]}]},{"@type":"ImageObject","inLanguage":"fr-FR","@id":"https:\/\/metrecubic.com\/fr\/blog\/comment-choisir-la-taille-ideale-dun-local-de-stockage\/#primaryimage","url":"https:\/\/metrecubic.com\/wp-content\/uploads\/STORAGE_metre722.jpg","contentUrl":"https:\/\/metrecubic.com\/wp-content\/uploads\/STORAGE_metre722.jpg","width":2531,"height":1693},{"@type":"BreadcrumbList","@id":"https:\/\/metrecubic.com\/fr\/blog\/comment-choisir-la-taille-ideale-dun-local-de-stockage\/#breadcrumb","itemListElement":[{"@type":"ListItem","position":1,"name":"Portada","item":"https:\/\/metrecubic.com\/fr\/"},{"@type":"ListItem","position":2,"name":"Comment choisir la taille id\u00e9ale d&#8217;un local de stockage ?"}]},{"@type":"WebSite","@id":"https:\/\/metrecubic.com\/fr\/#website","url":"https:\/\/metrecubic.com\/fr\/","name":"METRECUBIC","description":"Mudanzas y trasteros Sabadell y Girona","publisher":{"@id":"https:\/\/metrecubic.com\/fr\/#organization"},"potentialAction":[{"@type":"SearchAction","target":{"@type":"EntryPoint","urlTemplate":"https:\/\/metrecubic.com\/fr\/?s={search_term_string}"},"query-input":{"@type":"PropertyValueSpecification","valueRequired":true,"valueName":"search_term_string"}}],"inLanguage":"fr-FR"},{"@type":"Organization","@id":"https:\/\/metrecubic.com\/fr\/#organization","name":"METRECUBIC","url":"https:\/\/metrecubic.com\/fr\/","logo":{"@type":"ImageObject","inLanguage":"fr-FR","@id":"https:\/\/metrecubic.com\/fr\/#\/schema\/logo\/image\/","url":"https:\/\/metrecubic.com\/wp-content\/uploads\/logo-metrecubic.png","contentUrl":"https:\/\/metrecubic.com\/wp-content\/uploads\/logo-metrecubic.png","width":159,"height":159,"caption":"METRECUBIC"},"image":{"@id":"https:\/\/metrecubic.com\/fr\/#\/schema\/logo\/image\/"}},{"@type":"Person","@id":"https:\/\/metrecubic.com\/fr\/#\/schema\/person\/a6ff476231cc7e78ec40fed152bcb241","name":"emfasi","sameAs":["https:\/\/metrecubic.com"],"url":"https:\/\/metrecubic.com\/fr\/author\/emfasi\/"}]}},"_links":{"self":[{"href":"https:\/\/metrecubic.com\/fr\/wp-json\/wp\/v2\/posts\/1986","targetHints":{"allow":["GET"]}}],"collection":[{"href":"https:\/\/metrecubic.com\/fr\/wp-json\/wp\/v2\/posts"}],"about":[{"href":"https:\/\/metrecubic.com\/fr\/wp-json\/wp\/v2\/types\/post"}],"author":[{"embeddable":true,"href":"https:\/\/metrecubic.com\/fr\/wp-json\/wp\/v2\/users\/1"}],"replies":[{"embeddable":true,"href":"https:\/\/metrecubic.com\/fr\/wp-json\/wp\/v2\/comments?post=1986"}],"version-history":[{"count":3,"href":"https:\/\/metrecubic.com\/fr\/wp-json\/wp\/v2\/posts\/1986\/revisions"}],"predecessor-version":[{"id":9140,"href":"https:\/\/metrecubic.com\/fr\/wp-json\/wp\/v2\/posts\/1986\/revisions\/9140"}],"wp:featuredmedia":[{"embeddable":true,"href":"https:\/\/metrecubic.com\/fr\/wp-json\/wp\/v2\/media\/1277"}],"wp:attachment":[{"href":"https:\/\/metrecubic.com\/fr\/wp-json\/wp\/v2\/media?parent=1986"}],"wp:term":[{"taxonomy":"category","embeddable":true,"href":"https:\/\/metrecubic.com\/fr\/wp-json\/wp\/v2\/categories?post=1986"},{"taxonomy":"post_tag","embeddable":true,"href":"https:\/\/metrecubic.com\/fr\/wp-json\/wp\/v2\/tags?post=1986"}],"curies":[{"name":"wp","href":"https:\/\/api.w.org\/{rel}","templated":true}]}}