{"id":8611,"date":"2025-06-18T08:00:13","date_gmt":"2025-06-18T08:00:13","guid":{"rendered":"https:\/\/metrecubic.com\/?post_type=success-stories&#038;p=8611"},"modified":"2025-06-18T08:31:10","modified_gmt":"2025-06-18T08:31:10","slug":"wubzburg-suissa-matadepera-espanya","status":"publish","type":"success-stories","link":"https:\/\/metrecubic.com\/es\/caso-de-exito\/wubzburg-suissa-matadepera-espanya\/","title":{"rendered":"Wubzburg (Su\u00efssa)-Matadepera (Espanya)"},"content":{"rendered":"\n<p>Realizamos con \u00e9xito la mudanza internacional desde Wubzburg (Suiza) hasta Matadepera (Barcelona), afrontando un trayecto de seis d\u00edas marcado por retos log\u00edsticos propios del periodo vacacional, como tr\u00e1fico intenso y una rueda pinchada en territorio franc\u00e9s.<\/p>\n\n\n\n<p>A pesar de las dificultades en ruta, garantizamos la entrega puntual del mobiliario en destino, manteniendo en todo momento los est\u00e1ndares de calidad, compromiso y profesionalidad que nos caracterizan.<\/p>\n\n\n\n<p>El cliente, que dejaba atr\u00e1s su etapa en Alemania para comenzar una nueva vida en Espa\u00f1a, quiso agradecer personalmente nuestro trabajo con un gesto muy especial: ofreci\u00f3 un desayuno completo a nuestros operarios como muestra de gratitud por el esfuerzo y la dedicaci\u00f3n durante todo el proceso. Un detalle que valoramos enormemente.<\/p>\n\n\n\n<p>Este caso refleja no solo nuestra capacidad para afrontar mudanzas internacionales complejas, sino tambi\u00e9n el v\u00ednculo de confianza que establecemos con cada cliente. En Metrecubic nos encargamos de todo para que tu traslado sea f\u00e1cil, seguro y sin preocupaciones.<\/p>\n","protected":false},"excerpt":{"rendered":"<p>Realizamos con \u00e9xito la mudanza internacional desde Wubzburg (Suiza) hasta Matadepera (Barcelona), afrontando un trayecto de seis d\u00edas marcado por retos log\u00edsticos propios del periodo vacacional, como tr\u00e1fico intenso y &hellip;<\/p>\n","protected":false},"featured_media":8620,"template":"","meta":{"_acf_changed":false,"footnotes":""},"sector_cat":[211],"class_list":["post-8611","success-stories","type-success-stories","status-publish","has-post-thumbnail","hentry","sector_cat-mudanzas-internacionales"],"acf":[],"yoast_head":"<!-- This site is optimized with the Yoast SEO plugin v27.4 - https:\/\/yoast.com\/product\/yoast-seo-wordpress\/ -->\n<title>Wubzburg (Su\u00efssa)-Matadepera (Espanya) - METRECUBIC<\/title>\n<meta name=\"robots\" content=\"index, follow, max-snippet:-1, max-image-preview:large, max-video-preview:-1\" \/>\n<link rel=\"canonical\" href=\"https:\/\/metrecubic.com\/es\/caso-de-exito\/wubzburg-suissa-matadepera-espanya\/\" \/>\n<meta property=\"og:locale\" content=\"es_ES\" \/>\n<meta property=\"og:type\" content=\"article\" \/>\n<meta property=\"og:title\" content=\"Wubzburg (Su\u00efssa)-Matadepera (Espanya) - METRECUBIC\" \/>\n<meta property=\"og:description\" content=\"Realizamos con \u00e9xito la mudanza internacional desde Wubzburg (Suiza) hasta Matadepera (Barcelona), afrontando un trayecto de seis d\u00edas marcado por retos log\u00edsticos propios del periodo vacacional, como tr\u00e1fico intenso y &hellip;\" \/>\n<meta property=\"og:url\" content=\"https:\/\/metrecubic.com\/es\/caso-de-exito\/wubzburg-suissa-matadepera-espanya\/\" \/>\n<meta property=\"og:site_name\" content=\"METRECUBIC\" \/>\n<meta property=\"article:modified_time\" content=\"2025-06-18T08:31:10+00:00\" \/>\n<meta property=\"og:image\" content=\"https:\/\/metrecubic.com\/wp-content\/uploads\/469516654_590007746858175_2553769488363887840_n-1.jpg\" \/>\n\t<meta property=\"og:image:width\" content=\"1080\" \/>\n\t<meta property=\"og:image:height\" content=\"1350\" \/>\n\t<meta property=\"og:image:type\" content=\"image\/jpeg\" \/>\n<meta name=\"twitter:card\" content=\"summary_large_image\" \/>\n<meta name=\"twitter:label1\" content=\"Tiempo de lectura\" \/>\n\t<meta name=\"twitter:data1\" content=\"1 minuto\" \/>\n<script type=\"application\/ld+json\" class=\"yoast-schema-graph\">{\"@context\":\"https:\\\/\\\/schema.org\",\"@graph\":[{\"@type\":\"WebPage\",\"@id\":\"https:\\\/\\\/metrecubic.com\\\/es\\\/caso-de-exito\\\/wubzburg-suissa-matadepera-espanya\\\/\",\"url\":\"https:\\\/\\\/metrecubic.com\\\/es\\\/caso-de-exito\\\/wubzburg-suissa-matadepera-espanya\\\/\",\"name\":\"Wubzburg (Su\u00efssa)-Matadepera (Espanya) - METRECUBIC\",\"isPartOf\":{\"@id\":\"https:\\\/\\\/metrecubic.com\\\/es\\\/#website\"},\"primaryImageOfPage\":{\"@id\":\"https:\\\/\\\/metrecubic.com\\\/es\\\/caso-de-exito\\\/wubzburg-suissa-matadepera-espanya\\\/#primaryimage\"},\"image\":{\"@id\":\"https:\\\/\\\/metrecubic.com\\\/es\\\/caso-de-exito\\\/wubzburg-suissa-matadepera-espanya\\\/#primaryimage\"},\"thumbnailUrl\":\"https:\\\/\\\/metrecubic.com\\\/wp-content\\\/uploads\\\/469516654_590007746858175_2553769488363887840_n-1.jpg\",\"datePublished\":\"2025-06-18T08:00:13+00:00\",\"dateModified\":\"2025-06-18T08:31:10+00:00\",\"breadcrumb\":{\"@id\":\"https:\\\/\\\/metrecubic.com\\\/es\\\/caso-de-exito\\\/wubzburg-suissa-matadepera-espanya\\\/#breadcrumb\"},\"inLanguage\":\"es\",\"potentialAction\":[{\"@type\":\"ReadAction\",\"target\":[\"https:\\\/\\\/metrecubic.com\\\/es\\\/caso-de-exito\\\/wubzburg-suissa-matadepera-espanya\\\/\"]}]},{\"@type\":\"ImageObject\",\"inLanguage\":\"es\",\"@id\":\"https:\\\/\\\/metrecubic.com\\\/es\\\/caso-de-exito\\\/wubzburg-suissa-matadepera-espanya\\\/#primaryimage\",\"url\":\"https:\\\/\\\/metrecubic.com\\\/wp-content\\\/uploads\\\/469516654_590007746858175_2553769488363887840_n-1.jpg\",\"contentUrl\":\"https:\\\/\\\/metrecubic.com\\\/wp-content\\\/uploads\\\/469516654_590007746858175_2553769488363887840_n-1.jpg\",\"width\":1080,\"height\":1350},{\"@type\":\"BreadcrumbList\",\"@id\":\"https:\\\/\\\/metrecubic.com\\\/es\\\/caso-de-exito\\\/wubzburg-suissa-matadepera-espanya\\\/#breadcrumb\",\"itemListElement\":[{\"@type\":\"ListItem\",\"position\":1,\"name\":\"Portada\",\"item\":\"https:\\\/\\\/metrecubic.com\\\/es\\\/\"},{\"@type\":\"ListItem\",\"position\":2,\"name\":\"Casos de \u00e9xito\",\"item\":\"https:\\\/\\\/metrecubic.com\\\/es\\\/caso-de-exito\\\/\"},{\"@type\":\"ListItem\",\"position\":3,\"name\":\"Wubzburg (Su\u00efssa)-Matadepera (Espanya)\"}]},{\"@type\":\"WebSite\",\"@id\":\"https:\\\/\\\/metrecubic.com\\\/es\\\/#website\",\"url\":\"https:\\\/\\\/metrecubic.com\\\/es\\\/\",\"name\":\"METRECUBIC\",\"description\":\"Mudanzas y trasteros Sabadell y Girona\",\"publisher\":{\"@id\":\"https:\\\/\\\/metrecubic.com\\\/es\\\/#organization\"},\"potentialAction\":[{\"@type\":\"SearchAction\",\"target\":{\"@type\":\"EntryPoint\",\"urlTemplate\":\"https:\\\/\\\/metrecubic.com\\\/es\\\/?s={search_term_string}\"},\"query-input\":{\"@type\":\"PropertyValueSpecification\",\"valueRequired\":true,\"valueName\":\"search_term_string\"}}],\"inLanguage\":\"es\"},{\"@type\":\"Organization\",\"@id\":\"https:\\\/\\\/metrecubic.com\\\/es\\\/#organization\",\"name\":\"METRECUBIC\",\"url\":\"https:\\\/\\\/metrecubic.com\\\/es\\\/\",\"logo\":{\"@type\":\"ImageObject\",\"inLanguage\":\"es\",\"@id\":\"https:\\\/\\\/metrecubic.com\\\/es\\\/#\\\/schema\\\/logo\\\/image\\\/\",\"url\":\"https:\\\/\\\/metrecubic.com\\\/wp-content\\\/uploads\\\/logo-metrecubic.png\",\"contentUrl\":\"https:\\\/\\\/metrecubic.com\\\/wp-content\\\/uploads\\\/logo-metrecubic.png\",\"width\":159,\"height\":159,\"caption\":\"METRECUBIC\"},\"image\":{\"@id\":\"https:\\\/\\\/metrecubic.com\\\/es\\\/#\\\/schema\\\/logo\\\/image\\\/\"}}]}<\/script>\n<!-- \/ Yoast SEO plugin. -->","yoast_head_json":{"title":"Wubzburg (Su\u00efssa)-Matadepera (Espanya) - METRECUBIC","robots":{"index":"index","follow":"follow","max-snippet":"max-snippet:-1","max-image-preview":"max-image-preview:large","max-video-preview":"max-video-preview:-1"},"canonical":"https:\/\/metrecubic.com\/es\/caso-de-exito\/wubzburg-suissa-matadepera-espanya\/","og_locale":"es_ES","og_type":"article","og_title":"Wubzburg (Su\u00efssa)-Matadepera (Espanya) - METRECUBIC","og_description":"Realizamos con \u00e9xito la mudanza internacional desde Wubzburg (Suiza) hasta Matadepera (Barcelona), afrontando un trayecto de seis d\u00edas marcado por retos log\u00edsticos propios del periodo vacacional, como tr\u00e1fico intenso y &hellip;","og_url":"https:\/\/metrecubic.com\/es\/caso-de-exito\/wubzburg-suissa-matadepera-espanya\/","og_site_name":"METRECUBIC","article_modified_time":"2025-06-18T08:31:10+00:00","og_image":[{"width":1080,"height":1350,"url":"https:\/\/metrecubic.com\/wp-content\/uploads\/469516654_590007746858175_2553769488363887840_n-1.jpg","type":"image\/jpeg"}],"twitter_card":"summary_large_image","twitter_misc":{"Tiempo de lectura":"1 minuto"},"schema":{"@context":"https:\/\/schema.org","@graph":[{"@type":"WebPage","@id":"https:\/\/metrecubic.com\/es\/caso-de-exito\/wubzburg-suissa-matadepera-espanya\/","url":"https:\/\/metrecubic.com\/es\/caso-de-exito\/wubzburg-suissa-matadepera-espanya\/","name":"Wubzburg (Su\u00efssa)-Matadepera (Espanya) - METRECUBIC","isPartOf":{"@id":"https:\/\/metrecubic.com\/es\/#website"},"primaryImageOfPage":{"@id":"https:\/\/metrecubic.com\/es\/caso-de-exito\/wubzburg-suissa-matadepera-espanya\/#primaryimage"},"image":{"@id":"https:\/\/metrecubic.com\/es\/caso-de-exito\/wubzburg-suissa-matadepera-espanya\/#primaryimage"},"thumbnailUrl":"https:\/\/metrecubic.com\/wp-content\/uploads\/469516654_590007746858175_2553769488363887840_n-1.jpg","datePublished":"2025-06-18T08:00:13+00:00","dateModified":"2025-06-18T08:31:10+00:00","breadcrumb":{"@id":"https:\/\/metrecubic.com\/es\/caso-de-exito\/wubzburg-suissa-matadepera-espanya\/#breadcrumb"},"inLanguage":"es","potentialAction":[{"@type":"ReadAction","target":["https:\/\/metrecubic.com\/es\/caso-de-exito\/wubzburg-suissa-matadepera-espanya\/"]}]},{"@type":"ImageObject","inLanguage":"es","@id":"https:\/\/metrecubic.com\/es\/caso-de-exito\/wubzburg-suissa-matadepera-espanya\/#primaryimage","url":"https:\/\/metrecubic.com\/wp-content\/uploads\/469516654_590007746858175_2553769488363887840_n-1.jpg","contentUrl":"https:\/\/metrecubic.com\/wp-content\/uploads\/469516654_590007746858175_2553769488363887840_n-1.jpg","width":1080,"height":1350},{"@type":"BreadcrumbList","@id":"https:\/\/metrecubic.com\/es\/caso-de-exito\/wubzburg-suissa-matadepera-espanya\/#breadcrumb","itemListElement":[{"@type":"ListItem","position":1,"name":"Portada","item":"https:\/\/metrecubic.com\/es\/"},{"@type":"ListItem","position":2,"name":"Casos de \u00e9xito","item":"https:\/\/metrecubic.com\/es\/caso-de-exito\/"},{"@type":"ListItem","position":3,"name":"Wubzburg (Su\u00efssa)-Matadepera (Espanya)"}]},{"@type":"WebSite","@id":"https:\/\/metrecubic.com\/es\/#website","url":"https:\/\/metrecubic.com\/es\/","name":"METRECUBIC","description":"Mudanzas y trasteros Sabadell y Girona","publisher":{"@id":"https:\/\/metrecubic.com\/es\/#organization"},"potentialAction":[{"@type":"SearchAction","target":{"@type":"EntryPoint","urlTemplate":"https:\/\/metrecubic.com\/es\/?s={search_term_string}"},"query-input":{"@type":"PropertyValueSpecification","valueRequired":true,"valueName":"search_term_string"}}],"inLanguage":"es"},{"@type":"Organization","@id":"https:\/\/metrecubic.com\/es\/#organization","name":"METRECUBIC","url":"https:\/\/metrecubic.com\/es\/","logo":{"@type":"ImageObject","inLanguage":"es","@id":"https:\/\/metrecubic.com\/es\/#\/schema\/logo\/image\/","url":"https:\/\/metrecubic.com\/wp-content\/uploads\/logo-metrecubic.png","contentUrl":"https:\/\/metrecubic.com\/wp-content\/uploads\/logo-metrecubic.png","width":159,"height":159,"caption":"METRECUBIC"},"image":{"@id":"https:\/\/metrecubic.com\/es\/#\/schema\/logo\/image\/"}}]}},"_links":{"self":[{"href":"https:\/\/metrecubic.com\/es\/wp-json\/wp\/v2\/success-stories\/8611","targetHints":{"allow":["GET"]}}],"collection":[{"href":"https:\/\/metrecubic.com\/es\/wp-json\/wp\/v2\/success-stories"}],"about":[{"href":"https:\/\/metrecubic.com\/es\/wp-json\/wp\/v2\/types\/success-stories"}],"version-history":[{"count":2,"href":"https:\/\/metrecubic.com\/es\/wp-json\/wp\/v2\/success-stories\/8611\/revisions"}],"predecessor-version":[{"id":8646,"href":"https:\/\/metrecubic.com\/es\/wp-json\/wp\/v2\/success-stories\/8611\/revisions\/8646"}],"wp:featuredmedia":[{"embeddable":true,"href":"https:\/\/metrecubic.com\/es\/wp-json\/wp\/v2\/media\/8620"}],"wp:attachment":[{"href":"https:\/\/metrecubic.com\/es\/wp-json\/wp\/v2\/media?parent=8611"}],"wp:term":[{"taxonomy":"sector_cat","embeddable":true,"href":"https:\/\/metrecubic.com\/es\/wp-json\/wp\/v2\/sector_cat?post=8611"}],"curies":[{"name":"wp","href":"https:\/\/api.w.org\/{rel}","templated":true}]}}