{"id":8601,"date":"2025-06-18T07:58:14","date_gmt":"2025-06-18T07:58:14","guid":{"rendered":"https:\/\/metrecubic.com\/?post_type=success-stories&#038;p=8601"},"modified":"2025-06-18T07:58:16","modified_gmt":"2025-06-18T07:58:16","slug":"suissa-vilassar-de-dalt","status":"publish","type":"success-stories","link":"https:\/\/metrecubic.com\/es\/caso-de-exito\/suissa-vilassar-de-dalt\/","title":{"rendered":"Su\u00efssa-Vilassar de Dalt"},"content":{"rendered":"\n<p>Gestionamos el traslado de una vivienda desde Suiza hasta Vilassar de Dalt (Barcelona), un trayecto internacional que inclu\u00eda mobiliario de dise\u00f1o y enseres personales.<\/p>\n\n\n\n<p>El principal reto fue coordinar los tiempos de recogida y entrega para que el cliente pudiera instalarse de forma inmediata a su llegada.<\/p>\n\n\n\n<p>Gracias a nuestro sistema de seguimiento log\u00edstico y al embalaje profesional de cada pieza, completamos la mudanza en tiempo r\u00e9cord y sin incidencias. Una muestra clara de nuestra excelencia en mudanzas puerta a puerta entre pa\u00edses.<\/p>\n","protected":false},"excerpt":{"rendered":"<p>Gestionamos el traslado de una vivienda desde Suiza hasta Vilassar de Dalt (Barcelona), un trayecto internacional que inclu\u00eda mobiliario de dise\u00f1o y enseres personales. El principal reto fue coordinar los &hellip;<\/p>\n","protected":false},"featured_media":8602,"template":"","meta":{"_acf_changed":false,"footnotes":""},"sector_cat":[211],"class_list":["post-8601","success-stories","type-success-stories","status-publish","has-post-thumbnail","hentry","sector_cat-mudanzas-internacionales"],"acf":[],"yoast_head":"<!-- This site is optimized with the Yoast SEO plugin v27.4 - https:\/\/yoast.com\/product\/yoast-seo-wordpress\/ -->\n<title>Su\u00efssa-Vilassar de Dalt - METRECUBIC<\/title>\n<meta name=\"robots\" content=\"index, follow, max-snippet:-1, max-image-preview:large, max-video-preview:-1\" \/>\n<link rel=\"canonical\" href=\"https:\/\/metrecubic.com\/es\/caso-de-exito\/suissa-vilassar-de-dalt\/\" \/>\n<meta property=\"og:locale\" content=\"es_ES\" \/>\n<meta property=\"og:type\" content=\"article\" \/>\n<meta property=\"og:title\" content=\"Su\u00efssa-Vilassar de Dalt - METRECUBIC\" \/>\n<meta property=\"og:description\" content=\"Gestionamos el traslado de una vivienda desde Suiza hasta Vilassar de Dalt (Barcelona), un trayecto internacional que inclu\u00eda mobiliario de dise\u00f1o y enseres personales. El principal reto fue coordinar los &hellip;\" \/>\n<meta property=\"og:url\" content=\"https:\/\/metrecubic.com\/es\/caso-de-exito\/suissa-vilassar-de-dalt\/\" \/>\n<meta property=\"og:site_name\" content=\"METRECUBIC\" \/>\n<meta property=\"article:modified_time\" content=\"2025-06-18T07:58:16+00:00\" \/>\n<meta property=\"og:image\" content=\"https:\/\/metrecubic.com\/wp-content\/uploads\/453616462_868870658631102_7299147250299587142_n-1.jpg\" \/>\n\t<meta property=\"og:image:width\" content=\"1080\" \/>\n\t<meta property=\"og:image:height\" content=\"1350\" \/>\n\t<meta property=\"og:image:type\" content=\"image\/jpeg\" \/>\n<meta name=\"twitter:card\" content=\"summary_large_image\" \/>\n<meta name=\"twitter:label1\" content=\"Tiempo de lectura\" \/>\n\t<meta name=\"twitter:data1\" content=\"1 minuto\" \/>\n<script type=\"application\/ld+json\" class=\"yoast-schema-graph\">{\"@context\":\"https:\\\/\\\/schema.org\",\"@graph\":[{\"@type\":\"WebPage\",\"@id\":\"https:\\\/\\\/metrecubic.com\\\/es\\\/caso-de-exito\\\/suissa-vilassar-de-dalt\\\/\",\"url\":\"https:\\\/\\\/metrecubic.com\\\/es\\\/caso-de-exito\\\/suissa-vilassar-de-dalt\\\/\",\"name\":\"Su\u00efssa-Vilassar de Dalt - METRECUBIC\",\"isPartOf\":{\"@id\":\"https:\\\/\\\/metrecubic.com\\\/es\\\/#website\"},\"primaryImageOfPage\":{\"@id\":\"https:\\\/\\\/metrecubic.com\\\/es\\\/caso-de-exito\\\/suissa-vilassar-de-dalt\\\/#primaryimage\"},\"image\":{\"@id\":\"https:\\\/\\\/metrecubic.com\\\/es\\\/caso-de-exito\\\/suissa-vilassar-de-dalt\\\/#primaryimage\"},\"thumbnailUrl\":\"https:\\\/\\\/metrecubic.com\\\/wp-content\\\/uploads\\\/453616462_868870658631102_7299147250299587142_n-1.jpg\",\"datePublished\":\"2025-06-18T07:58:14+00:00\",\"dateModified\":\"2025-06-18T07:58:16+00:00\",\"breadcrumb\":{\"@id\":\"https:\\\/\\\/metrecubic.com\\\/es\\\/caso-de-exito\\\/suissa-vilassar-de-dalt\\\/#breadcrumb\"},\"inLanguage\":\"es\",\"potentialAction\":[{\"@type\":\"ReadAction\",\"target\":[\"https:\\\/\\\/metrecubic.com\\\/es\\\/caso-de-exito\\\/suissa-vilassar-de-dalt\\\/\"]}]},{\"@type\":\"ImageObject\",\"inLanguage\":\"es\",\"@id\":\"https:\\\/\\\/metrecubic.com\\\/es\\\/caso-de-exito\\\/suissa-vilassar-de-dalt\\\/#primaryimage\",\"url\":\"https:\\\/\\\/metrecubic.com\\\/wp-content\\\/uploads\\\/453616462_868870658631102_7299147250299587142_n-1.jpg\",\"contentUrl\":\"https:\\\/\\\/metrecubic.com\\\/wp-content\\\/uploads\\\/453616462_868870658631102_7299147250299587142_n-1.jpg\",\"width\":1080,\"height\":1350},{\"@type\":\"BreadcrumbList\",\"@id\":\"https:\\\/\\\/metrecubic.com\\\/es\\\/caso-de-exito\\\/suissa-vilassar-de-dalt\\\/#breadcrumb\",\"itemListElement\":[{\"@type\":\"ListItem\",\"position\":1,\"name\":\"Portada\",\"item\":\"https:\\\/\\\/metrecubic.com\\\/es\\\/\"},{\"@type\":\"ListItem\",\"position\":2,\"name\":\"Casos de \u00e9xito\",\"item\":\"https:\\\/\\\/metrecubic.com\\\/es\\\/caso-de-exito\\\/\"},{\"@type\":\"ListItem\",\"position\":3,\"name\":\"Su\u00efssa-Vilassar de Dalt\"}]},{\"@type\":\"WebSite\",\"@id\":\"https:\\\/\\\/metrecubic.com\\\/es\\\/#website\",\"url\":\"https:\\\/\\\/metrecubic.com\\\/es\\\/\",\"name\":\"METRECUBIC\",\"description\":\"Mudanzas y trasteros Sabadell y Girona\",\"publisher\":{\"@id\":\"https:\\\/\\\/metrecubic.com\\\/es\\\/#organization\"},\"potentialAction\":[{\"@type\":\"SearchAction\",\"target\":{\"@type\":\"EntryPoint\",\"urlTemplate\":\"https:\\\/\\\/metrecubic.com\\\/es\\\/?s={search_term_string}\"},\"query-input\":{\"@type\":\"PropertyValueSpecification\",\"valueRequired\":true,\"valueName\":\"search_term_string\"}}],\"inLanguage\":\"es\"},{\"@type\":\"Organization\",\"@id\":\"https:\\\/\\\/metrecubic.com\\\/es\\\/#organization\",\"name\":\"METRECUBIC\",\"url\":\"https:\\\/\\\/metrecubic.com\\\/es\\\/\",\"logo\":{\"@type\":\"ImageObject\",\"inLanguage\":\"es\",\"@id\":\"https:\\\/\\\/metrecubic.com\\\/es\\\/#\\\/schema\\\/logo\\\/image\\\/\",\"url\":\"https:\\\/\\\/metrecubic.com\\\/wp-content\\\/uploads\\\/logo-metrecubic.png\",\"contentUrl\":\"https:\\\/\\\/metrecubic.com\\\/wp-content\\\/uploads\\\/logo-metrecubic.png\",\"width\":159,\"height\":159,\"caption\":\"METRECUBIC\"},\"image\":{\"@id\":\"https:\\\/\\\/metrecubic.com\\\/es\\\/#\\\/schema\\\/logo\\\/image\\\/\"}}]}<\/script>\n<!-- \/ Yoast SEO plugin. -->","yoast_head_json":{"title":"Su\u00efssa-Vilassar de Dalt - METRECUBIC","robots":{"index":"index","follow":"follow","max-snippet":"max-snippet:-1","max-image-preview":"max-image-preview:large","max-video-preview":"max-video-preview:-1"},"canonical":"https:\/\/metrecubic.com\/es\/caso-de-exito\/suissa-vilassar-de-dalt\/","og_locale":"es_ES","og_type":"article","og_title":"Su\u00efssa-Vilassar de Dalt - METRECUBIC","og_description":"Gestionamos el traslado de una vivienda desde Suiza hasta Vilassar de Dalt (Barcelona), un trayecto internacional que inclu\u00eda mobiliario de dise\u00f1o y enseres personales. El principal reto fue coordinar los &hellip;","og_url":"https:\/\/metrecubic.com\/es\/caso-de-exito\/suissa-vilassar-de-dalt\/","og_site_name":"METRECUBIC","article_modified_time":"2025-06-18T07:58:16+00:00","og_image":[{"width":1080,"height":1350,"url":"https:\/\/metrecubic.com\/wp-content\/uploads\/453616462_868870658631102_7299147250299587142_n-1.jpg","type":"image\/jpeg"}],"twitter_card":"summary_large_image","twitter_misc":{"Tiempo de lectura":"1 minuto"},"schema":{"@context":"https:\/\/schema.org","@graph":[{"@type":"WebPage","@id":"https:\/\/metrecubic.com\/es\/caso-de-exito\/suissa-vilassar-de-dalt\/","url":"https:\/\/metrecubic.com\/es\/caso-de-exito\/suissa-vilassar-de-dalt\/","name":"Su\u00efssa-Vilassar de Dalt - METRECUBIC","isPartOf":{"@id":"https:\/\/metrecubic.com\/es\/#website"},"primaryImageOfPage":{"@id":"https:\/\/metrecubic.com\/es\/caso-de-exito\/suissa-vilassar-de-dalt\/#primaryimage"},"image":{"@id":"https:\/\/metrecubic.com\/es\/caso-de-exito\/suissa-vilassar-de-dalt\/#primaryimage"},"thumbnailUrl":"https:\/\/metrecubic.com\/wp-content\/uploads\/453616462_868870658631102_7299147250299587142_n-1.jpg","datePublished":"2025-06-18T07:58:14+00:00","dateModified":"2025-06-18T07:58:16+00:00","breadcrumb":{"@id":"https:\/\/metrecubic.com\/es\/caso-de-exito\/suissa-vilassar-de-dalt\/#breadcrumb"},"inLanguage":"es","potentialAction":[{"@type":"ReadAction","target":["https:\/\/metrecubic.com\/es\/caso-de-exito\/suissa-vilassar-de-dalt\/"]}]},{"@type":"ImageObject","inLanguage":"es","@id":"https:\/\/metrecubic.com\/es\/caso-de-exito\/suissa-vilassar-de-dalt\/#primaryimage","url":"https:\/\/metrecubic.com\/wp-content\/uploads\/453616462_868870658631102_7299147250299587142_n-1.jpg","contentUrl":"https:\/\/metrecubic.com\/wp-content\/uploads\/453616462_868870658631102_7299147250299587142_n-1.jpg","width":1080,"height":1350},{"@type":"BreadcrumbList","@id":"https:\/\/metrecubic.com\/es\/caso-de-exito\/suissa-vilassar-de-dalt\/#breadcrumb","itemListElement":[{"@type":"ListItem","position":1,"name":"Portada","item":"https:\/\/metrecubic.com\/es\/"},{"@type":"ListItem","position":2,"name":"Casos de \u00e9xito","item":"https:\/\/metrecubic.com\/es\/caso-de-exito\/"},{"@type":"ListItem","position":3,"name":"Su\u00efssa-Vilassar de Dalt"}]},{"@type":"WebSite","@id":"https:\/\/metrecubic.com\/es\/#website","url":"https:\/\/metrecubic.com\/es\/","name":"METRECUBIC","description":"Mudanzas y trasteros Sabadell y Girona","publisher":{"@id":"https:\/\/metrecubic.com\/es\/#organization"},"potentialAction":[{"@type":"SearchAction","target":{"@type":"EntryPoint","urlTemplate":"https:\/\/metrecubic.com\/es\/?s={search_term_string}"},"query-input":{"@type":"PropertyValueSpecification","valueRequired":true,"valueName":"search_term_string"}}],"inLanguage":"es"},{"@type":"Organization","@id":"https:\/\/metrecubic.com\/es\/#organization","name":"METRECUBIC","url":"https:\/\/metrecubic.com\/es\/","logo":{"@type":"ImageObject","inLanguage":"es","@id":"https:\/\/metrecubic.com\/es\/#\/schema\/logo\/image\/","url":"https:\/\/metrecubic.com\/wp-content\/uploads\/logo-metrecubic.png","contentUrl":"https:\/\/metrecubic.com\/wp-content\/uploads\/logo-metrecubic.png","width":159,"height":159,"caption":"METRECUBIC"},"image":{"@id":"https:\/\/metrecubic.com\/es\/#\/schema\/logo\/image\/"}}]}},"_links":{"self":[{"href":"https:\/\/metrecubic.com\/es\/wp-json\/wp\/v2\/success-stories\/8601","targetHints":{"allow":["GET"]}}],"collection":[{"href":"https:\/\/metrecubic.com\/es\/wp-json\/wp\/v2\/success-stories"}],"about":[{"href":"https:\/\/metrecubic.com\/es\/wp-json\/wp\/v2\/types\/success-stories"}],"version-history":[{"count":1,"href":"https:\/\/metrecubic.com\/es\/wp-json\/wp\/v2\/success-stories\/8601\/revisions"}],"predecessor-version":[{"id":8610,"href":"https:\/\/metrecubic.com\/es\/wp-json\/wp\/v2\/success-stories\/8601\/revisions\/8610"}],"wp:featuredmedia":[{"embeddable":true,"href":"https:\/\/metrecubic.com\/es\/wp-json\/wp\/v2\/media\/8602"}],"wp:attachment":[{"href":"https:\/\/metrecubic.com\/es\/wp-json\/wp\/v2\/media?parent=8601"}],"wp:term":[{"taxonomy":"sector_cat","embeddable":true,"href":"https:\/\/metrecubic.com\/es\/wp-json\/wp\/v2\/sector_cat?post=8601"}],"curies":[{"name":"wp","href":"https:\/\/api.w.org\/{rel}","templated":true}]}}