{"id":8539,"date":"2025-06-18T07:51:06","date_gmt":"2025-06-18T07:51:06","guid":{"rendered":"https:\/\/metrecubic.com\/?post_type=success-stories&#038;p=8539"},"modified":"2025-06-18T07:51:07","modified_gmt":"2025-06-18T07:51:07","slug":"girona-genova","status":"publish","type":"success-stories","link":"https:\/\/metrecubic.com\/es\/caso-de-exito\/girona-genova\/","title":{"rendered":"Girona-Genova"},"content":{"rendered":"\n<p>Coordinamos una mudanza completa desde Girona hasta G\u00e9nova (Italia), un trayecto de media distancia internacional que requer\u00eda rapidez en la ejecuci\u00f3n.<\/p>\n\n\n\n<p>La operaci\u00f3n incluy\u00f3 el desmontaje del mobiliario, su embalaje y transporte con entrega puerta a puerta en una residencia particular.<\/p>\n\n\n\n<p>Gracias a una ruta optimizada y al uso de veh\u00edculos adaptados, la mudanza se complet\u00f3 en pocos d\u00edas, con total seguridad para los enseres transportados. Un caso que refleja nuestra agilidad en servicios internacionales sin renunciar al cuidado y a la profesionalidad.<\/p>\n","protected":false},"excerpt":{"rendered":"<p>Coordinamos una mudanza completa desde Girona hasta G\u00e9nova (Italia), un trayecto de media distancia internacional que requer\u00eda rapidez en la ejecuci\u00f3n. La operaci\u00f3n incluy\u00f3 el desmontaje del mobiliario, su embalaje &hellip;<\/p>\n","protected":false},"featured_media":8540,"template":"","meta":{"_acf_changed":false,"footnotes":""},"sector_cat":[211],"class_list":["post-8539","success-stories","type-success-stories","status-publish","has-post-thumbnail","hentry","sector_cat-mudanzas-internacionales"],"acf":[],"yoast_head":"<!-- This site is optimized with the Yoast SEO plugin v27.4 - https:\/\/yoast.com\/product\/yoast-seo-wordpress\/ -->\n<title>Girona-Genova - METRECUBIC<\/title>\n<meta name=\"robots\" content=\"index, follow, max-snippet:-1, max-image-preview:large, max-video-preview:-1\" \/>\n<link rel=\"canonical\" href=\"https:\/\/metrecubic.com\/es\/caso-de-exito\/girona-genova\/\" \/>\n<meta property=\"og:locale\" content=\"es_ES\" \/>\n<meta property=\"og:type\" content=\"article\" \/>\n<meta property=\"og:title\" content=\"Girona-Genova - METRECUBIC\" \/>\n<meta property=\"og:description\" content=\"Coordinamos una mudanza completa desde Girona hasta G\u00e9nova (Italia), un trayecto de media distancia internacional que requer\u00eda rapidez en la ejecuci\u00f3n. La operaci\u00f3n incluy\u00f3 el desmontaje del mobiliario, su embalaje &hellip;\" \/>\n<meta property=\"og:url\" content=\"https:\/\/metrecubic.com\/es\/caso-de-exito\/girona-genova\/\" \/>\n<meta property=\"og:site_name\" content=\"METRECUBIC\" \/>\n<meta property=\"article:modified_time\" content=\"2025-06-18T07:51:07+00:00\" \/>\n<meta property=\"og:image\" content=\"https:\/\/metrecubic.com\/wp-content\/uploads\/Copia-de-IMG-20230913-WA0010.jpg\" \/>\n\t<meta property=\"og:image:width\" content=\"2048\" \/>\n\t<meta property=\"og:image:height\" content=\"1532\" \/>\n\t<meta property=\"og:image:type\" content=\"image\/jpeg\" \/>\n<meta name=\"twitter:card\" content=\"summary_large_image\" \/>\n<meta name=\"twitter:label1\" content=\"Tiempo de lectura\" \/>\n\t<meta name=\"twitter:data1\" content=\"1 minuto\" \/>\n<script type=\"application\/ld+json\" class=\"yoast-schema-graph\">{\"@context\":\"https:\\\/\\\/schema.org\",\"@graph\":[{\"@type\":\"WebPage\",\"@id\":\"https:\\\/\\\/metrecubic.com\\\/es\\\/caso-de-exito\\\/girona-genova\\\/\",\"url\":\"https:\\\/\\\/metrecubic.com\\\/es\\\/caso-de-exito\\\/girona-genova\\\/\",\"name\":\"Girona-Genova - METRECUBIC\",\"isPartOf\":{\"@id\":\"https:\\\/\\\/metrecubic.com\\\/es\\\/#website\"},\"primaryImageOfPage\":{\"@id\":\"https:\\\/\\\/metrecubic.com\\\/es\\\/caso-de-exito\\\/girona-genova\\\/#primaryimage\"},\"image\":{\"@id\":\"https:\\\/\\\/metrecubic.com\\\/es\\\/caso-de-exito\\\/girona-genova\\\/#primaryimage\"},\"thumbnailUrl\":\"https:\\\/\\\/metrecubic.com\\\/wp-content\\\/uploads\\\/Copia-de-IMG-20230913-WA0010.jpg\",\"datePublished\":\"2025-06-18T07:51:06+00:00\",\"dateModified\":\"2025-06-18T07:51:07+00:00\",\"breadcrumb\":{\"@id\":\"https:\\\/\\\/metrecubic.com\\\/es\\\/caso-de-exito\\\/girona-genova\\\/#breadcrumb\"},\"inLanguage\":\"es\",\"potentialAction\":[{\"@type\":\"ReadAction\",\"target\":[\"https:\\\/\\\/metrecubic.com\\\/es\\\/caso-de-exito\\\/girona-genova\\\/\"]}]},{\"@type\":\"ImageObject\",\"inLanguage\":\"es\",\"@id\":\"https:\\\/\\\/metrecubic.com\\\/es\\\/caso-de-exito\\\/girona-genova\\\/#primaryimage\",\"url\":\"https:\\\/\\\/metrecubic.com\\\/wp-content\\\/uploads\\\/Copia-de-IMG-20230913-WA0010.jpg\",\"contentUrl\":\"https:\\\/\\\/metrecubic.com\\\/wp-content\\\/uploads\\\/Copia-de-IMG-20230913-WA0010.jpg\",\"width\":2048,\"height\":1532},{\"@type\":\"BreadcrumbList\",\"@id\":\"https:\\\/\\\/metrecubic.com\\\/es\\\/caso-de-exito\\\/girona-genova\\\/#breadcrumb\",\"itemListElement\":[{\"@type\":\"ListItem\",\"position\":1,\"name\":\"Portada\",\"item\":\"https:\\\/\\\/metrecubic.com\\\/es\\\/\"},{\"@type\":\"ListItem\",\"position\":2,\"name\":\"Casos de \u00e9xito\",\"item\":\"https:\\\/\\\/metrecubic.com\\\/es\\\/caso-de-exito\\\/\"},{\"@type\":\"ListItem\",\"position\":3,\"name\":\"Girona-Genova\"}]},{\"@type\":\"WebSite\",\"@id\":\"https:\\\/\\\/metrecubic.com\\\/es\\\/#website\",\"url\":\"https:\\\/\\\/metrecubic.com\\\/es\\\/\",\"name\":\"METRECUBIC\",\"description\":\"Mudanzas y trasteros Sabadell y Girona\",\"publisher\":{\"@id\":\"https:\\\/\\\/metrecubic.com\\\/es\\\/#organization\"},\"potentialAction\":[{\"@type\":\"SearchAction\",\"target\":{\"@type\":\"EntryPoint\",\"urlTemplate\":\"https:\\\/\\\/metrecubic.com\\\/es\\\/?s={search_term_string}\"},\"query-input\":{\"@type\":\"PropertyValueSpecification\",\"valueRequired\":true,\"valueName\":\"search_term_string\"}}],\"inLanguage\":\"es\"},{\"@type\":\"Organization\",\"@id\":\"https:\\\/\\\/metrecubic.com\\\/es\\\/#organization\",\"name\":\"METRECUBIC\",\"url\":\"https:\\\/\\\/metrecubic.com\\\/es\\\/\",\"logo\":{\"@type\":\"ImageObject\",\"inLanguage\":\"es\",\"@id\":\"https:\\\/\\\/metrecubic.com\\\/es\\\/#\\\/schema\\\/logo\\\/image\\\/\",\"url\":\"https:\\\/\\\/metrecubic.com\\\/wp-content\\\/uploads\\\/logo-metrecubic.png\",\"contentUrl\":\"https:\\\/\\\/metrecubic.com\\\/wp-content\\\/uploads\\\/logo-metrecubic.png\",\"width\":159,\"height\":159,\"caption\":\"METRECUBIC\"},\"image\":{\"@id\":\"https:\\\/\\\/metrecubic.com\\\/es\\\/#\\\/schema\\\/logo\\\/image\\\/\"}}]}<\/script>\n<!-- \/ Yoast SEO plugin. -->","yoast_head_json":{"title":"Girona-Genova - METRECUBIC","robots":{"index":"index","follow":"follow","max-snippet":"max-snippet:-1","max-image-preview":"max-image-preview:large","max-video-preview":"max-video-preview:-1"},"canonical":"https:\/\/metrecubic.com\/es\/caso-de-exito\/girona-genova\/","og_locale":"es_ES","og_type":"article","og_title":"Girona-Genova - METRECUBIC","og_description":"Coordinamos una mudanza completa desde Girona hasta G\u00e9nova (Italia), un trayecto de media distancia internacional que requer\u00eda rapidez en la ejecuci\u00f3n. La operaci\u00f3n incluy\u00f3 el desmontaje del mobiliario, su embalaje &hellip;","og_url":"https:\/\/metrecubic.com\/es\/caso-de-exito\/girona-genova\/","og_site_name":"METRECUBIC","article_modified_time":"2025-06-18T07:51:07+00:00","og_image":[{"width":2048,"height":1532,"url":"https:\/\/metrecubic.com\/wp-content\/uploads\/Copia-de-IMG-20230913-WA0010.jpg","type":"image\/jpeg"}],"twitter_card":"summary_large_image","twitter_misc":{"Tiempo de lectura":"1 minuto"},"schema":{"@context":"https:\/\/schema.org","@graph":[{"@type":"WebPage","@id":"https:\/\/metrecubic.com\/es\/caso-de-exito\/girona-genova\/","url":"https:\/\/metrecubic.com\/es\/caso-de-exito\/girona-genova\/","name":"Girona-Genova - METRECUBIC","isPartOf":{"@id":"https:\/\/metrecubic.com\/es\/#website"},"primaryImageOfPage":{"@id":"https:\/\/metrecubic.com\/es\/caso-de-exito\/girona-genova\/#primaryimage"},"image":{"@id":"https:\/\/metrecubic.com\/es\/caso-de-exito\/girona-genova\/#primaryimage"},"thumbnailUrl":"https:\/\/metrecubic.com\/wp-content\/uploads\/Copia-de-IMG-20230913-WA0010.jpg","datePublished":"2025-06-18T07:51:06+00:00","dateModified":"2025-06-18T07:51:07+00:00","breadcrumb":{"@id":"https:\/\/metrecubic.com\/es\/caso-de-exito\/girona-genova\/#breadcrumb"},"inLanguage":"es","potentialAction":[{"@type":"ReadAction","target":["https:\/\/metrecubic.com\/es\/caso-de-exito\/girona-genova\/"]}]},{"@type":"ImageObject","inLanguage":"es","@id":"https:\/\/metrecubic.com\/es\/caso-de-exito\/girona-genova\/#primaryimage","url":"https:\/\/metrecubic.com\/wp-content\/uploads\/Copia-de-IMG-20230913-WA0010.jpg","contentUrl":"https:\/\/metrecubic.com\/wp-content\/uploads\/Copia-de-IMG-20230913-WA0010.jpg","width":2048,"height":1532},{"@type":"BreadcrumbList","@id":"https:\/\/metrecubic.com\/es\/caso-de-exito\/girona-genova\/#breadcrumb","itemListElement":[{"@type":"ListItem","position":1,"name":"Portada","item":"https:\/\/metrecubic.com\/es\/"},{"@type":"ListItem","position":2,"name":"Casos de \u00e9xito","item":"https:\/\/metrecubic.com\/es\/caso-de-exito\/"},{"@type":"ListItem","position":3,"name":"Girona-Genova"}]},{"@type":"WebSite","@id":"https:\/\/metrecubic.com\/es\/#website","url":"https:\/\/metrecubic.com\/es\/","name":"METRECUBIC","description":"Mudanzas y trasteros Sabadell y Girona","publisher":{"@id":"https:\/\/metrecubic.com\/es\/#organization"},"potentialAction":[{"@type":"SearchAction","target":{"@type":"EntryPoint","urlTemplate":"https:\/\/metrecubic.com\/es\/?s={search_term_string}"},"query-input":{"@type":"PropertyValueSpecification","valueRequired":true,"valueName":"search_term_string"}}],"inLanguage":"es"},{"@type":"Organization","@id":"https:\/\/metrecubic.com\/es\/#organization","name":"METRECUBIC","url":"https:\/\/metrecubic.com\/es\/","logo":{"@type":"ImageObject","inLanguage":"es","@id":"https:\/\/metrecubic.com\/es\/#\/schema\/logo\/image\/","url":"https:\/\/metrecubic.com\/wp-content\/uploads\/logo-metrecubic.png","contentUrl":"https:\/\/metrecubic.com\/wp-content\/uploads\/logo-metrecubic.png","width":159,"height":159,"caption":"METRECUBIC"},"image":{"@id":"https:\/\/metrecubic.com\/es\/#\/schema\/logo\/image\/"}}]}},"_links":{"self":[{"href":"https:\/\/metrecubic.com\/es\/wp-json\/wp\/v2\/success-stories\/8539","targetHints":{"allow":["GET"]}}],"collection":[{"href":"https:\/\/metrecubic.com\/es\/wp-json\/wp\/v2\/success-stories"}],"about":[{"href":"https:\/\/metrecubic.com\/es\/wp-json\/wp\/v2\/types\/success-stories"}],"version-history":[{"count":1,"href":"https:\/\/metrecubic.com\/es\/wp-json\/wp\/v2\/success-stories\/8539\/revisions"}],"predecessor-version":[{"id":8552,"href":"https:\/\/metrecubic.com\/es\/wp-json\/wp\/v2\/success-stories\/8539\/revisions\/8552"}],"wp:featuredmedia":[{"embeddable":true,"href":"https:\/\/metrecubic.com\/es\/wp-json\/wp\/v2\/media\/8540"}],"wp:attachment":[{"href":"https:\/\/metrecubic.com\/es\/wp-json\/wp\/v2\/media?parent=8539"}],"wp:term":[{"taxonomy":"sector_cat","embeddable":true,"href":"https:\/\/metrecubic.com\/es\/wp-json\/wp\/v2\/sector_cat?post=8539"}],"curies":[{"name":"wp","href":"https:\/\/api.w.org\/{rel}","templated":true}]}}