{"id":8333,"date":"2025-06-17T13:11:59","date_gmt":"2025-06-17T13:11:59","guid":{"rendered":"https:\/\/metrecubic.com\/?post_type=success-stories&#038;p=8333"},"modified":"2025-06-17T13:12:01","modified_gmt":"2025-06-17T13:12:01","slug":"avignon-franca-empuriabrava-catalunya","status":"publish","type":"success-stories","link":"https:\/\/metrecubic.com\/es\/caso-de-exito\/avignon-franca-empuriabrava-catalunya\/","title":{"rendered":"Avignon (Fran\u00e7a)-Empuriabrava (Catalunya)"},"content":{"rendered":"\n<p>Coordinamos el traslado de una vivienda completa desde Avignon (Francia) hasta Empuriabrava (Girona), en una operaci\u00f3n que requer\u00eda adaptar la log\u00edstica a un entorno urbano tur\u00edstico con restricciones de acceso.<\/p>\n\n\n\n<p>Nuestro equipo se encarg\u00f3 del desmontaje y protecci\u00f3n del mobiliario, gestionando la entrega en destino con veh\u00edculos de tama\u00f1o adaptado y sin interferir en la actividad local.<\/p>\n\n\n\n<p>Un traslado \u00e1gil, ordenado y sin incidencias, que pone en valor nuestra capacidad para adaptarnos a entornos internacionales y zonas costeras con operativas espec\u00edficas.<\/p>\n","protected":false},"excerpt":{"rendered":"<p>Coordinamos el traslado de una vivienda completa desde Avignon (Francia) hasta Empuriabrava (Girona), en una operaci\u00f3n que requer\u00eda adaptar la log\u00edstica a un entorno urbano tur\u00edstico con restricciones de acceso. &hellip;<\/p>\n","protected":false},"featured_media":8338,"template":"","meta":{"_acf_changed":false,"footnotes":""},"sector_cat":[211],"class_list":["post-8333","success-stories","type-success-stories","status-publish","has-post-thumbnail","hentry","sector_cat-mudanzas-internacionales"],"acf":[],"yoast_head":"<!-- This site is optimized with the Yoast SEO plugin v27.4 - https:\/\/yoast.com\/product\/yoast-seo-wordpress\/ -->\n<title>Avignon (Fran\u00e7a)-Empuriabrava (Catalunya) - METRECUBIC<\/title>\n<meta name=\"robots\" content=\"index, follow, max-snippet:-1, max-image-preview:large, max-video-preview:-1\" \/>\n<link rel=\"canonical\" href=\"https:\/\/metrecubic.com\/es\/caso-de-exito\/avignon-franca-empuriabrava-catalunya\/\" \/>\n<meta property=\"og:locale\" content=\"es_ES\" \/>\n<meta property=\"og:type\" content=\"article\" \/>\n<meta property=\"og:title\" content=\"Avignon (Fran\u00e7a)-Empuriabrava (Catalunya) - METRECUBIC\" \/>\n<meta property=\"og:description\" content=\"Coordinamos el traslado de una vivienda completa desde Avignon (Francia) hasta Empuriabrava (Girona), en una operaci\u00f3n que requer\u00eda adaptar la log\u00edstica a un entorno urbano tur\u00edstico con restricciones de acceso. &hellip;\" \/>\n<meta property=\"og:url\" content=\"https:\/\/metrecubic.com\/es\/caso-de-exito\/avignon-franca-empuriabrava-catalunya\/\" \/>\n<meta property=\"og:site_name\" content=\"METRECUBIC\" \/>\n<meta property=\"article:modified_time\" content=\"2025-06-17T13:12:01+00:00\" \/>\n<meta property=\"og:image\" content=\"https:\/\/metrecubic.com\/wp-content\/uploads\/248505870_630206708005963_7156662625593599540_n-1.jpg\" \/>\n\t<meta property=\"og:image:width\" content=\"1080\" \/>\n\t<meta property=\"og:image:height\" content=\"993\" \/>\n\t<meta property=\"og:image:type\" content=\"image\/jpeg\" \/>\n<meta name=\"twitter:card\" content=\"summary_large_image\" \/>\n<meta name=\"twitter:label1\" content=\"Tiempo de lectura\" \/>\n\t<meta name=\"twitter:data1\" content=\"1 minuto\" \/>\n<script type=\"application\/ld+json\" class=\"yoast-schema-graph\">{\"@context\":\"https:\\\/\\\/schema.org\",\"@graph\":[{\"@type\":\"WebPage\",\"@id\":\"https:\\\/\\\/metrecubic.com\\\/es\\\/caso-de-exito\\\/avignon-franca-empuriabrava-catalunya\\\/\",\"url\":\"https:\\\/\\\/metrecubic.com\\\/es\\\/caso-de-exito\\\/avignon-franca-empuriabrava-catalunya\\\/\",\"name\":\"Avignon (Fran\u00e7a)-Empuriabrava (Catalunya) - METRECUBIC\",\"isPartOf\":{\"@id\":\"https:\\\/\\\/metrecubic.com\\\/es\\\/#website\"},\"primaryImageOfPage\":{\"@id\":\"https:\\\/\\\/metrecubic.com\\\/es\\\/caso-de-exito\\\/avignon-franca-empuriabrava-catalunya\\\/#primaryimage\"},\"image\":{\"@id\":\"https:\\\/\\\/metrecubic.com\\\/es\\\/caso-de-exito\\\/avignon-franca-empuriabrava-catalunya\\\/#primaryimage\"},\"thumbnailUrl\":\"https:\\\/\\\/metrecubic.com\\\/wp-content\\\/uploads\\\/248505870_630206708005963_7156662625593599540_n-1.jpg\",\"datePublished\":\"2025-06-17T13:11:59+00:00\",\"dateModified\":\"2025-06-17T13:12:01+00:00\",\"breadcrumb\":{\"@id\":\"https:\\\/\\\/metrecubic.com\\\/es\\\/caso-de-exito\\\/avignon-franca-empuriabrava-catalunya\\\/#breadcrumb\"},\"inLanguage\":\"es\",\"potentialAction\":[{\"@type\":\"ReadAction\",\"target\":[\"https:\\\/\\\/metrecubic.com\\\/es\\\/caso-de-exito\\\/avignon-franca-empuriabrava-catalunya\\\/\"]}]},{\"@type\":\"ImageObject\",\"inLanguage\":\"es\",\"@id\":\"https:\\\/\\\/metrecubic.com\\\/es\\\/caso-de-exito\\\/avignon-franca-empuriabrava-catalunya\\\/#primaryimage\",\"url\":\"https:\\\/\\\/metrecubic.com\\\/wp-content\\\/uploads\\\/248505870_630206708005963_7156662625593599540_n-1.jpg\",\"contentUrl\":\"https:\\\/\\\/metrecubic.com\\\/wp-content\\\/uploads\\\/248505870_630206708005963_7156662625593599540_n-1.jpg\",\"width\":1080,\"height\":993},{\"@type\":\"BreadcrumbList\",\"@id\":\"https:\\\/\\\/metrecubic.com\\\/es\\\/caso-de-exito\\\/avignon-franca-empuriabrava-catalunya\\\/#breadcrumb\",\"itemListElement\":[{\"@type\":\"ListItem\",\"position\":1,\"name\":\"Portada\",\"item\":\"https:\\\/\\\/metrecubic.com\\\/es\\\/\"},{\"@type\":\"ListItem\",\"position\":2,\"name\":\"Casos de \u00e9xito\",\"item\":\"https:\\\/\\\/metrecubic.com\\\/es\\\/caso-de-exito\\\/\"},{\"@type\":\"ListItem\",\"position\":3,\"name\":\"Avignon (Fran\u00e7a)-Empuriabrava (Catalunya)\"}]},{\"@type\":\"WebSite\",\"@id\":\"https:\\\/\\\/metrecubic.com\\\/es\\\/#website\",\"url\":\"https:\\\/\\\/metrecubic.com\\\/es\\\/\",\"name\":\"METRECUBIC\",\"description\":\"Mudanzas y trasteros Sabadell y Girona\",\"publisher\":{\"@id\":\"https:\\\/\\\/metrecubic.com\\\/es\\\/#organization\"},\"potentialAction\":[{\"@type\":\"SearchAction\",\"target\":{\"@type\":\"EntryPoint\",\"urlTemplate\":\"https:\\\/\\\/metrecubic.com\\\/es\\\/?s={search_term_string}\"},\"query-input\":{\"@type\":\"PropertyValueSpecification\",\"valueRequired\":true,\"valueName\":\"search_term_string\"}}],\"inLanguage\":\"es\"},{\"@type\":\"Organization\",\"@id\":\"https:\\\/\\\/metrecubic.com\\\/es\\\/#organization\",\"name\":\"METRECUBIC\",\"url\":\"https:\\\/\\\/metrecubic.com\\\/es\\\/\",\"logo\":{\"@type\":\"ImageObject\",\"inLanguage\":\"es\",\"@id\":\"https:\\\/\\\/metrecubic.com\\\/es\\\/#\\\/schema\\\/logo\\\/image\\\/\",\"url\":\"https:\\\/\\\/metrecubic.com\\\/wp-content\\\/uploads\\\/logo-metrecubic.png\",\"contentUrl\":\"https:\\\/\\\/metrecubic.com\\\/wp-content\\\/uploads\\\/logo-metrecubic.png\",\"width\":159,\"height\":159,\"caption\":\"METRECUBIC\"},\"image\":{\"@id\":\"https:\\\/\\\/metrecubic.com\\\/es\\\/#\\\/schema\\\/logo\\\/image\\\/\"}}]}<\/script>\n<!-- \/ Yoast SEO plugin. -->","yoast_head_json":{"title":"Avignon (Fran\u00e7a)-Empuriabrava (Catalunya) - METRECUBIC","robots":{"index":"index","follow":"follow","max-snippet":"max-snippet:-1","max-image-preview":"max-image-preview:large","max-video-preview":"max-video-preview:-1"},"canonical":"https:\/\/metrecubic.com\/es\/caso-de-exito\/avignon-franca-empuriabrava-catalunya\/","og_locale":"es_ES","og_type":"article","og_title":"Avignon (Fran\u00e7a)-Empuriabrava (Catalunya) - METRECUBIC","og_description":"Coordinamos el traslado de una vivienda completa desde Avignon (Francia) hasta Empuriabrava (Girona), en una operaci\u00f3n que requer\u00eda adaptar la log\u00edstica a un entorno urbano tur\u00edstico con restricciones de acceso. &hellip;","og_url":"https:\/\/metrecubic.com\/es\/caso-de-exito\/avignon-franca-empuriabrava-catalunya\/","og_site_name":"METRECUBIC","article_modified_time":"2025-06-17T13:12:01+00:00","og_image":[{"width":1080,"height":993,"url":"https:\/\/metrecubic.com\/wp-content\/uploads\/248505870_630206708005963_7156662625593599540_n-1.jpg","type":"image\/jpeg"}],"twitter_card":"summary_large_image","twitter_misc":{"Tiempo de lectura":"1 minuto"},"schema":{"@context":"https:\/\/schema.org","@graph":[{"@type":"WebPage","@id":"https:\/\/metrecubic.com\/es\/caso-de-exito\/avignon-franca-empuriabrava-catalunya\/","url":"https:\/\/metrecubic.com\/es\/caso-de-exito\/avignon-franca-empuriabrava-catalunya\/","name":"Avignon (Fran\u00e7a)-Empuriabrava (Catalunya) - METRECUBIC","isPartOf":{"@id":"https:\/\/metrecubic.com\/es\/#website"},"primaryImageOfPage":{"@id":"https:\/\/metrecubic.com\/es\/caso-de-exito\/avignon-franca-empuriabrava-catalunya\/#primaryimage"},"image":{"@id":"https:\/\/metrecubic.com\/es\/caso-de-exito\/avignon-franca-empuriabrava-catalunya\/#primaryimage"},"thumbnailUrl":"https:\/\/metrecubic.com\/wp-content\/uploads\/248505870_630206708005963_7156662625593599540_n-1.jpg","datePublished":"2025-06-17T13:11:59+00:00","dateModified":"2025-06-17T13:12:01+00:00","breadcrumb":{"@id":"https:\/\/metrecubic.com\/es\/caso-de-exito\/avignon-franca-empuriabrava-catalunya\/#breadcrumb"},"inLanguage":"es","potentialAction":[{"@type":"ReadAction","target":["https:\/\/metrecubic.com\/es\/caso-de-exito\/avignon-franca-empuriabrava-catalunya\/"]}]},{"@type":"ImageObject","inLanguage":"es","@id":"https:\/\/metrecubic.com\/es\/caso-de-exito\/avignon-franca-empuriabrava-catalunya\/#primaryimage","url":"https:\/\/metrecubic.com\/wp-content\/uploads\/248505870_630206708005963_7156662625593599540_n-1.jpg","contentUrl":"https:\/\/metrecubic.com\/wp-content\/uploads\/248505870_630206708005963_7156662625593599540_n-1.jpg","width":1080,"height":993},{"@type":"BreadcrumbList","@id":"https:\/\/metrecubic.com\/es\/caso-de-exito\/avignon-franca-empuriabrava-catalunya\/#breadcrumb","itemListElement":[{"@type":"ListItem","position":1,"name":"Portada","item":"https:\/\/metrecubic.com\/es\/"},{"@type":"ListItem","position":2,"name":"Casos de \u00e9xito","item":"https:\/\/metrecubic.com\/es\/caso-de-exito\/"},{"@type":"ListItem","position":3,"name":"Avignon (Fran\u00e7a)-Empuriabrava (Catalunya)"}]},{"@type":"WebSite","@id":"https:\/\/metrecubic.com\/es\/#website","url":"https:\/\/metrecubic.com\/es\/","name":"METRECUBIC","description":"Mudanzas y trasteros Sabadell y Girona","publisher":{"@id":"https:\/\/metrecubic.com\/es\/#organization"},"potentialAction":[{"@type":"SearchAction","target":{"@type":"EntryPoint","urlTemplate":"https:\/\/metrecubic.com\/es\/?s={search_term_string}"},"query-input":{"@type":"PropertyValueSpecification","valueRequired":true,"valueName":"search_term_string"}}],"inLanguage":"es"},{"@type":"Organization","@id":"https:\/\/metrecubic.com\/es\/#organization","name":"METRECUBIC","url":"https:\/\/metrecubic.com\/es\/","logo":{"@type":"ImageObject","inLanguage":"es","@id":"https:\/\/metrecubic.com\/es\/#\/schema\/logo\/image\/","url":"https:\/\/metrecubic.com\/wp-content\/uploads\/logo-metrecubic.png","contentUrl":"https:\/\/metrecubic.com\/wp-content\/uploads\/logo-metrecubic.png","width":159,"height":159,"caption":"METRECUBIC"},"image":{"@id":"https:\/\/metrecubic.com\/es\/#\/schema\/logo\/image\/"}}]}},"_links":{"self":[{"href":"https:\/\/metrecubic.com\/es\/wp-json\/wp\/v2\/success-stories\/8333","targetHints":{"allow":["GET"]}}],"collection":[{"href":"https:\/\/metrecubic.com\/es\/wp-json\/wp\/v2\/success-stories"}],"about":[{"href":"https:\/\/metrecubic.com\/es\/wp-json\/wp\/v2\/types\/success-stories"}],"version-history":[{"count":1,"href":"https:\/\/metrecubic.com\/es\/wp-json\/wp\/v2\/success-stories\/8333\/revisions"}],"predecessor-version":[{"id":8342,"href":"https:\/\/metrecubic.com\/es\/wp-json\/wp\/v2\/success-stories\/8333\/revisions\/8342"}],"wp:featuredmedia":[{"embeddable":true,"href":"https:\/\/metrecubic.com\/es\/wp-json\/wp\/v2\/media\/8338"}],"wp:attachment":[{"href":"https:\/\/metrecubic.com\/es\/wp-json\/wp\/v2\/media?parent=8333"}],"wp:term":[{"taxonomy":"sector_cat","embeddable":true,"href":"https:\/\/metrecubic.com\/es\/wp-json\/wp\/v2\/sector_cat?post=8333"}],"curies":[{"name":"wp","href":"https:\/\/api.w.org\/{rel}","templated":true}]}}