{"id":6676,"date":"2025-04-08T14:48:29","date_gmt":"2025-04-08T14:48:29","guid":{"rendered":"https:\/\/metrecubic.com\/?post_type=success-stories&#038;p=6676"},"modified":"2025-05-13T14:21:31","modified_gmt":"2025-05-13T14:21:31","slug":"desmontaje-y-traslado-de-butacas-de-teatro","status":"publish","type":"success-stories","link":"https:\/\/metrecubic.com\/es\/caso-de-exito\/desmontaje-y-traslado-de-butacas-de-teatro\/","title":{"rendered":"Desmontaje y traslado de butacas de teatro"},"content":{"rendered":"\n<p>Responsables de la gesti\u00f3n integral del desmontaje, embalaje, transporte y almacenaje temporal de todas las butacas de un teatro en proceso de reforma. Este tipo de intervenci\u00f3n exige una planificaci\u00f3n meticulosa y una manipulaci\u00f3n cuidadosa, ya que se trata de mobiliario voluminoso, pesado y con un importante valor funcional y est\u00e9tico.<\/p>\n\n\n\n<p>Nuestro equipo desmont\u00f3 cada fila de butacas de forma ordenada y sistem\u00e1tica, etiquetando y clasificando todos los elementos para facilitar su posterior reinstalaci\u00f3n. Posteriormente, las butacas fueron embaladas con materiales protectores espec\u00edficos para evitar rozaduras, golpes o deformaciones durante el transporte.<\/p>\n\n\n\n<p>El traslado se realiz\u00f3 en veh\u00edculos adaptados y con sujeci\u00f3n segura, y el mobiliario fue almacenado temporalmente en un local habilitado por el cliente, donde se dispuso de forma organizada para optimizar el espacio y permitir un acceso \u00e1gil en el momento de la recolocaci\u00f3n.<\/p>\n\n\n\n<p>Gracias a nuestra experiencia en proyectos vinculados al sector cultural y de eventos, garantizamos una ejecuci\u00f3n precisa y sin incidencias, contribuyendo al \u00e9xito de la reforma sin interferir en los plazos establecidos.<\/p>\n\n\n\n<p>Este caso evidencia la capacidad que tenemos para ofrecer soluciones log\u00edsticas completas en entornos esc\u00e9nicos, donde el cuidado por el detalle, la eficiencia y la trazabilidad son fundamentales.<\/p>\n","protected":false},"excerpt":{"rendered":"<p>Responsables de la gesti\u00f3n integral del desmontaje, embalaje, transporte y almacenaje temporal de todas las butacas de un teatro en proceso de reforma. Este tipo de intervenci\u00f3n exige una planificaci\u00f3n &hellip;<\/p>\n","protected":false},"featured_media":6677,"template":"","meta":{"_acf_changed":false,"footnotes":""},"sector_cat":[206],"class_list":["post-6676","success-stories","type-success-stories","status-publish","has-post-thumbnail","hentry","sector_cat-empresas"],"acf":[],"yoast_head":"<!-- This site is optimized with the Yoast SEO plugin v27.4 - https:\/\/yoast.com\/product\/yoast-seo-wordpress\/ -->\n<title>Desmontaje y traslado de butacas de teatro - METRECUBIC<\/title>\n<meta name=\"robots\" content=\"index, follow, max-snippet:-1, max-image-preview:large, max-video-preview:-1\" \/>\n<link rel=\"canonical\" href=\"https:\/\/metrecubic.com\/es\/caso-de-exito\/desmontaje-y-traslado-de-butacas-de-teatro\/\" \/>\n<meta property=\"og:locale\" content=\"es_ES\" \/>\n<meta property=\"og:type\" content=\"article\" \/>\n<meta property=\"og:title\" content=\"Desmontaje y traslado de butacas de teatro - METRECUBIC\" \/>\n<meta property=\"og:description\" content=\"Responsables de la gesti\u00f3n integral del desmontaje, embalaje, transporte y almacenaje temporal de todas las butacas de un teatro en proceso de reforma. Este tipo de intervenci\u00f3n exige una planificaci\u00f3n &hellip;\" \/>\n<meta property=\"og:url\" content=\"https:\/\/metrecubic.com\/es\/caso-de-exito\/desmontaje-y-traslado-de-butacas-de-teatro\/\" \/>\n<meta property=\"og:site_name\" content=\"METRECUBIC\" \/>\n<meta property=\"article:modified_time\" content=\"2025-05-13T14:21:31+00:00\" \/>\n<meta property=\"og:image\" content=\"https:\/\/metrecubic.com\/wp-content\/uploads\/whatsapp-image-2025-03-25-at-10-34-52.jpeg\" \/>\n\t<meta property=\"og:image:width\" content=\"1024\" \/>\n\t<meta property=\"og:image:height\" content=\"768\" \/>\n\t<meta property=\"og:image:type\" content=\"image\/jpeg\" \/>\n<meta name=\"twitter:card\" content=\"summary_large_image\" \/>\n<meta name=\"twitter:label1\" content=\"Tiempo de lectura\" \/>\n\t<meta name=\"twitter:data1\" content=\"2 minutos\" \/>\n<script type=\"application\/ld+json\" class=\"yoast-schema-graph\">{\"@context\":\"https:\\\/\\\/schema.org\",\"@graph\":[{\"@type\":\"WebPage\",\"@id\":\"https:\\\/\\\/metrecubic.com\\\/es\\\/caso-de-exito\\\/desmontaje-y-traslado-de-butacas-de-teatro\\\/\",\"url\":\"https:\\\/\\\/metrecubic.com\\\/es\\\/caso-de-exito\\\/desmontaje-y-traslado-de-butacas-de-teatro\\\/\",\"name\":\"Desmontaje y traslado de butacas de teatro - METRECUBIC\",\"isPartOf\":{\"@id\":\"https:\\\/\\\/metrecubic.com\\\/es\\\/#website\"},\"primaryImageOfPage\":{\"@id\":\"https:\\\/\\\/metrecubic.com\\\/es\\\/caso-de-exito\\\/desmontaje-y-traslado-de-butacas-de-teatro\\\/#primaryimage\"},\"image\":{\"@id\":\"https:\\\/\\\/metrecubic.com\\\/es\\\/caso-de-exito\\\/desmontaje-y-traslado-de-butacas-de-teatro\\\/#primaryimage\"},\"thumbnailUrl\":\"https:\\\/\\\/metrecubic.com\\\/wp-content\\\/uploads\\\/whatsapp-image-2025-03-25-at-10-34-52.jpeg\",\"datePublished\":\"2025-04-08T14:48:29+00:00\",\"dateModified\":\"2025-05-13T14:21:31+00:00\",\"breadcrumb\":{\"@id\":\"https:\\\/\\\/metrecubic.com\\\/es\\\/caso-de-exito\\\/desmontaje-y-traslado-de-butacas-de-teatro\\\/#breadcrumb\"},\"inLanguage\":\"es\",\"potentialAction\":[{\"@type\":\"ReadAction\",\"target\":[\"https:\\\/\\\/metrecubic.com\\\/es\\\/caso-de-exito\\\/desmontaje-y-traslado-de-butacas-de-teatro\\\/\"]}]},{\"@type\":\"ImageObject\",\"inLanguage\":\"es\",\"@id\":\"https:\\\/\\\/metrecubic.com\\\/es\\\/caso-de-exito\\\/desmontaje-y-traslado-de-butacas-de-teatro\\\/#primaryimage\",\"url\":\"https:\\\/\\\/metrecubic.com\\\/wp-content\\\/uploads\\\/whatsapp-image-2025-03-25-at-10-34-52.jpeg\",\"contentUrl\":\"https:\\\/\\\/metrecubic.com\\\/wp-content\\\/uploads\\\/whatsapp-image-2025-03-25-at-10-34-52.jpeg\",\"width\":1024,\"height\":768},{\"@type\":\"BreadcrumbList\",\"@id\":\"https:\\\/\\\/metrecubic.com\\\/es\\\/caso-de-exito\\\/desmontaje-y-traslado-de-butacas-de-teatro\\\/#breadcrumb\",\"itemListElement\":[{\"@type\":\"ListItem\",\"position\":1,\"name\":\"Portada\",\"item\":\"https:\\\/\\\/metrecubic.com\\\/es\\\/\"},{\"@type\":\"ListItem\",\"position\":2,\"name\":\"Casos de \u00e9xito\",\"item\":\"https:\\\/\\\/metrecubic.com\\\/es\\\/caso-de-exito\\\/\"},{\"@type\":\"ListItem\",\"position\":3,\"name\":\"Desmontaje y traslado de butacas de teatro\"}]},{\"@type\":\"WebSite\",\"@id\":\"https:\\\/\\\/metrecubic.com\\\/es\\\/#website\",\"url\":\"https:\\\/\\\/metrecubic.com\\\/es\\\/\",\"name\":\"METRECUBIC\",\"description\":\"Mudanzas y trasteros Sabadell y Girona\",\"publisher\":{\"@id\":\"https:\\\/\\\/metrecubic.com\\\/es\\\/#organization\"},\"potentialAction\":[{\"@type\":\"SearchAction\",\"target\":{\"@type\":\"EntryPoint\",\"urlTemplate\":\"https:\\\/\\\/metrecubic.com\\\/es\\\/?s={search_term_string}\"},\"query-input\":{\"@type\":\"PropertyValueSpecification\",\"valueRequired\":true,\"valueName\":\"search_term_string\"}}],\"inLanguage\":\"es\"},{\"@type\":\"Organization\",\"@id\":\"https:\\\/\\\/metrecubic.com\\\/es\\\/#organization\",\"name\":\"METRECUBIC\",\"url\":\"https:\\\/\\\/metrecubic.com\\\/es\\\/\",\"logo\":{\"@type\":\"ImageObject\",\"inLanguage\":\"es\",\"@id\":\"https:\\\/\\\/metrecubic.com\\\/es\\\/#\\\/schema\\\/logo\\\/image\\\/\",\"url\":\"https:\\\/\\\/metrecubic.com\\\/wp-content\\\/uploads\\\/logo-metrecubic.png\",\"contentUrl\":\"https:\\\/\\\/metrecubic.com\\\/wp-content\\\/uploads\\\/logo-metrecubic.png\",\"width\":159,\"height\":159,\"caption\":\"METRECUBIC\"},\"image\":{\"@id\":\"https:\\\/\\\/metrecubic.com\\\/es\\\/#\\\/schema\\\/logo\\\/image\\\/\"}}]}<\/script>\n<!-- \/ Yoast SEO plugin. -->","yoast_head_json":{"title":"Desmontaje y traslado de butacas de teatro - METRECUBIC","robots":{"index":"index","follow":"follow","max-snippet":"max-snippet:-1","max-image-preview":"max-image-preview:large","max-video-preview":"max-video-preview:-1"},"canonical":"https:\/\/metrecubic.com\/es\/caso-de-exito\/desmontaje-y-traslado-de-butacas-de-teatro\/","og_locale":"es_ES","og_type":"article","og_title":"Desmontaje y traslado de butacas de teatro - METRECUBIC","og_description":"Responsables de la gesti\u00f3n integral del desmontaje, embalaje, transporte y almacenaje temporal de todas las butacas de un teatro en proceso de reforma. Este tipo de intervenci\u00f3n exige una planificaci\u00f3n &hellip;","og_url":"https:\/\/metrecubic.com\/es\/caso-de-exito\/desmontaje-y-traslado-de-butacas-de-teatro\/","og_site_name":"METRECUBIC","article_modified_time":"2025-05-13T14:21:31+00:00","og_image":[{"width":1024,"height":768,"url":"https:\/\/metrecubic.com\/wp-content\/uploads\/whatsapp-image-2025-03-25-at-10-34-52.jpeg","type":"image\/jpeg"}],"twitter_card":"summary_large_image","twitter_misc":{"Tiempo de lectura":"2 minutos"},"schema":{"@context":"https:\/\/schema.org","@graph":[{"@type":"WebPage","@id":"https:\/\/metrecubic.com\/es\/caso-de-exito\/desmontaje-y-traslado-de-butacas-de-teatro\/","url":"https:\/\/metrecubic.com\/es\/caso-de-exito\/desmontaje-y-traslado-de-butacas-de-teatro\/","name":"Desmontaje y traslado de butacas de teatro - METRECUBIC","isPartOf":{"@id":"https:\/\/metrecubic.com\/es\/#website"},"primaryImageOfPage":{"@id":"https:\/\/metrecubic.com\/es\/caso-de-exito\/desmontaje-y-traslado-de-butacas-de-teatro\/#primaryimage"},"image":{"@id":"https:\/\/metrecubic.com\/es\/caso-de-exito\/desmontaje-y-traslado-de-butacas-de-teatro\/#primaryimage"},"thumbnailUrl":"https:\/\/metrecubic.com\/wp-content\/uploads\/whatsapp-image-2025-03-25-at-10-34-52.jpeg","datePublished":"2025-04-08T14:48:29+00:00","dateModified":"2025-05-13T14:21:31+00:00","breadcrumb":{"@id":"https:\/\/metrecubic.com\/es\/caso-de-exito\/desmontaje-y-traslado-de-butacas-de-teatro\/#breadcrumb"},"inLanguage":"es","potentialAction":[{"@type":"ReadAction","target":["https:\/\/metrecubic.com\/es\/caso-de-exito\/desmontaje-y-traslado-de-butacas-de-teatro\/"]}]},{"@type":"ImageObject","inLanguage":"es","@id":"https:\/\/metrecubic.com\/es\/caso-de-exito\/desmontaje-y-traslado-de-butacas-de-teatro\/#primaryimage","url":"https:\/\/metrecubic.com\/wp-content\/uploads\/whatsapp-image-2025-03-25-at-10-34-52.jpeg","contentUrl":"https:\/\/metrecubic.com\/wp-content\/uploads\/whatsapp-image-2025-03-25-at-10-34-52.jpeg","width":1024,"height":768},{"@type":"BreadcrumbList","@id":"https:\/\/metrecubic.com\/es\/caso-de-exito\/desmontaje-y-traslado-de-butacas-de-teatro\/#breadcrumb","itemListElement":[{"@type":"ListItem","position":1,"name":"Portada","item":"https:\/\/metrecubic.com\/es\/"},{"@type":"ListItem","position":2,"name":"Casos de \u00e9xito","item":"https:\/\/metrecubic.com\/es\/caso-de-exito\/"},{"@type":"ListItem","position":3,"name":"Desmontaje y traslado de butacas de teatro"}]},{"@type":"WebSite","@id":"https:\/\/metrecubic.com\/es\/#website","url":"https:\/\/metrecubic.com\/es\/","name":"METRECUBIC","description":"Mudanzas y trasteros Sabadell y Girona","publisher":{"@id":"https:\/\/metrecubic.com\/es\/#organization"},"potentialAction":[{"@type":"SearchAction","target":{"@type":"EntryPoint","urlTemplate":"https:\/\/metrecubic.com\/es\/?s={search_term_string}"},"query-input":{"@type":"PropertyValueSpecification","valueRequired":true,"valueName":"search_term_string"}}],"inLanguage":"es"},{"@type":"Organization","@id":"https:\/\/metrecubic.com\/es\/#organization","name":"METRECUBIC","url":"https:\/\/metrecubic.com\/es\/","logo":{"@type":"ImageObject","inLanguage":"es","@id":"https:\/\/metrecubic.com\/es\/#\/schema\/logo\/image\/","url":"https:\/\/metrecubic.com\/wp-content\/uploads\/logo-metrecubic.png","contentUrl":"https:\/\/metrecubic.com\/wp-content\/uploads\/logo-metrecubic.png","width":159,"height":159,"caption":"METRECUBIC"},"image":{"@id":"https:\/\/metrecubic.com\/es\/#\/schema\/logo\/image\/"}}]}},"_links":{"self":[{"href":"https:\/\/metrecubic.com\/es\/wp-json\/wp\/v2\/success-stories\/6676","targetHints":{"allow":["GET"]}}],"collection":[{"href":"https:\/\/metrecubic.com\/es\/wp-json\/wp\/v2\/success-stories"}],"about":[{"href":"https:\/\/metrecubic.com\/es\/wp-json\/wp\/v2\/types\/success-stories"}],"version-history":[{"count":4,"href":"https:\/\/metrecubic.com\/es\/wp-json\/wp\/v2\/success-stories\/6676\/revisions"}],"predecessor-version":[{"id":7583,"href":"https:\/\/metrecubic.com\/es\/wp-json\/wp\/v2\/success-stories\/6676\/revisions\/7583"}],"wp:featuredmedia":[{"embeddable":true,"href":"https:\/\/metrecubic.com\/es\/wp-json\/wp\/v2\/media\/6677"}],"wp:attachment":[{"href":"https:\/\/metrecubic.com\/es\/wp-json\/wp\/v2\/media?parent=6676"}],"wp:term":[{"taxonomy":"sector_cat","embeddable":true,"href":"https:\/\/metrecubic.com\/es\/wp-json\/wp\/v2\/sector_cat?post=6676"}],"curies":[{"name":"wp","href":"https:\/\/api.w.org\/{rel}","templated":true}]}}