{"id":6650,"date":"2025-04-08T14:45:48","date_gmt":"2025-04-08T14:45:48","guid":{"rendered":"https:\/\/metrecubic.com\/?post_type=success-stories&#038;p=6650"},"modified":"2025-05-09T10:58:29","modified_gmt":"2025-05-09T10:58:29","slug":"transporte-de-plantas-de-gran-tamano","status":"publish","type":"success-stories","link":"https:\/\/metrecubic.com\/es\/caso-de-exito\/transporte-de-plantas-de-gran-tamano\/","title":{"rendered":"Transporte de plantas de gran tama\u00f1o"},"content":{"rendered":"\n<p>Llevamos a cabo el traslado de m\u00e1s de 20 plantas de gran tama\u00f1o, cada una con un peso aproximado de 50\u202fkg, desde una vivienda con m\u00e1s de 1.000\u202fm\u00b2 de terreno. Esta operaci\u00f3n exig\u00eda una log\u00edstica cuidadosa, medios t\u00e9cnicos adecuados y un equipo especializado en la manipulaci\u00f3n de elementos delicados y pesados.<\/p>\n\n\n\n<p>Las plantas, algunas en tiestos de grandes dimensiones y otras directamente plantadas en maceteros decorativos, fueron trasladadas con sumo cuidado para garantizar su integridad. Nuestro equipo se encarg\u00f3 de proteger cada ejemplar con materiales acolchados y de asegurar su estabilidad durante el transporte.<\/p>\n\n\n\n<p>Para la carga y descarga utilizamos uno de nuestros camiones equipados con plataforma elevadora, lo que permiti\u00f3 mover cada planta sin esfuerzo, evitando da\u00f1os tanto en las ra\u00edces como en el entorno. Adem\u00e1s, la disposici\u00f3n en el veh\u00edculo fue dise\u00f1ada para mantener las condiciones \u00f3ptimas durante el trayecto.<\/p>\n\n\n\n<p>Este caso demuestra nuestra capacidad para realizar traslados delicados y de alto peso en entornos residenciales, combinando eficiencia, seguridad y respeto por los elementos vivos y decorativos del hogar.<\/p>\n","protected":false},"excerpt":{"rendered":"<p>Llevamos a cabo el traslado de m\u00e1s de 20 plantas de gran tama\u00f1o, cada una con un peso aproximado de 50\u202fkg, desde una vivienda con m\u00e1s de 1.000\u202fm\u00b2 de terreno. &hellip;<\/p>\n","protected":false},"featured_media":6651,"template":"","meta":{"_acf_changed":false,"footnotes":""},"sector_cat":[214,215,220],"class_list":["post-6650","success-stories","type-success-stories","status-publish","has-post-thumbnail","hentry","sector_cat-mudanzas-de-objetos-delicados-o-fragiles","sector_cat-objetos-voluminosos","sector_cat-particulares"],"acf":[],"yoast_head":"<!-- This site is optimized with the Yoast SEO plugin v27.4 - https:\/\/yoast.com\/product\/yoast-seo-wordpress\/ -->\n<title>Transporte de plantas de gran tama\u00f1o - METRECUBIC<\/title>\n<meta name=\"robots\" content=\"index, follow, max-snippet:-1, max-image-preview:large, max-video-preview:-1\" \/>\n<link rel=\"canonical\" href=\"https:\/\/metrecubic.com\/es\/caso-de-exito\/transporte-de-plantas-de-gran-tamano\/\" \/>\n<meta property=\"og:locale\" content=\"es_ES\" \/>\n<meta property=\"og:type\" content=\"article\" \/>\n<meta property=\"og:title\" content=\"Transporte de plantas de gran tama\u00f1o - METRECUBIC\" \/>\n<meta property=\"og:description\" content=\"Llevamos a cabo el traslado de m\u00e1s de 20 plantas de gran tama\u00f1o, cada una con un peso aproximado de 50\u202fkg, desde una vivienda con m\u00e1s de 1.000\u202fm\u00b2 de terreno. &hellip;\" \/>\n<meta property=\"og:url\" content=\"https:\/\/metrecubic.com\/es\/caso-de-exito\/transporte-de-plantas-de-gran-tamano\/\" \/>\n<meta property=\"og:site_name\" content=\"METRECUBIC\" \/>\n<meta property=\"article:modified_time\" content=\"2025-05-09T10:58:29+00:00\" \/>\n<meta property=\"og:image\" content=\"https:\/\/metrecubic.com\/wp-content\/uploads\/whatsapp-image-2025-03-25-at-10-34-49-2.jpeg\" \/>\n\t<meta property=\"og:image:width\" content=\"1066\" \/>\n\t<meta property=\"og:image:height\" content=\"1600\" \/>\n\t<meta property=\"og:image:type\" content=\"image\/jpeg\" \/>\n<meta name=\"twitter:card\" content=\"summary_large_image\" \/>\n<meta name=\"twitter:label1\" content=\"Tiempo de lectura\" \/>\n\t<meta name=\"twitter:data1\" content=\"1 minuto\" \/>\n<script type=\"application\/ld+json\" class=\"yoast-schema-graph\">{\"@context\":\"https:\\\/\\\/schema.org\",\"@graph\":[{\"@type\":\"WebPage\",\"@id\":\"https:\\\/\\\/metrecubic.com\\\/es\\\/caso-de-exito\\\/transporte-de-plantas-de-gran-tamano\\\/\",\"url\":\"https:\\\/\\\/metrecubic.com\\\/es\\\/caso-de-exito\\\/transporte-de-plantas-de-gran-tamano\\\/\",\"name\":\"Transporte de plantas de gran tama\u00f1o - METRECUBIC\",\"isPartOf\":{\"@id\":\"https:\\\/\\\/metrecubic.com\\\/es\\\/#website\"},\"primaryImageOfPage\":{\"@id\":\"https:\\\/\\\/metrecubic.com\\\/es\\\/caso-de-exito\\\/transporte-de-plantas-de-gran-tamano\\\/#primaryimage\"},\"image\":{\"@id\":\"https:\\\/\\\/metrecubic.com\\\/es\\\/caso-de-exito\\\/transporte-de-plantas-de-gran-tamano\\\/#primaryimage\"},\"thumbnailUrl\":\"https:\\\/\\\/metrecubic.com\\\/wp-content\\\/uploads\\\/whatsapp-image-2025-03-25-at-10-34-49-2.jpeg\",\"datePublished\":\"2025-04-08T14:45:48+00:00\",\"dateModified\":\"2025-05-09T10:58:29+00:00\",\"breadcrumb\":{\"@id\":\"https:\\\/\\\/metrecubic.com\\\/es\\\/caso-de-exito\\\/transporte-de-plantas-de-gran-tamano\\\/#breadcrumb\"},\"inLanguage\":\"es\",\"potentialAction\":[{\"@type\":\"ReadAction\",\"target\":[\"https:\\\/\\\/metrecubic.com\\\/es\\\/caso-de-exito\\\/transporte-de-plantas-de-gran-tamano\\\/\"]}]},{\"@type\":\"ImageObject\",\"inLanguage\":\"es\",\"@id\":\"https:\\\/\\\/metrecubic.com\\\/es\\\/caso-de-exito\\\/transporte-de-plantas-de-gran-tamano\\\/#primaryimage\",\"url\":\"https:\\\/\\\/metrecubic.com\\\/wp-content\\\/uploads\\\/whatsapp-image-2025-03-25-at-10-34-49-2.jpeg\",\"contentUrl\":\"https:\\\/\\\/metrecubic.com\\\/wp-content\\\/uploads\\\/whatsapp-image-2025-03-25-at-10-34-49-2.jpeg\",\"width\":1066,\"height\":1600},{\"@type\":\"BreadcrumbList\",\"@id\":\"https:\\\/\\\/metrecubic.com\\\/es\\\/caso-de-exito\\\/transporte-de-plantas-de-gran-tamano\\\/#breadcrumb\",\"itemListElement\":[{\"@type\":\"ListItem\",\"position\":1,\"name\":\"Portada\",\"item\":\"https:\\\/\\\/metrecubic.com\\\/es\\\/\"},{\"@type\":\"ListItem\",\"position\":2,\"name\":\"Casos de \u00e9xito\",\"item\":\"https:\\\/\\\/metrecubic.com\\\/es\\\/caso-de-exito\\\/\"},{\"@type\":\"ListItem\",\"position\":3,\"name\":\"Transporte de plantas de gran tama\u00f1o\"}]},{\"@type\":\"WebSite\",\"@id\":\"https:\\\/\\\/metrecubic.com\\\/es\\\/#website\",\"url\":\"https:\\\/\\\/metrecubic.com\\\/es\\\/\",\"name\":\"METRECUBIC\",\"description\":\"Mudanzas y trasteros Sabadell y Girona\",\"publisher\":{\"@id\":\"https:\\\/\\\/metrecubic.com\\\/es\\\/#organization\"},\"potentialAction\":[{\"@type\":\"SearchAction\",\"target\":{\"@type\":\"EntryPoint\",\"urlTemplate\":\"https:\\\/\\\/metrecubic.com\\\/es\\\/?s={search_term_string}\"},\"query-input\":{\"@type\":\"PropertyValueSpecification\",\"valueRequired\":true,\"valueName\":\"search_term_string\"}}],\"inLanguage\":\"es\"},{\"@type\":\"Organization\",\"@id\":\"https:\\\/\\\/metrecubic.com\\\/es\\\/#organization\",\"name\":\"METRECUBIC\",\"url\":\"https:\\\/\\\/metrecubic.com\\\/es\\\/\",\"logo\":{\"@type\":\"ImageObject\",\"inLanguage\":\"es\",\"@id\":\"https:\\\/\\\/metrecubic.com\\\/es\\\/#\\\/schema\\\/logo\\\/image\\\/\",\"url\":\"https:\\\/\\\/metrecubic.com\\\/wp-content\\\/uploads\\\/logo-metrecubic.png\",\"contentUrl\":\"https:\\\/\\\/metrecubic.com\\\/wp-content\\\/uploads\\\/logo-metrecubic.png\",\"width\":159,\"height\":159,\"caption\":\"METRECUBIC\"},\"image\":{\"@id\":\"https:\\\/\\\/metrecubic.com\\\/es\\\/#\\\/schema\\\/logo\\\/image\\\/\"}}]}<\/script>\n<!-- \/ Yoast SEO plugin. -->","yoast_head_json":{"title":"Transporte de plantas de gran tama\u00f1o - METRECUBIC","robots":{"index":"index","follow":"follow","max-snippet":"max-snippet:-1","max-image-preview":"max-image-preview:large","max-video-preview":"max-video-preview:-1"},"canonical":"https:\/\/metrecubic.com\/es\/caso-de-exito\/transporte-de-plantas-de-gran-tamano\/","og_locale":"es_ES","og_type":"article","og_title":"Transporte de plantas de gran tama\u00f1o - METRECUBIC","og_description":"Llevamos a cabo el traslado de m\u00e1s de 20 plantas de gran tama\u00f1o, cada una con un peso aproximado de 50\u202fkg, desde una vivienda con m\u00e1s de 1.000\u202fm\u00b2 de terreno. &hellip;","og_url":"https:\/\/metrecubic.com\/es\/caso-de-exito\/transporte-de-plantas-de-gran-tamano\/","og_site_name":"METRECUBIC","article_modified_time":"2025-05-09T10:58:29+00:00","og_image":[{"width":1066,"height":1600,"url":"https:\/\/metrecubic.com\/wp-content\/uploads\/whatsapp-image-2025-03-25-at-10-34-49-2.jpeg","type":"image\/jpeg"}],"twitter_card":"summary_large_image","twitter_misc":{"Tiempo de lectura":"1 minuto"},"schema":{"@context":"https:\/\/schema.org","@graph":[{"@type":"WebPage","@id":"https:\/\/metrecubic.com\/es\/caso-de-exito\/transporte-de-plantas-de-gran-tamano\/","url":"https:\/\/metrecubic.com\/es\/caso-de-exito\/transporte-de-plantas-de-gran-tamano\/","name":"Transporte de plantas de gran tama\u00f1o - METRECUBIC","isPartOf":{"@id":"https:\/\/metrecubic.com\/es\/#website"},"primaryImageOfPage":{"@id":"https:\/\/metrecubic.com\/es\/caso-de-exito\/transporte-de-plantas-de-gran-tamano\/#primaryimage"},"image":{"@id":"https:\/\/metrecubic.com\/es\/caso-de-exito\/transporte-de-plantas-de-gran-tamano\/#primaryimage"},"thumbnailUrl":"https:\/\/metrecubic.com\/wp-content\/uploads\/whatsapp-image-2025-03-25-at-10-34-49-2.jpeg","datePublished":"2025-04-08T14:45:48+00:00","dateModified":"2025-05-09T10:58:29+00:00","breadcrumb":{"@id":"https:\/\/metrecubic.com\/es\/caso-de-exito\/transporte-de-plantas-de-gran-tamano\/#breadcrumb"},"inLanguage":"es","potentialAction":[{"@type":"ReadAction","target":["https:\/\/metrecubic.com\/es\/caso-de-exito\/transporte-de-plantas-de-gran-tamano\/"]}]},{"@type":"ImageObject","inLanguage":"es","@id":"https:\/\/metrecubic.com\/es\/caso-de-exito\/transporte-de-plantas-de-gran-tamano\/#primaryimage","url":"https:\/\/metrecubic.com\/wp-content\/uploads\/whatsapp-image-2025-03-25-at-10-34-49-2.jpeg","contentUrl":"https:\/\/metrecubic.com\/wp-content\/uploads\/whatsapp-image-2025-03-25-at-10-34-49-2.jpeg","width":1066,"height":1600},{"@type":"BreadcrumbList","@id":"https:\/\/metrecubic.com\/es\/caso-de-exito\/transporte-de-plantas-de-gran-tamano\/#breadcrumb","itemListElement":[{"@type":"ListItem","position":1,"name":"Portada","item":"https:\/\/metrecubic.com\/es\/"},{"@type":"ListItem","position":2,"name":"Casos de \u00e9xito","item":"https:\/\/metrecubic.com\/es\/caso-de-exito\/"},{"@type":"ListItem","position":3,"name":"Transporte de plantas de gran tama\u00f1o"}]},{"@type":"WebSite","@id":"https:\/\/metrecubic.com\/es\/#website","url":"https:\/\/metrecubic.com\/es\/","name":"METRECUBIC","description":"Mudanzas y trasteros Sabadell y Girona","publisher":{"@id":"https:\/\/metrecubic.com\/es\/#organization"},"potentialAction":[{"@type":"SearchAction","target":{"@type":"EntryPoint","urlTemplate":"https:\/\/metrecubic.com\/es\/?s={search_term_string}"},"query-input":{"@type":"PropertyValueSpecification","valueRequired":true,"valueName":"search_term_string"}}],"inLanguage":"es"},{"@type":"Organization","@id":"https:\/\/metrecubic.com\/es\/#organization","name":"METRECUBIC","url":"https:\/\/metrecubic.com\/es\/","logo":{"@type":"ImageObject","inLanguage":"es","@id":"https:\/\/metrecubic.com\/es\/#\/schema\/logo\/image\/","url":"https:\/\/metrecubic.com\/wp-content\/uploads\/logo-metrecubic.png","contentUrl":"https:\/\/metrecubic.com\/wp-content\/uploads\/logo-metrecubic.png","width":159,"height":159,"caption":"METRECUBIC"},"image":{"@id":"https:\/\/metrecubic.com\/es\/#\/schema\/logo\/image\/"}}]}},"_links":{"self":[{"href":"https:\/\/metrecubic.com\/es\/wp-json\/wp\/v2\/success-stories\/6650","targetHints":{"allow":["GET"]}}],"collection":[{"href":"https:\/\/metrecubic.com\/es\/wp-json\/wp\/v2\/success-stories"}],"about":[{"href":"https:\/\/metrecubic.com\/es\/wp-json\/wp\/v2\/types\/success-stories"}],"version-history":[{"count":5,"href":"https:\/\/metrecubic.com\/es\/wp-json\/wp\/v2\/success-stories\/6650\/revisions"}],"predecessor-version":[{"id":7519,"href":"https:\/\/metrecubic.com\/es\/wp-json\/wp\/v2\/success-stories\/6650\/revisions\/7519"}],"wp:featuredmedia":[{"embeddable":true,"href":"https:\/\/metrecubic.com\/es\/wp-json\/wp\/v2\/media\/6651"}],"wp:attachment":[{"href":"https:\/\/metrecubic.com\/es\/wp-json\/wp\/v2\/media?parent=6650"}],"wp:term":[{"taxonomy":"sector_cat","embeddable":true,"href":"https:\/\/metrecubic.com\/es\/wp-json\/wp\/v2\/sector_cat?post=6650"}],"curies":[{"name":"wp","href":"https:\/\/api.w.org\/{rel}","templated":true}]}}