{"id":6234,"date":"2025-04-08T13:13:11","date_gmt":"2025-04-08T13:13:11","guid":{"rendered":"https:\/\/metrecubic.com\/?post_type=success-stories&#038;p=6234"},"modified":"2025-05-09T10:45:40","modified_gmt":"2025-05-09T10:45:40","slug":"mudanzas-en-las-alturas","status":"publish","type":"success-stories","link":"https:\/\/metrecubic.com\/es\/caso-de-exito\/mudanzas-en-las-alturas\/","title":{"rendered":"Mudanzas en las alturas"},"content":{"rendered":"\n<p>Ofrecemos un servicio de elevador especializado para situaciones donde la precisi\u00f3n no es una opci\u00f3n, sino una necesidad. Este recurso es clave en proyectos que implican el traslado de objetos voluminosos, pesados o delicados en ubicaciones de dif\u00edcil acceso o con restricciones arquitect\u00f3nicas.<\/p>\n\n\n\n<p>Desde muebles de gran formato hasta equipos t\u00e9cnicos, esculturas, materiales de construcci\u00f3n o instalaciones temporales, nuestro elevador profesional permite subir o bajar elementos con total seguridad, evitando da\u00f1os tanto en la carga como en la estructura del edificio.<\/p>\n\n\n\n<p>Gracias a su capacidad para alcanzar hasta 8 pisos y soportar hasta 250\u202fkg, este sistema nos permite trabajar en entornos urbanos, viviendas unifamiliares, oficinas o reformas sin comprometer la eficiencia ni la integridad de los bienes. Adem\u00e1s, su uso minimiza esfuerzos f\u00edsicos y reduce los tiempos de trabajo, optimizando todo el proceso log\u00edstico.<\/p>\n\n\n\n<p>Este servicio es ideal para mudanzas de precisi\u00f3n, traslados delicados o proyectos t\u00e9cnicos donde la maniobra manual es inviable o arriesgada. En cada intervenci\u00f3n, nuestro equipo se encarga de la operaci\u00f3n con total profesionalidad, garantizando resultados seguros, \u00e1giles y sin contratiempos.<\/p>\n","protected":false},"excerpt":{"rendered":"<p>Ofrecemos un servicio de elevador especializado para situaciones donde la precisi\u00f3n no es una opci\u00f3n, sino una necesidad. Este recurso es clave en proyectos que implican el traslado de objetos &hellip;<\/p>\n","protected":false},"featured_media":6235,"template":"","meta":{"_acf_changed":false,"footnotes":""},"sector_cat":[210,213,220],"class_list":["post-6234","success-stories","type-success-stories","status-publish","has-post-thumbnail","hentry","sector_cat-servicio-elevador","sector_cat-mudanzas-dificiles","sector_cat-particulares"],"acf":[],"yoast_head":"<!-- This site is optimized with the Yoast SEO plugin v27.4 - https:\/\/yoast.com\/product\/yoast-seo-wordpress\/ -->\n<title>Mudanzas en las alturas - METRECUBIC<\/title>\n<meta name=\"robots\" content=\"index, follow, max-snippet:-1, max-image-preview:large, max-video-preview:-1\" \/>\n<link rel=\"canonical\" href=\"https:\/\/metrecubic.com\/es\/caso-de-exito\/mudanzas-en-las-alturas\/\" \/>\n<meta property=\"og:locale\" content=\"es_ES\" \/>\n<meta property=\"og:type\" content=\"article\" \/>\n<meta property=\"og:title\" content=\"Mudanzas en las alturas - METRECUBIC\" \/>\n<meta property=\"og:description\" content=\"Ofrecemos un servicio de elevador especializado para situaciones donde la precisi\u00f3n no es una opci\u00f3n, sino una necesidad. Este recurso es clave en proyectos que implican el traslado de objetos &hellip;\" \/>\n<meta property=\"og:url\" content=\"https:\/\/metrecubic.com\/es\/caso-de-exito\/mudanzas-en-las-alturas\/\" \/>\n<meta property=\"og:site_name\" content=\"METRECUBIC\" \/>\n<meta property=\"article:modified_time\" content=\"2025-05-09T10:45:40+00:00\" \/>\n<meta property=\"og:image\" content=\"https:\/\/metrecubic.com\/wp-content\/uploads\/280267330-986270958918011-9017600341000142257-n-1-e1744118091442.jpg\" \/>\n\t<meta property=\"og:image:width\" content=\"864\" \/>\n\t<meta property=\"og:image:height\" content=\"1080\" \/>\n\t<meta property=\"og:image:type\" content=\"image\/jpeg\" \/>\n<meta name=\"twitter:card\" content=\"summary_large_image\" \/>\n<meta name=\"twitter:label1\" content=\"Tiempo de lectura\" \/>\n\t<meta name=\"twitter:data1\" content=\"2 minutos\" \/>\n<script type=\"application\/ld+json\" class=\"yoast-schema-graph\">{\"@context\":\"https:\\\/\\\/schema.org\",\"@graph\":[{\"@type\":\"WebPage\",\"@id\":\"https:\\\/\\\/metrecubic.com\\\/es\\\/caso-de-exito\\\/mudanzas-en-las-alturas\\\/\",\"url\":\"https:\\\/\\\/metrecubic.com\\\/es\\\/caso-de-exito\\\/mudanzas-en-las-alturas\\\/\",\"name\":\"Mudanzas en las alturas - METRECUBIC\",\"isPartOf\":{\"@id\":\"https:\\\/\\\/metrecubic.com\\\/es\\\/#website\"},\"primaryImageOfPage\":{\"@id\":\"https:\\\/\\\/metrecubic.com\\\/es\\\/caso-de-exito\\\/mudanzas-en-las-alturas\\\/#primaryimage\"},\"image\":{\"@id\":\"https:\\\/\\\/metrecubic.com\\\/es\\\/caso-de-exito\\\/mudanzas-en-las-alturas\\\/#primaryimage\"},\"thumbnailUrl\":\"https:\\\/\\\/metrecubic.com\\\/wp-content\\\/uploads\\\/280267330-986270958918011-9017600341000142257-n-1-e1744118091442.jpg\",\"datePublished\":\"2025-04-08T13:13:11+00:00\",\"dateModified\":\"2025-05-09T10:45:40+00:00\",\"breadcrumb\":{\"@id\":\"https:\\\/\\\/metrecubic.com\\\/es\\\/caso-de-exito\\\/mudanzas-en-las-alturas\\\/#breadcrumb\"},\"inLanguage\":\"es\",\"potentialAction\":[{\"@type\":\"ReadAction\",\"target\":[\"https:\\\/\\\/metrecubic.com\\\/es\\\/caso-de-exito\\\/mudanzas-en-las-alturas\\\/\"]}]},{\"@type\":\"ImageObject\",\"inLanguage\":\"es\",\"@id\":\"https:\\\/\\\/metrecubic.com\\\/es\\\/caso-de-exito\\\/mudanzas-en-las-alturas\\\/#primaryimage\",\"url\":\"https:\\\/\\\/metrecubic.com\\\/wp-content\\\/uploads\\\/280267330-986270958918011-9017600341000142257-n-1-e1744118091442.jpg\",\"contentUrl\":\"https:\\\/\\\/metrecubic.com\\\/wp-content\\\/uploads\\\/280267330-986270958918011-9017600341000142257-n-1-e1744118091442.jpg\",\"width\":864,\"height\":1080},{\"@type\":\"BreadcrumbList\",\"@id\":\"https:\\\/\\\/metrecubic.com\\\/es\\\/caso-de-exito\\\/mudanzas-en-las-alturas\\\/#breadcrumb\",\"itemListElement\":[{\"@type\":\"ListItem\",\"position\":1,\"name\":\"Portada\",\"item\":\"https:\\\/\\\/metrecubic.com\\\/es\\\/\"},{\"@type\":\"ListItem\",\"position\":2,\"name\":\"Casos de \u00e9xito\",\"item\":\"https:\\\/\\\/metrecubic.com\\\/es\\\/caso-de-exito\\\/\"},{\"@type\":\"ListItem\",\"position\":3,\"name\":\"Mudanzas en las alturas\"}]},{\"@type\":\"WebSite\",\"@id\":\"https:\\\/\\\/metrecubic.com\\\/es\\\/#website\",\"url\":\"https:\\\/\\\/metrecubic.com\\\/es\\\/\",\"name\":\"METRECUBIC\",\"description\":\"Mudanzas y trasteros Sabadell y Girona\",\"publisher\":{\"@id\":\"https:\\\/\\\/metrecubic.com\\\/es\\\/#organization\"},\"potentialAction\":[{\"@type\":\"SearchAction\",\"target\":{\"@type\":\"EntryPoint\",\"urlTemplate\":\"https:\\\/\\\/metrecubic.com\\\/es\\\/?s={search_term_string}\"},\"query-input\":{\"@type\":\"PropertyValueSpecification\",\"valueRequired\":true,\"valueName\":\"search_term_string\"}}],\"inLanguage\":\"es\"},{\"@type\":\"Organization\",\"@id\":\"https:\\\/\\\/metrecubic.com\\\/es\\\/#organization\",\"name\":\"METRECUBIC\",\"url\":\"https:\\\/\\\/metrecubic.com\\\/es\\\/\",\"logo\":{\"@type\":\"ImageObject\",\"inLanguage\":\"es\",\"@id\":\"https:\\\/\\\/metrecubic.com\\\/es\\\/#\\\/schema\\\/logo\\\/image\\\/\",\"url\":\"https:\\\/\\\/metrecubic.com\\\/wp-content\\\/uploads\\\/logo-metrecubic.png\",\"contentUrl\":\"https:\\\/\\\/metrecubic.com\\\/wp-content\\\/uploads\\\/logo-metrecubic.png\",\"width\":159,\"height\":159,\"caption\":\"METRECUBIC\"},\"image\":{\"@id\":\"https:\\\/\\\/metrecubic.com\\\/es\\\/#\\\/schema\\\/logo\\\/image\\\/\"}}]}<\/script>\n<!-- \/ Yoast SEO plugin. -->","yoast_head_json":{"title":"Mudanzas en las alturas - METRECUBIC","robots":{"index":"index","follow":"follow","max-snippet":"max-snippet:-1","max-image-preview":"max-image-preview:large","max-video-preview":"max-video-preview:-1"},"canonical":"https:\/\/metrecubic.com\/es\/caso-de-exito\/mudanzas-en-las-alturas\/","og_locale":"es_ES","og_type":"article","og_title":"Mudanzas en las alturas - METRECUBIC","og_description":"Ofrecemos un servicio de elevador especializado para situaciones donde la precisi\u00f3n no es una opci\u00f3n, sino una necesidad. Este recurso es clave en proyectos que implican el traslado de objetos &hellip;","og_url":"https:\/\/metrecubic.com\/es\/caso-de-exito\/mudanzas-en-las-alturas\/","og_site_name":"METRECUBIC","article_modified_time":"2025-05-09T10:45:40+00:00","og_image":[{"width":864,"height":1080,"url":"https:\/\/metrecubic.com\/wp-content\/uploads\/280267330-986270958918011-9017600341000142257-n-1-e1744118091442.jpg","type":"image\/jpeg"}],"twitter_card":"summary_large_image","twitter_misc":{"Tiempo de lectura":"2 minutos"},"schema":{"@context":"https:\/\/schema.org","@graph":[{"@type":"WebPage","@id":"https:\/\/metrecubic.com\/es\/caso-de-exito\/mudanzas-en-las-alturas\/","url":"https:\/\/metrecubic.com\/es\/caso-de-exito\/mudanzas-en-las-alturas\/","name":"Mudanzas en las alturas - METRECUBIC","isPartOf":{"@id":"https:\/\/metrecubic.com\/es\/#website"},"primaryImageOfPage":{"@id":"https:\/\/metrecubic.com\/es\/caso-de-exito\/mudanzas-en-las-alturas\/#primaryimage"},"image":{"@id":"https:\/\/metrecubic.com\/es\/caso-de-exito\/mudanzas-en-las-alturas\/#primaryimage"},"thumbnailUrl":"https:\/\/metrecubic.com\/wp-content\/uploads\/280267330-986270958918011-9017600341000142257-n-1-e1744118091442.jpg","datePublished":"2025-04-08T13:13:11+00:00","dateModified":"2025-05-09T10:45:40+00:00","breadcrumb":{"@id":"https:\/\/metrecubic.com\/es\/caso-de-exito\/mudanzas-en-las-alturas\/#breadcrumb"},"inLanguage":"es","potentialAction":[{"@type":"ReadAction","target":["https:\/\/metrecubic.com\/es\/caso-de-exito\/mudanzas-en-las-alturas\/"]}]},{"@type":"ImageObject","inLanguage":"es","@id":"https:\/\/metrecubic.com\/es\/caso-de-exito\/mudanzas-en-las-alturas\/#primaryimage","url":"https:\/\/metrecubic.com\/wp-content\/uploads\/280267330-986270958918011-9017600341000142257-n-1-e1744118091442.jpg","contentUrl":"https:\/\/metrecubic.com\/wp-content\/uploads\/280267330-986270958918011-9017600341000142257-n-1-e1744118091442.jpg","width":864,"height":1080},{"@type":"BreadcrumbList","@id":"https:\/\/metrecubic.com\/es\/caso-de-exito\/mudanzas-en-las-alturas\/#breadcrumb","itemListElement":[{"@type":"ListItem","position":1,"name":"Portada","item":"https:\/\/metrecubic.com\/es\/"},{"@type":"ListItem","position":2,"name":"Casos de \u00e9xito","item":"https:\/\/metrecubic.com\/es\/caso-de-exito\/"},{"@type":"ListItem","position":3,"name":"Mudanzas en las alturas"}]},{"@type":"WebSite","@id":"https:\/\/metrecubic.com\/es\/#website","url":"https:\/\/metrecubic.com\/es\/","name":"METRECUBIC","description":"Mudanzas y trasteros Sabadell y Girona","publisher":{"@id":"https:\/\/metrecubic.com\/es\/#organization"},"potentialAction":[{"@type":"SearchAction","target":{"@type":"EntryPoint","urlTemplate":"https:\/\/metrecubic.com\/es\/?s={search_term_string}"},"query-input":{"@type":"PropertyValueSpecification","valueRequired":true,"valueName":"search_term_string"}}],"inLanguage":"es"},{"@type":"Organization","@id":"https:\/\/metrecubic.com\/es\/#organization","name":"METRECUBIC","url":"https:\/\/metrecubic.com\/es\/","logo":{"@type":"ImageObject","inLanguage":"es","@id":"https:\/\/metrecubic.com\/es\/#\/schema\/logo\/image\/","url":"https:\/\/metrecubic.com\/wp-content\/uploads\/logo-metrecubic.png","contentUrl":"https:\/\/metrecubic.com\/wp-content\/uploads\/logo-metrecubic.png","width":159,"height":159,"caption":"METRECUBIC"},"image":{"@id":"https:\/\/metrecubic.com\/es\/#\/schema\/logo\/image\/"}}]}},"_links":{"self":[{"href":"https:\/\/metrecubic.com\/es\/wp-json\/wp\/v2\/success-stories\/6234","targetHints":{"allow":["GET"]}}],"collection":[{"href":"https:\/\/metrecubic.com\/es\/wp-json\/wp\/v2\/success-stories"}],"about":[{"href":"https:\/\/metrecubic.com\/es\/wp-json\/wp\/v2\/types\/success-stories"}],"version-history":[{"count":5,"href":"https:\/\/metrecubic.com\/es\/wp-json\/wp\/v2\/success-stories\/6234\/revisions"}],"predecessor-version":[{"id":7511,"href":"https:\/\/metrecubic.com\/es\/wp-json\/wp\/v2\/success-stories\/6234\/revisions\/7511"}],"wp:featuredmedia":[{"embeddable":true,"href":"https:\/\/metrecubic.com\/es\/wp-json\/wp\/v2\/media\/6235"}],"wp:attachment":[{"href":"https:\/\/metrecubic.com\/es\/wp-json\/wp\/v2\/media?parent=6234"}],"wp:term":[{"taxonomy":"sector_cat","embeddable":true,"href":"https:\/\/metrecubic.com\/es\/wp-json\/wp\/v2\/sector_cat?post=6234"}],"curies":[{"name":"wp","href":"https:\/\/api.w.org\/{rel}","templated":true}]}}