{"id":6228,"date":"2025-04-08T09:58:36","date_gmt":"2025-04-08T09:58:36","guid":{"rendered":"https:\/\/metrecubic.com\/?post_type=success-stories&#038;p=6228"},"modified":"2025-05-15T14:27:54","modified_gmt":"2025-05-15T14:27:54","slug":"elevacion-al-limite-en-banyoles","status":"publish","type":"success-stories","link":"https:\/\/metrecubic.com\/es\/caso-de-exito\/elevacion-al-limite-en-banyoles\/","title":{"rendered":"Elevaci\u00f3n al l\u00edmite en Banyoles"},"content":{"rendered":"\n<p>Llevamos a cabo una mudanza especialmente compleja desde Palol de Revardit hasta un s\u00e9ptimo piso en Banyoles, en una operaci\u00f3n que combin\u00f3 precisi\u00f3n t\u00e9cnica, planificaci\u00f3n log\u00edstica y la m\u00e1xima profesionalidad. El principal desaf\u00edo fue el uso de un elevador en condiciones l\u00edmite, dada la altura del edificio y las caracter\u00edsticas del entorno.<\/p>\n\n\n\n<p>Antes de la ejecuci\u00f3n, nuestro equipo realiz\u00f3 una inspecci\u00f3n t\u00e9cnica para asegurar la viabilidad del montaje del elevador y establecer las condiciones \u00f3ptimas de seguridad. Una vez en marcha, cada fase del traslado fue gestionada con cuidado extremo: embalamos todos los muebles de forma profesional, desmontamos el mobiliario en origen y lo volvimos a montar en destino, asegurando su integridad en cada paso.<\/p>\n\n\n\n<p>La operaci\u00f3n fue milim\u00e9trica: el espacio era reducido, el margen de maniobra m\u00ednimo, y la precisi\u00f3n, imprescindible. Sin embargo, gracias a la experiencia de nuestros profesionales y al uso de equipos t\u00e9cnicos adecuados, completamos el traslado sin incidencias, cumpliendo con los tiempos establecidos y superando las expectativas del cliente.<\/p>\n\n\n\n<p>Este caso refleja nuestra capacidad para asumir retos log\u00edsticos exigentes, donde solo un equipo altamente cualificado puede garantizar un resultado impecable.<\/p>\n","protected":false},"excerpt":{"rendered":"<p>Llevamos a cabo una mudanza especialmente compleja desde Palol de Revardit hasta un s\u00e9ptimo piso en Banyoles, en una operaci\u00f3n que combin\u00f3 precisi\u00f3n t\u00e9cnica, planificaci\u00f3n log\u00edstica y la m\u00e1xima profesionalidad. &hellip;<\/p>\n","protected":false},"featured_media":6229,"template":"","meta":{"_acf_changed":false,"footnotes":""},"sector_cat":[210,213,220,221],"class_list":["post-6228","success-stories","type-success-stories","status-publish","has-post-thumbnail","hentry","sector_cat-servicio-elevador","sector_cat-mudanzas-dificiles","sector_cat-particulares","sector_cat-mudanzas-locales"],"acf":[],"yoast_head":"<!-- This site is optimized with the Yoast SEO plugin v27.4 - https:\/\/yoast.com\/product\/yoast-seo-wordpress\/ -->\n<title>Elevaci\u00f3n al l\u00edmite en Banyoles - METRECUBIC<\/title>\n<meta name=\"robots\" content=\"index, follow, max-snippet:-1, max-image-preview:large, max-video-preview:-1\" \/>\n<link rel=\"canonical\" href=\"https:\/\/metrecubic.com\/es\/caso-de-exito\/elevacion-al-limite-en-banyoles\/\" \/>\n<meta property=\"og:locale\" content=\"es_ES\" \/>\n<meta property=\"og:type\" content=\"article\" \/>\n<meta property=\"og:title\" content=\"Elevaci\u00f3n al l\u00edmite en Banyoles - METRECUBIC\" \/>\n<meta property=\"og:description\" content=\"Llevamos a cabo una mudanza especialmente compleja desde Palol de Revardit hasta un s\u00e9ptimo piso en Banyoles, en una operaci\u00f3n que combin\u00f3 precisi\u00f3n t\u00e9cnica, planificaci\u00f3n log\u00edstica y la m\u00e1xima profesionalidad. &hellip;\" \/>\n<meta property=\"og:url\" content=\"https:\/\/metrecubic.com\/es\/caso-de-exito\/elevacion-al-limite-en-banyoles\/\" \/>\n<meta property=\"og:site_name\" content=\"METRECUBIC\" \/>\n<meta property=\"article:modified_time\" content=\"2025-05-15T14:27:54+00:00\" \/>\n<meta property=\"og:image\" content=\"https:\/\/metrecubic.com\/wp-content\/uploads\/241431978-1567176006948410-7748716624699494692-n-1-e1744106304889.jpg\" \/>\n\t<meta property=\"og:image:width\" content=\"1080\" \/>\n\t<meta property=\"og:image:height\" content=\"918\" \/>\n\t<meta property=\"og:image:type\" content=\"image\/jpeg\" \/>\n<meta name=\"twitter:card\" content=\"summary_large_image\" \/>\n<meta name=\"twitter:label1\" content=\"Tiempo de lectura\" \/>\n\t<meta name=\"twitter:data1\" content=\"2 minutos\" \/>\n<script type=\"application\/ld+json\" class=\"yoast-schema-graph\">{\"@context\":\"https:\\\/\\\/schema.org\",\"@graph\":[{\"@type\":\"WebPage\",\"@id\":\"https:\\\/\\\/metrecubic.com\\\/es\\\/caso-de-exito\\\/elevacion-al-limite-en-banyoles\\\/\",\"url\":\"https:\\\/\\\/metrecubic.com\\\/es\\\/caso-de-exito\\\/elevacion-al-limite-en-banyoles\\\/\",\"name\":\"Elevaci\u00f3n al l\u00edmite en Banyoles - METRECUBIC\",\"isPartOf\":{\"@id\":\"https:\\\/\\\/metrecubic.com\\\/es\\\/#website\"},\"primaryImageOfPage\":{\"@id\":\"https:\\\/\\\/metrecubic.com\\\/es\\\/caso-de-exito\\\/elevacion-al-limite-en-banyoles\\\/#primaryimage\"},\"image\":{\"@id\":\"https:\\\/\\\/metrecubic.com\\\/es\\\/caso-de-exito\\\/elevacion-al-limite-en-banyoles\\\/#primaryimage\"},\"thumbnailUrl\":\"https:\\\/\\\/metrecubic.com\\\/wp-content\\\/uploads\\\/241431978-1567176006948410-7748716624699494692-n-1-e1744106304889.jpg\",\"datePublished\":\"2025-04-08T09:58:36+00:00\",\"dateModified\":\"2025-05-15T14:27:54+00:00\",\"breadcrumb\":{\"@id\":\"https:\\\/\\\/metrecubic.com\\\/es\\\/caso-de-exito\\\/elevacion-al-limite-en-banyoles\\\/#breadcrumb\"},\"inLanguage\":\"es\",\"potentialAction\":[{\"@type\":\"ReadAction\",\"target\":[\"https:\\\/\\\/metrecubic.com\\\/es\\\/caso-de-exito\\\/elevacion-al-limite-en-banyoles\\\/\"]}]},{\"@type\":\"ImageObject\",\"inLanguage\":\"es\",\"@id\":\"https:\\\/\\\/metrecubic.com\\\/es\\\/caso-de-exito\\\/elevacion-al-limite-en-banyoles\\\/#primaryimage\",\"url\":\"https:\\\/\\\/metrecubic.com\\\/wp-content\\\/uploads\\\/241431978-1567176006948410-7748716624699494692-n-1-e1744106304889.jpg\",\"contentUrl\":\"https:\\\/\\\/metrecubic.com\\\/wp-content\\\/uploads\\\/241431978-1567176006948410-7748716624699494692-n-1-e1744106304889.jpg\",\"width\":1080,\"height\":918},{\"@type\":\"BreadcrumbList\",\"@id\":\"https:\\\/\\\/metrecubic.com\\\/es\\\/caso-de-exito\\\/elevacion-al-limite-en-banyoles\\\/#breadcrumb\",\"itemListElement\":[{\"@type\":\"ListItem\",\"position\":1,\"name\":\"Portada\",\"item\":\"https:\\\/\\\/metrecubic.com\\\/es\\\/\"},{\"@type\":\"ListItem\",\"position\":2,\"name\":\"Casos de \u00e9xito\",\"item\":\"https:\\\/\\\/metrecubic.com\\\/es\\\/caso-de-exito\\\/\"},{\"@type\":\"ListItem\",\"position\":3,\"name\":\"Elevaci\u00f3n al l\u00edmite en Banyoles\"}]},{\"@type\":\"WebSite\",\"@id\":\"https:\\\/\\\/metrecubic.com\\\/es\\\/#website\",\"url\":\"https:\\\/\\\/metrecubic.com\\\/es\\\/\",\"name\":\"METRECUBIC\",\"description\":\"Mudanzas y trasteros Sabadell y Girona\",\"publisher\":{\"@id\":\"https:\\\/\\\/metrecubic.com\\\/es\\\/#organization\"},\"potentialAction\":[{\"@type\":\"SearchAction\",\"target\":{\"@type\":\"EntryPoint\",\"urlTemplate\":\"https:\\\/\\\/metrecubic.com\\\/es\\\/?s={search_term_string}\"},\"query-input\":{\"@type\":\"PropertyValueSpecification\",\"valueRequired\":true,\"valueName\":\"search_term_string\"}}],\"inLanguage\":\"es\"},{\"@type\":\"Organization\",\"@id\":\"https:\\\/\\\/metrecubic.com\\\/es\\\/#organization\",\"name\":\"METRECUBIC\",\"url\":\"https:\\\/\\\/metrecubic.com\\\/es\\\/\",\"logo\":{\"@type\":\"ImageObject\",\"inLanguage\":\"es\",\"@id\":\"https:\\\/\\\/metrecubic.com\\\/es\\\/#\\\/schema\\\/logo\\\/image\\\/\",\"url\":\"https:\\\/\\\/metrecubic.com\\\/wp-content\\\/uploads\\\/logo-metrecubic.png\",\"contentUrl\":\"https:\\\/\\\/metrecubic.com\\\/wp-content\\\/uploads\\\/logo-metrecubic.png\",\"width\":159,\"height\":159,\"caption\":\"METRECUBIC\"},\"image\":{\"@id\":\"https:\\\/\\\/metrecubic.com\\\/es\\\/#\\\/schema\\\/logo\\\/image\\\/\"}}]}<\/script>\n<!-- \/ Yoast SEO plugin. -->","yoast_head_json":{"title":"Elevaci\u00f3n al l\u00edmite en Banyoles - METRECUBIC","robots":{"index":"index","follow":"follow","max-snippet":"max-snippet:-1","max-image-preview":"max-image-preview:large","max-video-preview":"max-video-preview:-1"},"canonical":"https:\/\/metrecubic.com\/es\/caso-de-exito\/elevacion-al-limite-en-banyoles\/","og_locale":"es_ES","og_type":"article","og_title":"Elevaci\u00f3n al l\u00edmite en Banyoles - METRECUBIC","og_description":"Llevamos a cabo una mudanza especialmente compleja desde Palol de Revardit hasta un s\u00e9ptimo piso en Banyoles, en una operaci\u00f3n que combin\u00f3 precisi\u00f3n t\u00e9cnica, planificaci\u00f3n log\u00edstica y la m\u00e1xima profesionalidad. &hellip;","og_url":"https:\/\/metrecubic.com\/es\/caso-de-exito\/elevacion-al-limite-en-banyoles\/","og_site_name":"METRECUBIC","article_modified_time":"2025-05-15T14:27:54+00:00","og_image":[{"width":1080,"height":918,"url":"https:\/\/metrecubic.com\/wp-content\/uploads\/241431978-1567176006948410-7748716624699494692-n-1-e1744106304889.jpg","type":"image\/jpeg"}],"twitter_card":"summary_large_image","twitter_misc":{"Tiempo de lectura":"2 minutos"},"schema":{"@context":"https:\/\/schema.org","@graph":[{"@type":"WebPage","@id":"https:\/\/metrecubic.com\/es\/caso-de-exito\/elevacion-al-limite-en-banyoles\/","url":"https:\/\/metrecubic.com\/es\/caso-de-exito\/elevacion-al-limite-en-banyoles\/","name":"Elevaci\u00f3n al l\u00edmite en Banyoles - METRECUBIC","isPartOf":{"@id":"https:\/\/metrecubic.com\/es\/#website"},"primaryImageOfPage":{"@id":"https:\/\/metrecubic.com\/es\/caso-de-exito\/elevacion-al-limite-en-banyoles\/#primaryimage"},"image":{"@id":"https:\/\/metrecubic.com\/es\/caso-de-exito\/elevacion-al-limite-en-banyoles\/#primaryimage"},"thumbnailUrl":"https:\/\/metrecubic.com\/wp-content\/uploads\/241431978-1567176006948410-7748716624699494692-n-1-e1744106304889.jpg","datePublished":"2025-04-08T09:58:36+00:00","dateModified":"2025-05-15T14:27:54+00:00","breadcrumb":{"@id":"https:\/\/metrecubic.com\/es\/caso-de-exito\/elevacion-al-limite-en-banyoles\/#breadcrumb"},"inLanguage":"es","potentialAction":[{"@type":"ReadAction","target":["https:\/\/metrecubic.com\/es\/caso-de-exito\/elevacion-al-limite-en-banyoles\/"]}]},{"@type":"ImageObject","inLanguage":"es","@id":"https:\/\/metrecubic.com\/es\/caso-de-exito\/elevacion-al-limite-en-banyoles\/#primaryimage","url":"https:\/\/metrecubic.com\/wp-content\/uploads\/241431978-1567176006948410-7748716624699494692-n-1-e1744106304889.jpg","contentUrl":"https:\/\/metrecubic.com\/wp-content\/uploads\/241431978-1567176006948410-7748716624699494692-n-1-e1744106304889.jpg","width":1080,"height":918},{"@type":"BreadcrumbList","@id":"https:\/\/metrecubic.com\/es\/caso-de-exito\/elevacion-al-limite-en-banyoles\/#breadcrumb","itemListElement":[{"@type":"ListItem","position":1,"name":"Portada","item":"https:\/\/metrecubic.com\/es\/"},{"@type":"ListItem","position":2,"name":"Casos de \u00e9xito","item":"https:\/\/metrecubic.com\/es\/caso-de-exito\/"},{"@type":"ListItem","position":3,"name":"Elevaci\u00f3n al l\u00edmite en Banyoles"}]},{"@type":"WebSite","@id":"https:\/\/metrecubic.com\/es\/#website","url":"https:\/\/metrecubic.com\/es\/","name":"METRECUBIC","description":"Mudanzas y trasteros Sabadell y Girona","publisher":{"@id":"https:\/\/metrecubic.com\/es\/#organization"},"potentialAction":[{"@type":"SearchAction","target":{"@type":"EntryPoint","urlTemplate":"https:\/\/metrecubic.com\/es\/?s={search_term_string}"},"query-input":{"@type":"PropertyValueSpecification","valueRequired":true,"valueName":"search_term_string"}}],"inLanguage":"es"},{"@type":"Organization","@id":"https:\/\/metrecubic.com\/es\/#organization","name":"METRECUBIC","url":"https:\/\/metrecubic.com\/es\/","logo":{"@type":"ImageObject","inLanguage":"es","@id":"https:\/\/metrecubic.com\/es\/#\/schema\/logo\/image\/","url":"https:\/\/metrecubic.com\/wp-content\/uploads\/logo-metrecubic.png","contentUrl":"https:\/\/metrecubic.com\/wp-content\/uploads\/logo-metrecubic.png","width":159,"height":159,"caption":"METRECUBIC"},"image":{"@id":"https:\/\/metrecubic.com\/es\/#\/schema\/logo\/image\/"}}]}},"_links":{"self":[{"href":"https:\/\/metrecubic.com\/es\/wp-json\/wp\/v2\/success-stories\/6228","targetHints":{"allow":["GET"]}}],"collection":[{"href":"https:\/\/metrecubic.com\/es\/wp-json\/wp\/v2\/success-stories"}],"about":[{"href":"https:\/\/metrecubic.com\/es\/wp-json\/wp\/v2\/types\/success-stories"}],"version-history":[{"count":4,"href":"https:\/\/metrecubic.com\/es\/wp-json\/wp\/v2\/success-stories\/6228\/revisions"}],"predecessor-version":[{"id":7467,"href":"https:\/\/metrecubic.com\/es\/wp-json\/wp\/v2\/success-stories\/6228\/revisions\/7467"}],"wp:featuredmedia":[{"embeddable":true,"href":"https:\/\/metrecubic.com\/es\/wp-json\/wp\/v2\/media\/6229"}],"wp:attachment":[{"href":"https:\/\/metrecubic.com\/es\/wp-json\/wp\/v2\/media?parent=6228"}],"wp:term":[{"taxonomy":"sector_cat","embeddable":true,"href":"https:\/\/metrecubic.com\/es\/wp-json\/wp\/v2\/sector_cat?post=6228"}],"curies":[{"name":"wp","href":"https:\/\/api.w.org\/{rel}","templated":true}]}}