{"id":6148,"date":"2025-04-08T09:47:22","date_gmt":"2025-04-08T09:47:22","guid":{"rendered":"https:\/\/metrecubic.com\/?post_type=success-stories&#038;p=6148"},"modified":"2025-05-09T10:57:23","modified_gmt":"2025-05-09T10:57:23","slug":"transporte-internacional-de-plantas","status":"publish","type":"success-stories","link":"https:\/\/metrecubic.com\/es\/caso-de-exito\/transporte-internacional-de-plantas\/","title":{"rendered":"Transporte internacional de plantas"},"content":{"rendered":"\n<p>Asumimos con \u00e9xito el complejo traslado de 400 palmeras desde Scalo Fluviale, en Venecia (Italia), hasta el emblem\u00e1tico Pabell\u00f3n Mies van der Rohe de la Fira de Barcelona. Este encargo, con una fuerte componente log\u00edstica y t\u00e9cnica, exig\u00eda m\u00e1xima coordinaci\u00f3n internacional, as\u00ed como medidas espec\u00edficas para garantizar la protecci\u00f3n de ejemplares vivos y de gran volumen.<\/p>\n\n\n\n<p>Para ello, utilizamos carros especiales dise\u00f1ados para el transporte seguro de plantas de gran tama\u00f1o, asegurando una correcta ventilaci\u00f3n, estabilidad y protecci\u00f3n de cada unidad durante todo el trayecto. Desde la carga en origen hasta la entrega final en el recinto ferial de Barcelona, cada fase del proceso fue supervisada por nuestro equipo especializado, con el objetivo de conservar la integridad de todas las palmeras y cumplir estrictamente con los plazos del montaje del evento.<\/p>\n\n\n\n<p>El \u00e9xito de esta operaci\u00f3n radic\u00f3 en la combinaci\u00f3n de planificaci\u00f3n log\u00edstica internacional, medios t\u00e9cnicos adecuados y experiencia en el manejo de elementos naturales delicados, especialmente en proyectos vinculados al sector cultural, art\u00edstico o expositivo.<\/p>\n\n\n\n<p>Este caso demuestra nuestra capacidad para ejecutar transportes singulares con est\u00e1ndares elevados de precisi\u00f3n, cuidado y cumplimiento normativo, reforzando nuestra reputaci\u00f3n como partner log\u00edstico fiable para eventos de gran formato.<\/p>\n","protected":false},"excerpt":{"rendered":"<p>Asumimos con \u00e9xito el complejo traslado de 400 palmeras desde Scalo Fluviale, en Venecia (Italia), hasta el emblem\u00e1tico Pabell\u00f3n Mies van der Rohe de la Fira de Barcelona. Este encargo, &hellip;<\/p>\n","protected":false},"featured_media":6149,"template":"","meta":{"_acf_changed":false,"footnotes":""},"sector_cat":[206,211,214],"class_list":["post-6148","success-stories","type-success-stories","status-publish","has-post-thumbnail","hentry","sector_cat-empresas","sector_cat-mudanzas-internacionales","sector_cat-mudanzas-de-objetos-delicados-o-fragiles"],"acf":[],"yoast_head":"<!-- This site is optimized with the Yoast SEO plugin v27.4 - https:\/\/yoast.com\/product\/yoast-seo-wordpress\/ -->\n<title>Transporte internacional de plantas - METRECUBIC<\/title>\n<meta name=\"robots\" content=\"index, follow, max-snippet:-1, max-image-preview:large, max-video-preview:-1\" \/>\n<link rel=\"canonical\" href=\"https:\/\/metrecubic.com\/es\/caso-de-exito\/transporte-internacional-de-plantas\/\" \/>\n<meta property=\"og:locale\" content=\"es_ES\" \/>\n<meta property=\"og:type\" content=\"article\" \/>\n<meta property=\"og:title\" content=\"Transporte internacional de plantas - METRECUBIC\" \/>\n<meta property=\"og:description\" content=\"Asumimos con \u00e9xito el complejo traslado de 400 palmeras desde Scalo Fluviale, en Venecia (Italia), hasta el emblem\u00e1tico Pabell\u00f3n Mies van der Rohe de la Fira de Barcelona. Este encargo, &hellip;\" \/>\n<meta property=\"og:url\" content=\"https:\/\/metrecubic.com\/es\/caso-de-exito\/transporte-internacional-de-plantas\/\" \/>\n<meta property=\"og:site_name\" content=\"METRECUBIC\" \/>\n<meta property=\"article:modified_time\" content=\"2025-05-09T10:57:23+00:00\" \/>\n<meta property=\"og:image\" content=\"https:\/\/metrecubic.com\/wp-content\/uploads\/copia-de-img-20231126-wa0020.jpg\" \/>\n\t<meta property=\"og:image:width\" content=\"1200\" \/>\n\t<meta property=\"og:image:height\" content=\"1600\" \/>\n\t<meta property=\"og:image:type\" content=\"image\/jpeg\" \/>\n<meta name=\"twitter:card\" content=\"summary_large_image\" \/>\n<meta name=\"twitter:label1\" content=\"Tiempo de lectura\" \/>\n\t<meta name=\"twitter:data1\" content=\"2 minutos\" \/>\n<script type=\"application\/ld+json\" class=\"yoast-schema-graph\">{\"@context\":\"https:\\\/\\\/schema.org\",\"@graph\":[{\"@type\":\"WebPage\",\"@id\":\"https:\\\/\\\/metrecubic.com\\\/es\\\/caso-de-exito\\\/transporte-internacional-de-plantas\\\/\",\"url\":\"https:\\\/\\\/metrecubic.com\\\/es\\\/caso-de-exito\\\/transporte-internacional-de-plantas\\\/\",\"name\":\"Transporte internacional de plantas - METRECUBIC\",\"isPartOf\":{\"@id\":\"https:\\\/\\\/metrecubic.com\\\/es\\\/#website\"},\"primaryImageOfPage\":{\"@id\":\"https:\\\/\\\/metrecubic.com\\\/es\\\/caso-de-exito\\\/transporte-internacional-de-plantas\\\/#primaryimage\"},\"image\":{\"@id\":\"https:\\\/\\\/metrecubic.com\\\/es\\\/caso-de-exito\\\/transporte-internacional-de-plantas\\\/#primaryimage\"},\"thumbnailUrl\":\"https:\\\/\\\/metrecubic.com\\\/wp-content\\\/uploads\\\/copia-de-img-20231126-wa0020.jpg\",\"datePublished\":\"2025-04-08T09:47:22+00:00\",\"dateModified\":\"2025-05-09T10:57:23+00:00\",\"breadcrumb\":{\"@id\":\"https:\\\/\\\/metrecubic.com\\\/es\\\/caso-de-exito\\\/transporte-internacional-de-plantas\\\/#breadcrumb\"},\"inLanguage\":\"es\",\"potentialAction\":[{\"@type\":\"ReadAction\",\"target\":[\"https:\\\/\\\/metrecubic.com\\\/es\\\/caso-de-exito\\\/transporte-internacional-de-plantas\\\/\"]}]},{\"@type\":\"ImageObject\",\"inLanguage\":\"es\",\"@id\":\"https:\\\/\\\/metrecubic.com\\\/es\\\/caso-de-exito\\\/transporte-internacional-de-plantas\\\/#primaryimage\",\"url\":\"https:\\\/\\\/metrecubic.com\\\/wp-content\\\/uploads\\\/copia-de-img-20231126-wa0020.jpg\",\"contentUrl\":\"https:\\\/\\\/metrecubic.com\\\/wp-content\\\/uploads\\\/copia-de-img-20231126-wa0020.jpg\",\"width\":1200,\"height\":1600},{\"@type\":\"BreadcrumbList\",\"@id\":\"https:\\\/\\\/metrecubic.com\\\/es\\\/caso-de-exito\\\/transporte-internacional-de-plantas\\\/#breadcrumb\",\"itemListElement\":[{\"@type\":\"ListItem\",\"position\":1,\"name\":\"Portada\",\"item\":\"https:\\\/\\\/metrecubic.com\\\/es\\\/\"},{\"@type\":\"ListItem\",\"position\":2,\"name\":\"Casos de \u00e9xito\",\"item\":\"https:\\\/\\\/metrecubic.com\\\/es\\\/caso-de-exito\\\/\"},{\"@type\":\"ListItem\",\"position\":3,\"name\":\"Transporte internacional de plantas\"}]},{\"@type\":\"WebSite\",\"@id\":\"https:\\\/\\\/metrecubic.com\\\/es\\\/#website\",\"url\":\"https:\\\/\\\/metrecubic.com\\\/es\\\/\",\"name\":\"METRECUBIC\",\"description\":\"Mudanzas y trasteros Sabadell y Girona\",\"publisher\":{\"@id\":\"https:\\\/\\\/metrecubic.com\\\/es\\\/#organization\"},\"potentialAction\":[{\"@type\":\"SearchAction\",\"target\":{\"@type\":\"EntryPoint\",\"urlTemplate\":\"https:\\\/\\\/metrecubic.com\\\/es\\\/?s={search_term_string}\"},\"query-input\":{\"@type\":\"PropertyValueSpecification\",\"valueRequired\":true,\"valueName\":\"search_term_string\"}}],\"inLanguage\":\"es\"},{\"@type\":\"Organization\",\"@id\":\"https:\\\/\\\/metrecubic.com\\\/es\\\/#organization\",\"name\":\"METRECUBIC\",\"url\":\"https:\\\/\\\/metrecubic.com\\\/es\\\/\",\"logo\":{\"@type\":\"ImageObject\",\"inLanguage\":\"es\",\"@id\":\"https:\\\/\\\/metrecubic.com\\\/es\\\/#\\\/schema\\\/logo\\\/image\\\/\",\"url\":\"https:\\\/\\\/metrecubic.com\\\/wp-content\\\/uploads\\\/logo-metrecubic.png\",\"contentUrl\":\"https:\\\/\\\/metrecubic.com\\\/wp-content\\\/uploads\\\/logo-metrecubic.png\",\"width\":159,\"height\":159,\"caption\":\"METRECUBIC\"},\"image\":{\"@id\":\"https:\\\/\\\/metrecubic.com\\\/es\\\/#\\\/schema\\\/logo\\\/image\\\/\"}}]}<\/script>\n<!-- \/ Yoast SEO plugin. -->","yoast_head_json":{"title":"Transporte internacional de plantas - METRECUBIC","robots":{"index":"index","follow":"follow","max-snippet":"max-snippet:-1","max-image-preview":"max-image-preview:large","max-video-preview":"max-video-preview:-1"},"canonical":"https:\/\/metrecubic.com\/es\/caso-de-exito\/transporte-internacional-de-plantas\/","og_locale":"es_ES","og_type":"article","og_title":"Transporte internacional de plantas - METRECUBIC","og_description":"Asumimos con \u00e9xito el complejo traslado de 400 palmeras desde Scalo Fluviale, en Venecia (Italia), hasta el emblem\u00e1tico Pabell\u00f3n Mies van der Rohe de la Fira de Barcelona. Este encargo, &hellip;","og_url":"https:\/\/metrecubic.com\/es\/caso-de-exito\/transporte-internacional-de-plantas\/","og_site_name":"METRECUBIC","article_modified_time":"2025-05-09T10:57:23+00:00","og_image":[{"width":1200,"height":1600,"url":"https:\/\/metrecubic.com\/wp-content\/uploads\/copia-de-img-20231126-wa0020.jpg","type":"image\/jpeg"}],"twitter_card":"summary_large_image","twitter_misc":{"Tiempo de lectura":"2 minutos"},"schema":{"@context":"https:\/\/schema.org","@graph":[{"@type":"WebPage","@id":"https:\/\/metrecubic.com\/es\/caso-de-exito\/transporte-internacional-de-plantas\/","url":"https:\/\/metrecubic.com\/es\/caso-de-exito\/transporte-internacional-de-plantas\/","name":"Transporte internacional de plantas - METRECUBIC","isPartOf":{"@id":"https:\/\/metrecubic.com\/es\/#website"},"primaryImageOfPage":{"@id":"https:\/\/metrecubic.com\/es\/caso-de-exito\/transporte-internacional-de-plantas\/#primaryimage"},"image":{"@id":"https:\/\/metrecubic.com\/es\/caso-de-exito\/transporte-internacional-de-plantas\/#primaryimage"},"thumbnailUrl":"https:\/\/metrecubic.com\/wp-content\/uploads\/copia-de-img-20231126-wa0020.jpg","datePublished":"2025-04-08T09:47:22+00:00","dateModified":"2025-05-09T10:57:23+00:00","breadcrumb":{"@id":"https:\/\/metrecubic.com\/es\/caso-de-exito\/transporte-internacional-de-plantas\/#breadcrumb"},"inLanguage":"es","potentialAction":[{"@type":"ReadAction","target":["https:\/\/metrecubic.com\/es\/caso-de-exito\/transporte-internacional-de-plantas\/"]}]},{"@type":"ImageObject","inLanguage":"es","@id":"https:\/\/metrecubic.com\/es\/caso-de-exito\/transporte-internacional-de-plantas\/#primaryimage","url":"https:\/\/metrecubic.com\/wp-content\/uploads\/copia-de-img-20231126-wa0020.jpg","contentUrl":"https:\/\/metrecubic.com\/wp-content\/uploads\/copia-de-img-20231126-wa0020.jpg","width":1200,"height":1600},{"@type":"BreadcrumbList","@id":"https:\/\/metrecubic.com\/es\/caso-de-exito\/transporte-internacional-de-plantas\/#breadcrumb","itemListElement":[{"@type":"ListItem","position":1,"name":"Portada","item":"https:\/\/metrecubic.com\/es\/"},{"@type":"ListItem","position":2,"name":"Casos de \u00e9xito","item":"https:\/\/metrecubic.com\/es\/caso-de-exito\/"},{"@type":"ListItem","position":3,"name":"Transporte internacional de plantas"}]},{"@type":"WebSite","@id":"https:\/\/metrecubic.com\/es\/#website","url":"https:\/\/metrecubic.com\/es\/","name":"METRECUBIC","description":"Mudanzas y trasteros Sabadell y Girona","publisher":{"@id":"https:\/\/metrecubic.com\/es\/#organization"},"potentialAction":[{"@type":"SearchAction","target":{"@type":"EntryPoint","urlTemplate":"https:\/\/metrecubic.com\/es\/?s={search_term_string}"},"query-input":{"@type":"PropertyValueSpecification","valueRequired":true,"valueName":"search_term_string"}}],"inLanguage":"es"},{"@type":"Organization","@id":"https:\/\/metrecubic.com\/es\/#organization","name":"METRECUBIC","url":"https:\/\/metrecubic.com\/es\/","logo":{"@type":"ImageObject","inLanguage":"es","@id":"https:\/\/metrecubic.com\/es\/#\/schema\/logo\/image\/","url":"https:\/\/metrecubic.com\/wp-content\/uploads\/logo-metrecubic.png","contentUrl":"https:\/\/metrecubic.com\/wp-content\/uploads\/logo-metrecubic.png","width":159,"height":159,"caption":"METRECUBIC"},"image":{"@id":"https:\/\/metrecubic.com\/es\/#\/schema\/logo\/image\/"}}]}},"_links":{"self":[{"href":"https:\/\/metrecubic.com\/es\/wp-json\/wp\/v2\/success-stories\/6148","targetHints":{"allow":["GET"]}}],"collection":[{"href":"https:\/\/metrecubic.com\/es\/wp-json\/wp\/v2\/success-stories"}],"about":[{"href":"https:\/\/metrecubic.com\/es\/wp-json\/wp\/v2\/types\/success-stories"}],"version-history":[{"count":5,"href":"https:\/\/metrecubic.com\/es\/wp-json\/wp\/v2\/success-stories\/6148\/revisions"}],"predecessor-version":[{"id":7518,"href":"https:\/\/metrecubic.com\/es\/wp-json\/wp\/v2\/success-stories\/6148\/revisions\/7518"}],"wp:featuredmedia":[{"embeddable":true,"href":"https:\/\/metrecubic.com\/es\/wp-json\/wp\/v2\/media\/6149"}],"wp:attachment":[{"href":"https:\/\/metrecubic.com\/es\/wp-json\/wp\/v2\/media?parent=6148"}],"wp:term":[{"taxonomy":"sector_cat","embeddable":true,"href":"https:\/\/metrecubic.com\/es\/wp-json\/wp\/v2\/sector_cat?post=6148"}],"curies":[{"name":"wp","href":"https:\/\/api.w.org\/{rel}","templated":true}]}}