{"id":6130,"date":"2025-04-08T09:44:23","date_gmt":"2025-04-08T09:44:23","guid":{"rendered":"https:\/\/metrecubic.com\/?post_type=success-stories&#038;p=6130"},"modified":"2025-05-09T10:47:53","modified_gmt":"2025-05-09T10:47:53","slug":"desmontaje-internacional-de-las-oficinas-imago","status":"publish","type":"success-stories","link":"https:\/\/metrecubic.com\/es\/caso-de-exito\/desmontaje-internacional-de-las-oficinas-imago\/","title":{"rendered":"Desmontaje internacional de las oficinas Imago"},"content":{"rendered":"\n<p>Seleccionados por la empresa Imago, especializada en servicios digitales, para llevar a cabo el desmontaje completo de sus oficinas en Perpi\u00f1\u00e1n (Francia). Este encargo internacional supuso un reto log\u00edstico que asumimos con total compromiso, garantizando un servicio r\u00e1pido, ordenado y seguro.<\/p>\n\n\n\n<p>Nuestro equipo, altamente cualificado, se desplaz\u00f3 hasta la sede de Imago para realizar el desmontaje minucioso de todo el mobiliario de oficina: estaciones de trabajo, sillas ergon\u00f3micas, armarios, estanter\u00edas y equipos auxiliares. Cada elemento fue manipulado con cuidado, embalado adecuadamente y preparado para su posterior transporte, asegurando su integridad en todo momento.<\/p>\n\n\n\n<p>El proyecto requer\u00eda una planificaci\u00f3n precisa, tanto por las caracter\u00edsticas del material como por las normativas log\u00edsticas y aduaneras asociadas al traslado internacional. Gracias a nuestra experiencia y capacidad de adaptaci\u00f3n, logramos ejecutar el trabajo sin incidencias y dentro del plazo establecido, facilitando la reubicaci\u00f3n de la empresa con total tranquilidad.<\/p>\n\n\n\n<p>Este caso nos refuerza como proveedor de confianza para mudanzas corporativas, incluso fuera del territorio nacional, aportando profesionalidad, eficiencia y un servicio a medida en cada etapa del proceso.<\/p>\n","protected":false},"excerpt":{"rendered":"<p>Seleccionados por la empresa Imago, especializada en servicios digitales, para llevar a cabo el desmontaje completo de sus oficinas en Perpi\u00f1\u00e1n (Francia). Este encargo internacional supuso un reto log\u00edstico que &hellip;<\/p>\n","protected":false},"featured_media":6131,"template":"","meta":{"_acf_changed":false,"footnotes":""},"sector_cat":[206,207,211],"class_list":["post-6130","success-stories","type-success-stories","status-publish","has-post-thumbnail","hentry","sector_cat-empresas","sector_cat-mudanzas-de-oficinas","sector_cat-mudanzas-internacionales"],"acf":[],"yoast_head":"<!-- This site is optimized with the Yoast SEO plugin v27.4 - https:\/\/yoast.com\/product\/yoast-seo-wordpress\/ -->\n<title>Desmontaje internacional de las oficinas Imago - METRECUBIC<\/title>\n<meta name=\"robots\" content=\"index, follow, max-snippet:-1, max-image-preview:large, max-video-preview:-1\" \/>\n<link rel=\"canonical\" href=\"https:\/\/metrecubic.com\/es\/caso-de-exito\/desmontaje-internacional-de-las-oficinas-imago\/\" \/>\n<meta property=\"og:locale\" content=\"es_ES\" \/>\n<meta property=\"og:type\" content=\"article\" \/>\n<meta property=\"og:title\" content=\"Desmontaje internacional de las oficinas Imago - METRECUBIC\" \/>\n<meta property=\"og:description\" content=\"Seleccionados por la empresa Imago, especializada en servicios digitales, para llevar a cabo el desmontaje completo de sus oficinas en Perpi\u00f1\u00e1n (Francia). Este encargo internacional supuso un reto log\u00edstico que &hellip;\" \/>\n<meta property=\"og:url\" content=\"https:\/\/metrecubic.com\/es\/caso-de-exito\/desmontaje-internacional-de-las-oficinas-imago\/\" \/>\n<meta property=\"og:site_name\" content=\"METRECUBIC\" \/>\n<meta property=\"article:modified_time\" content=\"2025-05-09T10:47:53+00:00\" \/>\n<meta property=\"og:image\" content=\"https:\/\/metrecubic.com\/wp-content\/uploads\/262548161-272582308165638-499515109688307407-n-1.jpg\" \/>\n\t<meta property=\"og:image:width\" content=\"1080\" \/>\n\t<meta property=\"og:image:height\" content=\"1080\" \/>\n\t<meta property=\"og:image:type\" content=\"image\/jpeg\" \/>\n<meta name=\"twitter:card\" content=\"summary_large_image\" \/>\n<meta name=\"twitter:label1\" content=\"Tiempo de lectura\" \/>\n\t<meta name=\"twitter:data1\" content=\"1 minuto\" \/>\n<script type=\"application\/ld+json\" class=\"yoast-schema-graph\">{\"@context\":\"https:\\\/\\\/schema.org\",\"@graph\":[{\"@type\":\"WebPage\",\"@id\":\"https:\\\/\\\/metrecubic.com\\\/es\\\/caso-de-exito\\\/desmontaje-internacional-de-las-oficinas-imago\\\/\",\"url\":\"https:\\\/\\\/metrecubic.com\\\/es\\\/caso-de-exito\\\/desmontaje-internacional-de-las-oficinas-imago\\\/\",\"name\":\"Desmontaje internacional de las oficinas Imago - METRECUBIC\",\"isPartOf\":{\"@id\":\"https:\\\/\\\/metrecubic.com\\\/es\\\/#website\"},\"primaryImageOfPage\":{\"@id\":\"https:\\\/\\\/metrecubic.com\\\/es\\\/caso-de-exito\\\/desmontaje-internacional-de-las-oficinas-imago\\\/#primaryimage\"},\"image\":{\"@id\":\"https:\\\/\\\/metrecubic.com\\\/es\\\/caso-de-exito\\\/desmontaje-internacional-de-las-oficinas-imago\\\/#primaryimage\"},\"thumbnailUrl\":\"https:\\\/\\\/metrecubic.com\\\/wp-content\\\/uploads\\\/262548161-272582308165638-499515109688307407-n-1.jpg\",\"datePublished\":\"2025-04-08T09:44:23+00:00\",\"dateModified\":\"2025-05-09T10:47:53+00:00\",\"breadcrumb\":{\"@id\":\"https:\\\/\\\/metrecubic.com\\\/es\\\/caso-de-exito\\\/desmontaje-internacional-de-las-oficinas-imago\\\/#breadcrumb\"},\"inLanguage\":\"es\",\"potentialAction\":[{\"@type\":\"ReadAction\",\"target\":[\"https:\\\/\\\/metrecubic.com\\\/es\\\/caso-de-exito\\\/desmontaje-internacional-de-las-oficinas-imago\\\/\"]}]},{\"@type\":\"ImageObject\",\"inLanguage\":\"es\",\"@id\":\"https:\\\/\\\/metrecubic.com\\\/es\\\/caso-de-exito\\\/desmontaje-internacional-de-las-oficinas-imago\\\/#primaryimage\",\"url\":\"https:\\\/\\\/metrecubic.com\\\/wp-content\\\/uploads\\\/262548161-272582308165638-499515109688307407-n-1.jpg\",\"contentUrl\":\"https:\\\/\\\/metrecubic.com\\\/wp-content\\\/uploads\\\/262548161-272582308165638-499515109688307407-n-1.jpg\",\"width\":1080,\"height\":1080},{\"@type\":\"BreadcrumbList\",\"@id\":\"https:\\\/\\\/metrecubic.com\\\/es\\\/caso-de-exito\\\/desmontaje-internacional-de-las-oficinas-imago\\\/#breadcrumb\",\"itemListElement\":[{\"@type\":\"ListItem\",\"position\":1,\"name\":\"Portada\",\"item\":\"https:\\\/\\\/metrecubic.com\\\/es\\\/\"},{\"@type\":\"ListItem\",\"position\":2,\"name\":\"Casos de \u00e9xito\",\"item\":\"https:\\\/\\\/metrecubic.com\\\/es\\\/caso-de-exito\\\/\"},{\"@type\":\"ListItem\",\"position\":3,\"name\":\"Desmontaje internacional de las oficinas Imago\"}]},{\"@type\":\"WebSite\",\"@id\":\"https:\\\/\\\/metrecubic.com\\\/es\\\/#website\",\"url\":\"https:\\\/\\\/metrecubic.com\\\/es\\\/\",\"name\":\"METRECUBIC\",\"description\":\"Mudanzas y trasteros Sabadell y Girona\",\"publisher\":{\"@id\":\"https:\\\/\\\/metrecubic.com\\\/es\\\/#organization\"},\"potentialAction\":[{\"@type\":\"SearchAction\",\"target\":{\"@type\":\"EntryPoint\",\"urlTemplate\":\"https:\\\/\\\/metrecubic.com\\\/es\\\/?s={search_term_string}\"},\"query-input\":{\"@type\":\"PropertyValueSpecification\",\"valueRequired\":true,\"valueName\":\"search_term_string\"}}],\"inLanguage\":\"es\"},{\"@type\":\"Organization\",\"@id\":\"https:\\\/\\\/metrecubic.com\\\/es\\\/#organization\",\"name\":\"METRECUBIC\",\"url\":\"https:\\\/\\\/metrecubic.com\\\/es\\\/\",\"logo\":{\"@type\":\"ImageObject\",\"inLanguage\":\"es\",\"@id\":\"https:\\\/\\\/metrecubic.com\\\/es\\\/#\\\/schema\\\/logo\\\/image\\\/\",\"url\":\"https:\\\/\\\/metrecubic.com\\\/wp-content\\\/uploads\\\/logo-metrecubic.png\",\"contentUrl\":\"https:\\\/\\\/metrecubic.com\\\/wp-content\\\/uploads\\\/logo-metrecubic.png\",\"width\":159,\"height\":159,\"caption\":\"METRECUBIC\"},\"image\":{\"@id\":\"https:\\\/\\\/metrecubic.com\\\/es\\\/#\\\/schema\\\/logo\\\/image\\\/\"}}]}<\/script>\n<!-- \/ Yoast SEO plugin. -->","yoast_head_json":{"title":"Desmontaje internacional de las oficinas Imago - METRECUBIC","robots":{"index":"index","follow":"follow","max-snippet":"max-snippet:-1","max-image-preview":"max-image-preview:large","max-video-preview":"max-video-preview:-1"},"canonical":"https:\/\/metrecubic.com\/es\/caso-de-exito\/desmontaje-internacional-de-las-oficinas-imago\/","og_locale":"es_ES","og_type":"article","og_title":"Desmontaje internacional de las oficinas Imago - METRECUBIC","og_description":"Seleccionados por la empresa Imago, especializada en servicios digitales, para llevar a cabo el desmontaje completo de sus oficinas en Perpi\u00f1\u00e1n (Francia). Este encargo internacional supuso un reto log\u00edstico que &hellip;","og_url":"https:\/\/metrecubic.com\/es\/caso-de-exito\/desmontaje-internacional-de-las-oficinas-imago\/","og_site_name":"METRECUBIC","article_modified_time":"2025-05-09T10:47:53+00:00","og_image":[{"width":1080,"height":1080,"url":"https:\/\/metrecubic.com\/wp-content\/uploads\/262548161-272582308165638-499515109688307407-n-1.jpg","type":"image\/jpeg"}],"twitter_card":"summary_large_image","twitter_misc":{"Tiempo de lectura":"1 minuto"},"schema":{"@context":"https:\/\/schema.org","@graph":[{"@type":"WebPage","@id":"https:\/\/metrecubic.com\/es\/caso-de-exito\/desmontaje-internacional-de-las-oficinas-imago\/","url":"https:\/\/metrecubic.com\/es\/caso-de-exito\/desmontaje-internacional-de-las-oficinas-imago\/","name":"Desmontaje internacional de las oficinas Imago - METRECUBIC","isPartOf":{"@id":"https:\/\/metrecubic.com\/es\/#website"},"primaryImageOfPage":{"@id":"https:\/\/metrecubic.com\/es\/caso-de-exito\/desmontaje-internacional-de-las-oficinas-imago\/#primaryimage"},"image":{"@id":"https:\/\/metrecubic.com\/es\/caso-de-exito\/desmontaje-internacional-de-las-oficinas-imago\/#primaryimage"},"thumbnailUrl":"https:\/\/metrecubic.com\/wp-content\/uploads\/262548161-272582308165638-499515109688307407-n-1.jpg","datePublished":"2025-04-08T09:44:23+00:00","dateModified":"2025-05-09T10:47:53+00:00","breadcrumb":{"@id":"https:\/\/metrecubic.com\/es\/caso-de-exito\/desmontaje-internacional-de-las-oficinas-imago\/#breadcrumb"},"inLanguage":"es","potentialAction":[{"@type":"ReadAction","target":["https:\/\/metrecubic.com\/es\/caso-de-exito\/desmontaje-internacional-de-las-oficinas-imago\/"]}]},{"@type":"ImageObject","inLanguage":"es","@id":"https:\/\/metrecubic.com\/es\/caso-de-exito\/desmontaje-internacional-de-las-oficinas-imago\/#primaryimage","url":"https:\/\/metrecubic.com\/wp-content\/uploads\/262548161-272582308165638-499515109688307407-n-1.jpg","contentUrl":"https:\/\/metrecubic.com\/wp-content\/uploads\/262548161-272582308165638-499515109688307407-n-1.jpg","width":1080,"height":1080},{"@type":"BreadcrumbList","@id":"https:\/\/metrecubic.com\/es\/caso-de-exito\/desmontaje-internacional-de-las-oficinas-imago\/#breadcrumb","itemListElement":[{"@type":"ListItem","position":1,"name":"Portada","item":"https:\/\/metrecubic.com\/es\/"},{"@type":"ListItem","position":2,"name":"Casos de \u00e9xito","item":"https:\/\/metrecubic.com\/es\/caso-de-exito\/"},{"@type":"ListItem","position":3,"name":"Desmontaje internacional de las oficinas Imago"}]},{"@type":"WebSite","@id":"https:\/\/metrecubic.com\/es\/#website","url":"https:\/\/metrecubic.com\/es\/","name":"METRECUBIC","description":"Mudanzas y trasteros Sabadell y Girona","publisher":{"@id":"https:\/\/metrecubic.com\/es\/#organization"},"potentialAction":[{"@type":"SearchAction","target":{"@type":"EntryPoint","urlTemplate":"https:\/\/metrecubic.com\/es\/?s={search_term_string}"},"query-input":{"@type":"PropertyValueSpecification","valueRequired":true,"valueName":"search_term_string"}}],"inLanguage":"es"},{"@type":"Organization","@id":"https:\/\/metrecubic.com\/es\/#organization","name":"METRECUBIC","url":"https:\/\/metrecubic.com\/es\/","logo":{"@type":"ImageObject","inLanguage":"es","@id":"https:\/\/metrecubic.com\/es\/#\/schema\/logo\/image\/","url":"https:\/\/metrecubic.com\/wp-content\/uploads\/logo-metrecubic.png","contentUrl":"https:\/\/metrecubic.com\/wp-content\/uploads\/logo-metrecubic.png","width":159,"height":159,"caption":"METRECUBIC"},"image":{"@id":"https:\/\/metrecubic.com\/es\/#\/schema\/logo\/image\/"}}]}},"_links":{"self":[{"href":"https:\/\/metrecubic.com\/es\/wp-json\/wp\/v2\/success-stories\/6130","targetHints":{"allow":["GET"]}}],"collection":[{"href":"https:\/\/metrecubic.com\/es\/wp-json\/wp\/v2\/success-stories"}],"about":[{"href":"https:\/\/metrecubic.com\/es\/wp-json\/wp\/v2\/types\/success-stories"}],"version-history":[{"count":5,"href":"https:\/\/metrecubic.com\/es\/wp-json\/wp\/v2\/success-stories\/6130\/revisions"}],"predecessor-version":[{"id":7513,"href":"https:\/\/metrecubic.com\/es\/wp-json\/wp\/v2\/success-stories\/6130\/revisions\/7513"}],"wp:featuredmedia":[{"embeddable":true,"href":"https:\/\/metrecubic.com\/es\/wp-json\/wp\/v2\/media\/6131"}],"wp:attachment":[{"href":"https:\/\/metrecubic.com\/es\/wp-json\/wp\/v2\/media?parent=6130"}],"wp:term":[{"taxonomy":"sector_cat","embeddable":true,"href":"https:\/\/metrecubic.com\/es\/wp-json\/wp\/v2\/sector_cat?post=6130"}],"curies":[{"name":"wp","href":"https:\/\/api.w.org\/{rel}","templated":true}]}}