{"id":6112,"date":"2025-04-08T09:42:36","date_gmt":"2025-04-08T09:42:36","guid":{"rendered":"https:\/\/metrecubic.com\/?post_type=success-stories&#038;p=6112"},"modified":"2025-05-08T08:26:31","modified_gmt":"2025-05-08T08:26:31","slug":"apoyando-a-las-empresas-de-reformas-en-agosto","status":"publish","type":"success-stories","link":"https:\/\/metrecubic.com\/es\/caso-de-exito\/apoyando-a-las-empresas-de-reformas-en-agosto\/","title":{"rendered":"Apoyo a empresas de reformas"},"content":{"rendered":"\n<p>Colaboramos con una empresa de reformas para facilitar el traslado de materiales pesados y voluminosos en uno de sus proyectos de obra, aportando una soluci\u00f3n pr\u00e1ctica y segura gracias a nuestra plataforma elevadora profesional.<\/p>\n\n\n\n<p>El reto consist\u00eda en subir a una planta superior distintos elementos de gran peso en un entorno con accesos limitados. Nuestra plataforma elevadora, con capacidad de hasta 250 kg y un alcance de hasta 8 pisos, permiti\u00f3 realizar esta tarea sin esfuerzo f\u00edsico para los operarios, reduciendo el riesgo de accidentes y da\u00f1os materiales.<\/p>\n\n\n\n<p>El uso de este sistema no solo mejor\u00f3 la seguridad del equipo en obra, sino que optimiz\u00f3 significativamente los tiempos de ejecuci\u00f3n del proyecto. La empresa pudo centrarse en su trabajo t\u00e9cnico sin preocuparse por la log\u00edstica del traslado vertical, lo que repercuti\u00f3 en una mayor eficiencia general.<\/p>\n\n\n\n<p>Este caso demuestra c\u00f3mo nos integramos como un partner estrat\u00e9gico en proyectos de construcci\u00f3n y reforma, ofreciendo soluciones log\u00edsticas inteligentes que aportan valor, seguridad y agilidad desde el primer d\u00eda.<\/p>\n","protected":false},"excerpt":{"rendered":"<p>Colaboramos con una empresa de reformas para facilitar el traslado de materiales pesados y voluminosos en uno de sus proyectos de obra, aportando una soluci\u00f3n pr\u00e1ctica y segura gracias a &hellip;<\/p>\n","protected":false},"featured_media":6113,"template":"","meta":{"_acf_changed":false,"footnotes":""},"sector_cat":[206,210],"class_list":["post-6112","success-stories","type-success-stories","status-publish","has-post-thumbnail","hentry","sector_cat-empresas","sector_cat-servicio-elevador"],"acf":[],"yoast_head":"<!-- This site is optimized with the Yoast SEO plugin v27.4 - https:\/\/yoast.com\/product\/yoast-seo-wordpress\/ -->\n<title>Apoyo a empresas de reformas - METRECUBIC<\/title>\n<meta name=\"robots\" content=\"index, follow, max-snippet:-1, max-image-preview:large, max-video-preview:-1\" \/>\n<link rel=\"canonical\" href=\"https:\/\/metrecubic.com\/es\/caso-de-exito\/apoyando-a-las-empresas-de-reformas-en-agosto\/\" \/>\n<meta property=\"og:locale\" content=\"es_ES\" \/>\n<meta property=\"og:type\" content=\"article\" \/>\n<meta property=\"og:title\" content=\"Apoyo a empresas de reformas - METRECUBIC\" \/>\n<meta property=\"og:description\" content=\"Colaboramos con una empresa de reformas para facilitar el traslado de materiales pesados y voluminosos en uno de sus proyectos de obra, aportando una soluci\u00f3n pr\u00e1ctica y segura gracias a &hellip;\" \/>\n<meta property=\"og:url\" content=\"https:\/\/metrecubic.com\/es\/caso-de-exito\/apoyando-a-las-empresas-de-reformas-en-agosto\/\" \/>\n<meta property=\"og:site_name\" content=\"METRECUBIC\" \/>\n<meta property=\"article:modified_time\" content=\"2025-05-08T08:26:31+00:00\" \/>\n<meta property=\"og:image\" content=\"https:\/\/metrecubic.com\/wp-content\/uploads\/whatsapp-image-2025-02-13-at-13-35-05.jpeg\" \/>\n\t<meta property=\"og:image:width\" content=\"1500\" \/>\n\t<meta property=\"og:image:height\" content=\"2000\" \/>\n\t<meta property=\"og:image:type\" content=\"image\/jpeg\" \/>\n<meta name=\"twitter:card\" content=\"summary_large_image\" \/>\n<meta name=\"twitter:label1\" content=\"Tiempo de lectura\" \/>\n\t<meta name=\"twitter:data1\" content=\"1 minuto\" \/>\n<script type=\"application\/ld+json\" class=\"yoast-schema-graph\">{\"@context\":\"https:\\\/\\\/schema.org\",\"@graph\":[{\"@type\":\"WebPage\",\"@id\":\"https:\\\/\\\/metrecubic.com\\\/es\\\/caso-de-exito\\\/apoyando-a-las-empresas-de-reformas-en-agosto\\\/\",\"url\":\"https:\\\/\\\/metrecubic.com\\\/es\\\/caso-de-exito\\\/apoyando-a-las-empresas-de-reformas-en-agosto\\\/\",\"name\":\"Apoyo a empresas de reformas - METRECUBIC\",\"isPartOf\":{\"@id\":\"https:\\\/\\\/metrecubic.com\\\/es\\\/#website\"},\"primaryImageOfPage\":{\"@id\":\"https:\\\/\\\/metrecubic.com\\\/es\\\/caso-de-exito\\\/apoyando-a-las-empresas-de-reformas-en-agosto\\\/#primaryimage\"},\"image\":{\"@id\":\"https:\\\/\\\/metrecubic.com\\\/es\\\/caso-de-exito\\\/apoyando-a-las-empresas-de-reformas-en-agosto\\\/#primaryimage\"},\"thumbnailUrl\":\"https:\\\/\\\/metrecubic.com\\\/wp-content\\\/uploads\\\/whatsapp-image-2025-02-13-at-13-35-05.jpeg\",\"datePublished\":\"2025-04-08T09:42:36+00:00\",\"dateModified\":\"2025-05-08T08:26:31+00:00\",\"breadcrumb\":{\"@id\":\"https:\\\/\\\/metrecubic.com\\\/es\\\/caso-de-exito\\\/apoyando-a-las-empresas-de-reformas-en-agosto\\\/#breadcrumb\"},\"inLanguage\":\"es\",\"potentialAction\":[{\"@type\":\"ReadAction\",\"target\":[\"https:\\\/\\\/metrecubic.com\\\/es\\\/caso-de-exito\\\/apoyando-a-las-empresas-de-reformas-en-agosto\\\/\"]}]},{\"@type\":\"ImageObject\",\"inLanguage\":\"es\",\"@id\":\"https:\\\/\\\/metrecubic.com\\\/es\\\/caso-de-exito\\\/apoyando-a-las-empresas-de-reformas-en-agosto\\\/#primaryimage\",\"url\":\"https:\\\/\\\/metrecubic.com\\\/wp-content\\\/uploads\\\/whatsapp-image-2025-02-13-at-13-35-05.jpeg\",\"contentUrl\":\"https:\\\/\\\/metrecubic.com\\\/wp-content\\\/uploads\\\/whatsapp-image-2025-02-13-at-13-35-05.jpeg\",\"width\":1500,\"height\":2000},{\"@type\":\"BreadcrumbList\",\"@id\":\"https:\\\/\\\/metrecubic.com\\\/es\\\/caso-de-exito\\\/apoyando-a-las-empresas-de-reformas-en-agosto\\\/#breadcrumb\",\"itemListElement\":[{\"@type\":\"ListItem\",\"position\":1,\"name\":\"Portada\",\"item\":\"https:\\\/\\\/metrecubic.com\\\/es\\\/\"},{\"@type\":\"ListItem\",\"position\":2,\"name\":\"Casos de \u00e9xito\",\"item\":\"https:\\\/\\\/metrecubic.com\\\/es\\\/caso-de-exito\\\/\"},{\"@type\":\"ListItem\",\"position\":3,\"name\":\"Apoyo a empresas de reformas\"}]},{\"@type\":\"WebSite\",\"@id\":\"https:\\\/\\\/metrecubic.com\\\/es\\\/#website\",\"url\":\"https:\\\/\\\/metrecubic.com\\\/es\\\/\",\"name\":\"METRECUBIC\",\"description\":\"Mudanzas y trasteros Sabadell y Girona\",\"publisher\":{\"@id\":\"https:\\\/\\\/metrecubic.com\\\/es\\\/#organization\"},\"potentialAction\":[{\"@type\":\"SearchAction\",\"target\":{\"@type\":\"EntryPoint\",\"urlTemplate\":\"https:\\\/\\\/metrecubic.com\\\/es\\\/?s={search_term_string}\"},\"query-input\":{\"@type\":\"PropertyValueSpecification\",\"valueRequired\":true,\"valueName\":\"search_term_string\"}}],\"inLanguage\":\"es\"},{\"@type\":\"Organization\",\"@id\":\"https:\\\/\\\/metrecubic.com\\\/es\\\/#organization\",\"name\":\"METRECUBIC\",\"url\":\"https:\\\/\\\/metrecubic.com\\\/es\\\/\",\"logo\":{\"@type\":\"ImageObject\",\"inLanguage\":\"es\",\"@id\":\"https:\\\/\\\/metrecubic.com\\\/es\\\/#\\\/schema\\\/logo\\\/image\\\/\",\"url\":\"https:\\\/\\\/metrecubic.com\\\/wp-content\\\/uploads\\\/logo-metrecubic.png\",\"contentUrl\":\"https:\\\/\\\/metrecubic.com\\\/wp-content\\\/uploads\\\/logo-metrecubic.png\",\"width\":159,\"height\":159,\"caption\":\"METRECUBIC\"},\"image\":{\"@id\":\"https:\\\/\\\/metrecubic.com\\\/es\\\/#\\\/schema\\\/logo\\\/image\\\/\"}}]}<\/script>\n<!-- \/ Yoast SEO plugin. -->","yoast_head_json":{"title":"Apoyo a empresas de reformas - METRECUBIC","robots":{"index":"index","follow":"follow","max-snippet":"max-snippet:-1","max-image-preview":"max-image-preview:large","max-video-preview":"max-video-preview:-1"},"canonical":"https:\/\/metrecubic.com\/es\/caso-de-exito\/apoyando-a-las-empresas-de-reformas-en-agosto\/","og_locale":"es_ES","og_type":"article","og_title":"Apoyo a empresas de reformas - METRECUBIC","og_description":"Colaboramos con una empresa de reformas para facilitar el traslado de materiales pesados y voluminosos en uno de sus proyectos de obra, aportando una soluci\u00f3n pr\u00e1ctica y segura gracias a &hellip;","og_url":"https:\/\/metrecubic.com\/es\/caso-de-exito\/apoyando-a-las-empresas-de-reformas-en-agosto\/","og_site_name":"METRECUBIC","article_modified_time":"2025-05-08T08:26:31+00:00","og_image":[{"width":1500,"height":2000,"url":"https:\/\/metrecubic.com\/wp-content\/uploads\/whatsapp-image-2025-02-13-at-13-35-05.jpeg","type":"image\/jpeg"}],"twitter_card":"summary_large_image","twitter_misc":{"Tiempo de lectura":"1 minuto"},"schema":{"@context":"https:\/\/schema.org","@graph":[{"@type":"WebPage","@id":"https:\/\/metrecubic.com\/es\/caso-de-exito\/apoyando-a-las-empresas-de-reformas-en-agosto\/","url":"https:\/\/metrecubic.com\/es\/caso-de-exito\/apoyando-a-las-empresas-de-reformas-en-agosto\/","name":"Apoyo a empresas de reformas - METRECUBIC","isPartOf":{"@id":"https:\/\/metrecubic.com\/es\/#website"},"primaryImageOfPage":{"@id":"https:\/\/metrecubic.com\/es\/caso-de-exito\/apoyando-a-las-empresas-de-reformas-en-agosto\/#primaryimage"},"image":{"@id":"https:\/\/metrecubic.com\/es\/caso-de-exito\/apoyando-a-las-empresas-de-reformas-en-agosto\/#primaryimage"},"thumbnailUrl":"https:\/\/metrecubic.com\/wp-content\/uploads\/whatsapp-image-2025-02-13-at-13-35-05.jpeg","datePublished":"2025-04-08T09:42:36+00:00","dateModified":"2025-05-08T08:26:31+00:00","breadcrumb":{"@id":"https:\/\/metrecubic.com\/es\/caso-de-exito\/apoyando-a-las-empresas-de-reformas-en-agosto\/#breadcrumb"},"inLanguage":"es","potentialAction":[{"@type":"ReadAction","target":["https:\/\/metrecubic.com\/es\/caso-de-exito\/apoyando-a-las-empresas-de-reformas-en-agosto\/"]}]},{"@type":"ImageObject","inLanguage":"es","@id":"https:\/\/metrecubic.com\/es\/caso-de-exito\/apoyando-a-las-empresas-de-reformas-en-agosto\/#primaryimage","url":"https:\/\/metrecubic.com\/wp-content\/uploads\/whatsapp-image-2025-02-13-at-13-35-05.jpeg","contentUrl":"https:\/\/metrecubic.com\/wp-content\/uploads\/whatsapp-image-2025-02-13-at-13-35-05.jpeg","width":1500,"height":2000},{"@type":"BreadcrumbList","@id":"https:\/\/metrecubic.com\/es\/caso-de-exito\/apoyando-a-las-empresas-de-reformas-en-agosto\/#breadcrumb","itemListElement":[{"@type":"ListItem","position":1,"name":"Portada","item":"https:\/\/metrecubic.com\/es\/"},{"@type":"ListItem","position":2,"name":"Casos de \u00e9xito","item":"https:\/\/metrecubic.com\/es\/caso-de-exito\/"},{"@type":"ListItem","position":3,"name":"Apoyo a empresas de reformas"}]},{"@type":"WebSite","@id":"https:\/\/metrecubic.com\/es\/#website","url":"https:\/\/metrecubic.com\/es\/","name":"METRECUBIC","description":"Mudanzas y trasteros Sabadell y Girona","publisher":{"@id":"https:\/\/metrecubic.com\/es\/#organization"},"potentialAction":[{"@type":"SearchAction","target":{"@type":"EntryPoint","urlTemplate":"https:\/\/metrecubic.com\/es\/?s={search_term_string}"},"query-input":{"@type":"PropertyValueSpecification","valueRequired":true,"valueName":"search_term_string"}}],"inLanguage":"es"},{"@type":"Organization","@id":"https:\/\/metrecubic.com\/es\/#organization","name":"METRECUBIC","url":"https:\/\/metrecubic.com\/es\/","logo":{"@type":"ImageObject","inLanguage":"es","@id":"https:\/\/metrecubic.com\/es\/#\/schema\/logo\/image\/","url":"https:\/\/metrecubic.com\/wp-content\/uploads\/logo-metrecubic.png","contentUrl":"https:\/\/metrecubic.com\/wp-content\/uploads\/logo-metrecubic.png","width":159,"height":159,"caption":"METRECUBIC"},"image":{"@id":"https:\/\/metrecubic.com\/es\/#\/schema\/logo\/image\/"}}]}},"_links":{"self":[{"href":"https:\/\/metrecubic.com\/es\/wp-json\/wp\/v2\/success-stories\/6112","targetHints":{"allow":["GET"]}}],"collection":[{"href":"https:\/\/metrecubic.com\/es\/wp-json\/wp\/v2\/success-stories"}],"about":[{"href":"https:\/\/metrecubic.com\/es\/wp-json\/wp\/v2\/types\/success-stories"}],"version-history":[{"count":3,"href":"https:\/\/metrecubic.com\/es\/wp-json\/wp\/v2\/success-stories\/6112\/revisions"}],"predecessor-version":[{"id":7320,"href":"https:\/\/metrecubic.com\/es\/wp-json\/wp\/v2\/success-stories\/6112\/revisions\/7320"}],"wp:featuredmedia":[{"embeddable":true,"href":"https:\/\/metrecubic.com\/es\/wp-json\/wp\/v2\/media\/6113"}],"wp:attachment":[{"href":"https:\/\/metrecubic.com\/es\/wp-json\/wp\/v2\/media?parent=6112"}],"wp:term":[{"taxonomy":"sector_cat","embeddable":true,"href":"https:\/\/metrecubic.com\/es\/wp-json\/wp\/v2\/sector_cat?post=6112"}],"curies":[{"name":"wp","href":"https:\/\/api.w.org\/{rel}","templated":true}]}}