{"id":5935,"date":"2025-04-08T08:57:35","date_gmt":"2025-04-08T08:57:35","guid":{"rendered":"https:\/\/metrecubic.com\/?post_type=success-stories&#038;p=5935"},"modified":"2025-05-07T14:02:17","modified_gmt":"2025-05-07T14:02:17","slug":"mudanza-de-maquinas-de-coser-para-qstura","status":"publish","type":"success-stories","link":"https:\/\/metrecubic.com\/es\/caso-de-exito\/mudanza-de-maquinas-de-coser-para-qstura\/","title":{"rendered":"Traslado de m\u00e1quinas de coser del centro Qstura"},"content":{"rendered":"\n<p>Encargados del traslado completo de las m\u00e1quinas de coser del centro Qstura, una escuela de costura y confecci\u00f3n creativa con sede en Girona. El objetivo era realizar el cambio de ubicaci\u00f3n a sus nuevas instalaciones en Salt con todas las garant\u00edas de seguridad, eficiencia y cuidado del equipamiento.<\/p>\n\n\n\n<p>La operaci\u00f3n implicaba el transporte de maquinaria delicada y de gran valor, fundamental para la actividad formativa y profesional del centro. Cada m\u00e1quina fue manipulada por nuestro equipo con el m\u00e1ximo cuidado, utilizando protecciones especiales y sistemas de sujeci\u00f3n adaptados para evitar cualquier tipo de da\u00f1o durante el trayecto.<\/p>\n\n\n\n<p>Adem\u00e1s del traslado, nos encargamos de la colocaci\u00f3n precisa de las m\u00e1quinas en su nueva ubicaci\u00f3n, dej\u00e1ndolas listas para su uso inmediato.<\/p>\n\n\n\n<p>Este caso demuestra nuestra especializaci\u00f3n en mudanzas t\u00e9cnicas, donde no solo se requiere fuerza log\u00edstica, sino tambi\u00e9n sensibilidad por el tipo de material y comprensi\u00f3n del entorno en el que se trabaja.<\/p>\n","protected":false},"excerpt":{"rendered":"<p>Encargados del traslado completo de las m\u00e1quinas de coser del centro Qstura, una escuela de costura y confecci\u00f3n creativa con sede en Girona. El objetivo era realizar el cambio de &hellip;<\/p>\n","protected":false},"featured_media":5936,"template":"","meta":{"_acf_changed":false,"footnotes":""},"sector_cat":[206,208],"class_list":["post-5935","success-stories","type-success-stories","status-publish","has-post-thumbnail","hentry","sector_cat-empresas","sector_cat-mudanzas-de-comercios"],"acf":[],"yoast_head":"<!-- This site is optimized with the Yoast SEO plugin v27.4 - https:\/\/yoast.com\/product\/yoast-seo-wordpress\/ -->\n<title>Traslado de m\u00e1quinas de coser del centro Qstura - METRECUBIC<\/title>\n<meta name=\"robots\" content=\"index, follow, max-snippet:-1, max-image-preview:large, max-video-preview:-1\" \/>\n<link rel=\"canonical\" href=\"https:\/\/metrecubic.com\/es\/caso-de-exito\/mudanza-de-maquinas-de-coser-para-qstura\/\" \/>\n<meta property=\"og:locale\" content=\"es_ES\" \/>\n<meta property=\"og:type\" content=\"article\" \/>\n<meta property=\"og:title\" content=\"Traslado de m\u00e1quinas de coser del centro Qstura - METRECUBIC\" \/>\n<meta property=\"og:description\" content=\"Encargados del traslado completo de las m\u00e1quinas de coser del centro Qstura, una escuela de costura y confecci\u00f3n creativa con sede en Girona. El objetivo era realizar el cambio de &hellip;\" \/>\n<meta property=\"og:url\" content=\"https:\/\/metrecubic.com\/es\/caso-de-exito\/mudanza-de-maquinas-de-coser-para-qstura\/\" \/>\n<meta property=\"og:site_name\" content=\"METRECUBIC\" \/>\n<meta property=\"article:modified_time\" content=\"2025-05-07T14:02:17+00:00\" \/>\n<meta property=\"og:image\" content=\"https:\/\/metrecubic.com\/wp-content\/uploads\/img-20240731-wa0028.jpg\" \/>\n\t<meta property=\"og:image:width\" content=\"1536\" \/>\n\t<meta property=\"og:image:height\" content=\"2048\" \/>\n\t<meta property=\"og:image:type\" content=\"image\/jpeg\" \/>\n<meta name=\"twitter:card\" content=\"summary_large_image\" \/>\n<meta name=\"twitter:label1\" content=\"Tiempo de lectura\" \/>\n\t<meta name=\"twitter:data1\" content=\"1 minuto\" \/>\n<script type=\"application\/ld+json\" class=\"yoast-schema-graph\">{\"@context\":\"https:\\\/\\\/schema.org\",\"@graph\":[{\"@type\":\"WebPage\",\"@id\":\"https:\\\/\\\/metrecubic.com\\\/es\\\/caso-de-exito\\\/mudanza-de-maquinas-de-coser-para-qstura\\\/\",\"url\":\"https:\\\/\\\/metrecubic.com\\\/es\\\/caso-de-exito\\\/mudanza-de-maquinas-de-coser-para-qstura\\\/\",\"name\":\"Traslado de m\u00e1quinas de coser del centro Qstura - METRECUBIC\",\"isPartOf\":{\"@id\":\"https:\\\/\\\/metrecubic.com\\\/es\\\/#website\"},\"primaryImageOfPage\":{\"@id\":\"https:\\\/\\\/metrecubic.com\\\/es\\\/caso-de-exito\\\/mudanza-de-maquinas-de-coser-para-qstura\\\/#primaryimage\"},\"image\":{\"@id\":\"https:\\\/\\\/metrecubic.com\\\/es\\\/caso-de-exito\\\/mudanza-de-maquinas-de-coser-para-qstura\\\/#primaryimage\"},\"thumbnailUrl\":\"https:\\\/\\\/metrecubic.com\\\/wp-content\\\/uploads\\\/img-20240731-wa0028.jpg\",\"datePublished\":\"2025-04-08T08:57:35+00:00\",\"dateModified\":\"2025-05-07T14:02:17+00:00\",\"breadcrumb\":{\"@id\":\"https:\\\/\\\/metrecubic.com\\\/es\\\/caso-de-exito\\\/mudanza-de-maquinas-de-coser-para-qstura\\\/#breadcrumb\"},\"inLanguage\":\"es\",\"potentialAction\":[{\"@type\":\"ReadAction\",\"target\":[\"https:\\\/\\\/metrecubic.com\\\/es\\\/caso-de-exito\\\/mudanza-de-maquinas-de-coser-para-qstura\\\/\"]}]},{\"@type\":\"ImageObject\",\"inLanguage\":\"es\",\"@id\":\"https:\\\/\\\/metrecubic.com\\\/es\\\/caso-de-exito\\\/mudanza-de-maquinas-de-coser-para-qstura\\\/#primaryimage\",\"url\":\"https:\\\/\\\/metrecubic.com\\\/wp-content\\\/uploads\\\/img-20240731-wa0028.jpg\",\"contentUrl\":\"https:\\\/\\\/metrecubic.com\\\/wp-content\\\/uploads\\\/img-20240731-wa0028.jpg\",\"width\":1536,\"height\":2048},{\"@type\":\"BreadcrumbList\",\"@id\":\"https:\\\/\\\/metrecubic.com\\\/es\\\/caso-de-exito\\\/mudanza-de-maquinas-de-coser-para-qstura\\\/#breadcrumb\",\"itemListElement\":[{\"@type\":\"ListItem\",\"position\":1,\"name\":\"Portada\",\"item\":\"https:\\\/\\\/metrecubic.com\\\/es\\\/\"},{\"@type\":\"ListItem\",\"position\":2,\"name\":\"Casos de \u00e9xito\",\"item\":\"https:\\\/\\\/metrecubic.com\\\/es\\\/caso-de-exito\\\/\"},{\"@type\":\"ListItem\",\"position\":3,\"name\":\"Traslado de m\u00e1quinas de coser del centro Qstura\"}]},{\"@type\":\"WebSite\",\"@id\":\"https:\\\/\\\/metrecubic.com\\\/es\\\/#website\",\"url\":\"https:\\\/\\\/metrecubic.com\\\/es\\\/\",\"name\":\"METRECUBIC\",\"description\":\"Mudanzas y trasteros Sabadell y Girona\",\"publisher\":{\"@id\":\"https:\\\/\\\/metrecubic.com\\\/es\\\/#organization\"},\"potentialAction\":[{\"@type\":\"SearchAction\",\"target\":{\"@type\":\"EntryPoint\",\"urlTemplate\":\"https:\\\/\\\/metrecubic.com\\\/es\\\/?s={search_term_string}\"},\"query-input\":{\"@type\":\"PropertyValueSpecification\",\"valueRequired\":true,\"valueName\":\"search_term_string\"}}],\"inLanguage\":\"es\"},{\"@type\":\"Organization\",\"@id\":\"https:\\\/\\\/metrecubic.com\\\/es\\\/#organization\",\"name\":\"METRECUBIC\",\"url\":\"https:\\\/\\\/metrecubic.com\\\/es\\\/\",\"logo\":{\"@type\":\"ImageObject\",\"inLanguage\":\"es\",\"@id\":\"https:\\\/\\\/metrecubic.com\\\/es\\\/#\\\/schema\\\/logo\\\/image\\\/\",\"url\":\"https:\\\/\\\/metrecubic.com\\\/wp-content\\\/uploads\\\/logo-metrecubic.png\",\"contentUrl\":\"https:\\\/\\\/metrecubic.com\\\/wp-content\\\/uploads\\\/logo-metrecubic.png\",\"width\":159,\"height\":159,\"caption\":\"METRECUBIC\"},\"image\":{\"@id\":\"https:\\\/\\\/metrecubic.com\\\/es\\\/#\\\/schema\\\/logo\\\/image\\\/\"}}]}<\/script>\n<!-- \/ Yoast SEO plugin. -->","yoast_head_json":{"title":"Traslado de m\u00e1quinas de coser del centro Qstura - METRECUBIC","robots":{"index":"index","follow":"follow","max-snippet":"max-snippet:-1","max-image-preview":"max-image-preview:large","max-video-preview":"max-video-preview:-1"},"canonical":"https:\/\/metrecubic.com\/es\/caso-de-exito\/mudanza-de-maquinas-de-coser-para-qstura\/","og_locale":"es_ES","og_type":"article","og_title":"Traslado de m\u00e1quinas de coser del centro Qstura - METRECUBIC","og_description":"Encargados del traslado completo de las m\u00e1quinas de coser del centro Qstura, una escuela de costura y confecci\u00f3n creativa con sede en Girona. El objetivo era realizar el cambio de &hellip;","og_url":"https:\/\/metrecubic.com\/es\/caso-de-exito\/mudanza-de-maquinas-de-coser-para-qstura\/","og_site_name":"METRECUBIC","article_modified_time":"2025-05-07T14:02:17+00:00","og_image":[{"width":1536,"height":2048,"url":"https:\/\/metrecubic.com\/wp-content\/uploads\/img-20240731-wa0028.jpg","type":"image\/jpeg"}],"twitter_card":"summary_large_image","twitter_misc":{"Tiempo de lectura":"1 minuto"},"schema":{"@context":"https:\/\/schema.org","@graph":[{"@type":"WebPage","@id":"https:\/\/metrecubic.com\/es\/caso-de-exito\/mudanza-de-maquinas-de-coser-para-qstura\/","url":"https:\/\/metrecubic.com\/es\/caso-de-exito\/mudanza-de-maquinas-de-coser-para-qstura\/","name":"Traslado de m\u00e1quinas de coser del centro Qstura - METRECUBIC","isPartOf":{"@id":"https:\/\/metrecubic.com\/es\/#website"},"primaryImageOfPage":{"@id":"https:\/\/metrecubic.com\/es\/caso-de-exito\/mudanza-de-maquinas-de-coser-para-qstura\/#primaryimage"},"image":{"@id":"https:\/\/metrecubic.com\/es\/caso-de-exito\/mudanza-de-maquinas-de-coser-para-qstura\/#primaryimage"},"thumbnailUrl":"https:\/\/metrecubic.com\/wp-content\/uploads\/img-20240731-wa0028.jpg","datePublished":"2025-04-08T08:57:35+00:00","dateModified":"2025-05-07T14:02:17+00:00","breadcrumb":{"@id":"https:\/\/metrecubic.com\/es\/caso-de-exito\/mudanza-de-maquinas-de-coser-para-qstura\/#breadcrumb"},"inLanguage":"es","potentialAction":[{"@type":"ReadAction","target":["https:\/\/metrecubic.com\/es\/caso-de-exito\/mudanza-de-maquinas-de-coser-para-qstura\/"]}]},{"@type":"ImageObject","inLanguage":"es","@id":"https:\/\/metrecubic.com\/es\/caso-de-exito\/mudanza-de-maquinas-de-coser-para-qstura\/#primaryimage","url":"https:\/\/metrecubic.com\/wp-content\/uploads\/img-20240731-wa0028.jpg","contentUrl":"https:\/\/metrecubic.com\/wp-content\/uploads\/img-20240731-wa0028.jpg","width":1536,"height":2048},{"@type":"BreadcrumbList","@id":"https:\/\/metrecubic.com\/es\/caso-de-exito\/mudanza-de-maquinas-de-coser-para-qstura\/#breadcrumb","itemListElement":[{"@type":"ListItem","position":1,"name":"Portada","item":"https:\/\/metrecubic.com\/es\/"},{"@type":"ListItem","position":2,"name":"Casos de \u00e9xito","item":"https:\/\/metrecubic.com\/es\/caso-de-exito\/"},{"@type":"ListItem","position":3,"name":"Traslado de m\u00e1quinas de coser del centro Qstura"}]},{"@type":"WebSite","@id":"https:\/\/metrecubic.com\/es\/#website","url":"https:\/\/metrecubic.com\/es\/","name":"METRECUBIC","description":"Mudanzas y trasteros Sabadell y Girona","publisher":{"@id":"https:\/\/metrecubic.com\/es\/#organization"},"potentialAction":[{"@type":"SearchAction","target":{"@type":"EntryPoint","urlTemplate":"https:\/\/metrecubic.com\/es\/?s={search_term_string}"},"query-input":{"@type":"PropertyValueSpecification","valueRequired":true,"valueName":"search_term_string"}}],"inLanguage":"es"},{"@type":"Organization","@id":"https:\/\/metrecubic.com\/es\/#organization","name":"METRECUBIC","url":"https:\/\/metrecubic.com\/es\/","logo":{"@type":"ImageObject","inLanguage":"es","@id":"https:\/\/metrecubic.com\/es\/#\/schema\/logo\/image\/","url":"https:\/\/metrecubic.com\/wp-content\/uploads\/logo-metrecubic.png","contentUrl":"https:\/\/metrecubic.com\/wp-content\/uploads\/logo-metrecubic.png","width":159,"height":159,"caption":"METRECUBIC"},"image":{"@id":"https:\/\/metrecubic.com\/es\/#\/schema\/logo\/image\/"}}]}},"_links":{"self":[{"href":"https:\/\/metrecubic.com\/es\/wp-json\/wp\/v2\/success-stories\/5935","targetHints":{"allow":["GET"]}}],"collection":[{"href":"https:\/\/metrecubic.com\/es\/wp-json\/wp\/v2\/success-stories"}],"about":[{"href":"https:\/\/metrecubic.com\/es\/wp-json\/wp\/v2\/types\/success-stories"}],"version-history":[{"count":4,"href":"https:\/\/metrecubic.com\/es\/wp-json\/wp\/v2\/success-stories\/5935\/revisions"}],"predecessor-version":[{"id":7308,"href":"https:\/\/metrecubic.com\/es\/wp-json\/wp\/v2\/success-stories\/5935\/revisions\/7308"}],"wp:featuredmedia":[{"embeddable":true,"href":"https:\/\/metrecubic.com\/es\/wp-json\/wp\/v2\/media\/5936"}],"wp:attachment":[{"href":"https:\/\/metrecubic.com\/es\/wp-json\/wp\/v2\/media?parent=5935"}],"wp:term":[{"taxonomy":"sector_cat","embeddable":true,"href":"https:\/\/metrecubic.com\/es\/wp-json\/wp\/v2\/sector_cat?post=5935"}],"curies":[{"name":"wp","href":"https:\/\/api.w.org\/{rel}","templated":true}]}}