{"id":5852,"date":"2025-04-08T08:37:51","date_gmt":"2025-04-08T08:37:51","guid":{"rendered":"https:\/\/metrecubic.com\/?post_type=success-stories&#038;p=5852"},"modified":"2025-05-15T14:29:02","modified_gmt":"2025-05-15T14:29:02","slug":"entrega-de-mobiliario-para-hotel-en-el-barri-vell-de-girona","status":"publish","type":"success-stories","link":"https:\/\/metrecubic.com\/es\/caso-de-exito\/entrega-de-mobiliario-para-hotel-en-el-barri-vell-de-girona\/","title":{"rendered":"Entrega de mobiliario en hotel del Barri Vell de Girona"},"content":{"rendered":"\n<p>Demostramos, una vez m\u00e1s, nuestra capacidad para afrontar traslados complejos en entornos con accesibilidad limitada. En esta ocasi\u00f3n, fuimos responsables del transporte y distribuci\u00f3n de mobiliario nuevo para un hotel ubicado en pleno Barri Vell de Girona, una zona de calles estrechas y edificios hist\u00f3ricos donde el ascensor no estaba operativo.<\/p>\n\n\n\n<p>Ante esta situaci\u00f3n, activamos nuestro servicio de elevador exterior, una soluci\u00f3n ideal para garantizar la seguridad del material y del equipo humano en proyectos de dif\u00edcil acceso. Coordinamos la subida de todo el mobiliario desde la calle hasta las plantas superiores del edificio, evitando da\u00f1os estructurales y acelerando significativamente los tiempos de entrega.<\/p>\n\n\n\n<p>Una vez en el interior, nuestro equipo se encarg\u00f3 de distribuir cada pieza en la habitaci\u00f3n correspondiente, dej\u00e1ndola lista para su montaje seg\u00fan las especificaciones del cliente. Todo el proceso se desarroll\u00f3 sin contratiempos, cumpliendo con los plazos pactados y sin afectar la operativa del establecimiento.<\/p>\n\n\n\n<p>Este caso refleja nuestra versatilidad y profesionalidad en entornos urbanos exigentes, donde la log\u00edstica requiere tanto medios t\u00e9cnicos especializados como una planificaci\u00f3n impecable.<\/p>\n","protected":false},"excerpt":{"rendered":"<p>Demostramos, una vez m\u00e1s, nuestra capacidad para afrontar traslados complejos en entornos con accesibilidad limitada. En esta ocasi\u00f3n, fuimos responsables del transporte y distribuci\u00f3n de mobiliario nuevo para un hotel &hellip;<\/p>\n","protected":false},"featured_media":5853,"template":"","meta":{"_acf_changed":false,"footnotes":""},"sector_cat":[206,210,221],"class_list":["post-5852","success-stories","type-success-stories","status-publish","has-post-thumbnail","hentry","sector_cat-empresas","sector_cat-servicio-elevador","sector_cat-mudanzas-locales"],"acf":[],"yoast_head":"<!-- This site is optimized with the Yoast SEO plugin v27.4 - https:\/\/yoast.com\/product\/yoast-seo-wordpress\/ -->\n<title>Entrega de mobiliario en hotel del Barri Vell de Girona - METRECUBIC<\/title>\n<meta name=\"robots\" content=\"index, follow, max-snippet:-1, max-image-preview:large, max-video-preview:-1\" \/>\n<link rel=\"canonical\" href=\"https:\/\/metrecubic.com\/es\/caso-de-exito\/entrega-de-mobiliario-para-hotel-en-el-barri-vell-de-girona\/\" \/>\n<meta property=\"og:locale\" content=\"es_ES\" \/>\n<meta property=\"og:type\" content=\"article\" \/>\n<meta property=\"og:title\" content=\"Entrega de mobiliario en hotel del Barri Vell de Girona - METRECUBIC\" \/>\n<meta property=\"og:description\" content=\"Demostramos, una vez m\u00e1s, nuestra capacidad para afrontar traslados complejos en entornos con accesibilidad limitada. En esta ocasi\u00f3n, fuimos responsables del transporte y distribuci\u00f3n de mobiliario nuevo para un hotel &hellip;\" \/>\n<meta property=\"og:url\" content=\"https:\/\/metrecubic.com\/es\/caso-de-exito\/entrega-de-mobiliario-para-hotel-en-el-barri-vell-de-girona\/\" \/>\n<meta property=\"og:site_name\" content=\"METRECUBIC\" \/>\n<meta property=\"article:modified_time\" content=\"2025-05-15T14:29:02+00:00\" \/>\n<meta property=\"og:image\" content=\"https:\/\/metrecubic.com\/wp-content\/uploads\/344781604-1187381091880701-6115385957329101632-n-e1744101419307.jpg\" \/>\n\t<meta property=\"og:image:width\" content=\"824\" \/>\n\t<meta property=\"og:image:height\" content=\"1080\" \/>\n\t<meta property=\"og:image:type\" content=\"image\/jpeg\" \/>\n<meta name=\"twitter:card\" content=\"summary_large_image\" \/>\n<meta name=\"twitter:label1\" content=\"Tiempo de lectura\" \/>\n\t<meta name=\"twitter:data1\" content=\"1 minuto\" \/>\n<script type=\"application\/ld+json\" class=\"yoast-schema-graph\">{\"@context\":\"https:\\\/\\\/schema.org\",\"@graph\":[{\"@type\":\"WebPage\",\"@id\":\"https:\\\/\\\/metrecubic.com\\\/es\\\/caso-de-exito\\\/entrega-de-mobiliario-para-hotel-en-el-barri-vell-de-girona\\\/\",\"url\":\"https:\\\/\\\/metrecubic.com\\\/es\\\/caso-de-exito\\\/entrega-de-mobiliario-para-hotel-en-el-barri-vell-de-girona\\\/\",\"name\":\"Entrega de mobiliario en hotel del Barri Vell de Girona - METRECUBIC\",\"isPartOf\":{\"@id\":\"https:\\\/\\\/metrecubic.com\\\/es\\\/#website\"},\"primaryImageOfPage\":{\"@id\":\"https:\\\/\\\/metrecubic.com\\\/es\\\/caso-de-exito\\\/entrega-de-mobiliario-para-hotel-en-el-barri-vell-de-girona\\\/#primaryimage\"},\"image\":{\"@id\":\"https:\\\/\\\/metrecubic.com\\\/es\\\/caso-de-exito\\\/entrega-de-mobiliario-para-hotel-en-el-barri-vell-de-girona\\\/#primaryimage\"},\"thumbnailUrl\":\"https:\\\/\\\/metrecubic.com\\\/wp-content\\\/uploads\\\/344781604-1187381091880701-6115385957329101632-n-e1744101419307.jpg\",\"datePublished\":\"2025-04-08T08:37:51+00:00\",\"dateModified\":\"2025-05-15T14:29:02+00:00\",\"breadcrumb\":{\"@id\":\"https:\\\/\\\/metrecubic.com\\\/es\\\/caso-de-exito\\\/entrega-de-mobiliario-para-hotel-en-el-barri-vell-de-girona\\\/#breadcrumb\"},\"inLanguage\":\"es\",\"potentialAction\":[{\"@type\":\"ReadAction\",\"target\":[\"https:\\\/\\\/metrecubic.com\\\/es\\\/caso-de-exito\\\/entrega-de-mobiliario-para-hotel-en-el-barri-vell-de-girona\\\/\"]}]},{\"@type\":\"ImageObject\",\"inLanguage\":\"es\",\"@id\":\"https:\\\/\\\/metrecubic.com\\\/es\\\/caso-de-exito\\\/entrega-de-mobiliario-para-hotel-en-el-barri-vell-de-girona\\\/#primaryimage\",\"url\":\"https:\\\/\\\/metrecubic.com\\\/wp-content\\\/uploads\\\/344781604-1187381091880701-6115385957329101632-n-e1744101419307.jpg\",\"contentUrl\":\"https:\\\/\\\/metrecubic.com\\\/wp-content\\\/uploads\\\/344781604-1187381091880701-6115385957329101632-n-e1744101419307.jpg\",\"width\":824,\"height\":1080},{\"@type\":\"BreadcrumbList\",\"@id\":\"https:\\\/\\\/metrecubic.com\\\/es\\\/caso-de-exito\\\/entrega-de-mobiliario-para-hotel-en-el-barri-vell-de-girona\\\/#breadcrumb\",\"itemListElement\":[{\"@type\":\"ListItem\",\"position\":1,\"name\":\"Portada\",\"item\":\"https:\\\/\\\/metrecubic.com\\\/es\\\/\"},{\"@type\":\"ListItem\",\"position\":2,\"name\":\"Casos de \u00e9xito\",\"item\":\"https:\\\/\\\/metrecubic.com\\\/es\\\/caso-de-exito\\\/\"},{\"@type\":\"ListItem\",\"position\":3,\"name\":\"Entrega de mobiliario en hotel del Barri Vell de Girona\"}]},{\"@type\":\"WebSite\",\"@id\":\"https:\\\/\\\/metrecubic.com\\\/es\\\/#website\",\"url\":\"https:\\\/\\\/metrecubic.com\\\/es\\\/\",\"name\":\"METRECUBIC\",\"description\":\"Mudanzas y trasteros Sabadell y Girona\",\"publisher\":{\"@id\":\"https:\\\/\\\/metrecubic.com\\\/es\\\/#organization\"},\"potentialAction\":[{\"@type\":\"SearchAction\",\"target\":{\"@type\":\"EntryPoint\",\"urlTemplate\":\"https:\\\/\\\/metrecubic.com\\\/es\\\/?s={search_term_string}\"},\"query-input\":{\"@type\":\"PropertyValueSpecification\",\"valueRequired\":true,\"valueName\":\"search_term_string\"}}],\"inLanguage\":\"es\"},{\"@type\":\"Organization\",\"@id\":\"https:\\\/\\\/metrecubic.com\\\/es\\\/#organization\",\"name\":\"METRECUBIC\",\"url\":\"https:\\\/\\\/metrecubic.com\\\/es\\\/\",\"logo\":{\"@type\":\"ImageObject\",\"inLanguage\":\"es\",\"@id\":\"https:\\\/\\\/metrecubic.com\\\/es\\\/#\\\/schema\\\/logo\\\/image\\\/\",\"url\":\"https:\\\/\\\/metrecubic.com\\\/wp-content\\\/uploads\\\/logo-metrecubic.png\",\"contentUrl\":\"https:\\\/\\\/metrecubic.com\\\/wp-content\\\/uploads\\\/logo-metrecubic.png\",\"width\":159,\"height\":159,\"caption\":\"METRECUBIC\"},\"image\":{\"@id\":\"https:\\\/\\\/metrecubic.com\\\/es\\\/#\\\/schema\\\/logo\\\/image\\\/\"}}]}<\/script>\n<!-- \/ Yoast SEO plugin. -->","yoast_head_json":{"title":"Entrega de mobiliario en hotel del Barri Vell de Girona - METRECUBIC","robots":{"index":"index","follow":"follow","max-snippet":"max-snippet:-1","max-image-preview":"max-image-preview:large","max-video-preview":"max-video-preview:-1"},"canonical":"https:\/\/metrecubic.com\/es\/caso-de-exito\/entrega-de-mobiliario-para-hotel-en-el-barri-vell-de-girona\/","og_locale":"es_ES","og_type":"article","og_title":"Entrega de mobiliario en hotel del Barri Vell de Girona - METRECUBIC","og_description":"Demostramos, una vez m\u00e1s, nuestra capacidad para afrontar traslados complejos en entornos con accesibilidad limitada. En esta ocasi\u00f3n, fuimos responsables del transporte y distribuci\u00f3n de mobiliario nuevo para un hotel &hellip;","og_url":"https:\/\/metrecubic.com\/es\/caso-de-exito\/entrega-de-mobiliario-para-hotel-en-el-barri-vell-de-girona\/","og_site_name":"METRECUBIC","article_modified_time":"2025-05-15T14:29:02+00:00","og_image":[{"width":824,"height":1080,"url":"https:\/\/metrecubic.com\/wp-content\/uploads\/344781604-1187381091880701-6115385957329101632-n-e1744101419307.jpg","type":"image\/jpeg"}],"twitter_card":"summary_large_image","twitter_misc":{"Tiempo de lectura":"1 minuto"},"schema":{"@context":"https:\/\/schema.org","@graph":[{"@type":"WebPage","@id":"https:\/\/metrecubic.com\/es\/caso-de-exito\/entrega-de-mobiliario-para-hotel-en-el-barri-vell-de-girona\/","url":"https:\/\/metrecubic.com\/es\/caso-de-exito\/entrega-de-mobiliario-para-hotel-en-el-barri-vell-de-girona\/","name":"Entrega de mobiliario en hotel del Barri Vell de Girona - METRECUBIC","isPartOf":{"@id":"https:\/\/metrecubic.com\/es\/#website"},"primaryImageOfPage":{"@id":"https:\/\/metrecubic.com\/es\/caso-de-exito\/entrega-de-mobiliario-para-hotel-en-el-barri-vell-de-girona\/#primaryimage"},"image":{"@id":"https:\/\/metrecubic.com\/es\/caso-de-exito\/entrega-de-mobiliario-para-hotel-en-el-barri-vell-de-girona\/#primaryimage"},"thumbnailUrl":"https:\/\/metrecubic.com\/wp-content\/uploads\/344781604-1187381091880701-6115385957329101632-n-e1744101419307.jpg","datePublished":"2025-04-08T08:37:51+00:00","dateModified":"2025-05-15T14:29:02+00:00","breadcrumb":{"@id":"https:\/\/metrecubic.com\/es\/caso-de-exito\/entrega-de-mobiliario-para-hotel-en-el-barri-vell-de-girona\/#breadcrumb"},"inLanguage":"es","potentialAction":[{"@type":"ReadAction","target":["https:\/\/metrecubic.com\/es\/caso-de-exito\/entrega-de-mobiliario-para-hotel-en-el-barri-vell-de-girona\/"]}]},{"@type":"ImageObject","inLanguage":"es","@id":"https:\/\/metrecubic.com\/es\/caso-de-exito\/entrega-de-mobiliario-para-hotel-en-el-barri-vell-de-girona\/#primaryimage","url":"https:\/\/metrecubic.com\/wp-content\/uploads\/344781604-1187381091880701-6115385957329101632-n-e1744101419307.jpg","contentUrl":"https:\/\/metrecubic.com\/wp-content\/uploads\/344781604-1187381091880701-6115385957329101632-n-e1744101419307.jpg","width":824,"height":1080},{"@type":"BreadcrumbList","@id":"https:\/\/metrecubic.com\/es\/caso-de-exito\/entrega-de-mobiliario-para-hotel-en-el-barri-vell-de-girona\/#breadcrumb","itemListElement":[{"@type":"ListItem","position":1,"name":"Portada","item":"https:\/\/metrecubic.com\/es\/"},{"@type":"ListItem","position":2,"name":"Casos de \u00e9xito","item":"https:\/\/metrecubic.com\/es\/caso-de-exito\/"},{"@type":"ListItem","position":3,"name":"Entrega de mobiliario en hotel del Barri Vell de Girona"}]},{"@type":"WebSite","@id":"https:\/\/metrecubic.com\/es\/#website","url":"https:\/\/metrecubic.com\/es\/","name":"METRECUBIC","description":"Mudanzas y trasteros Sabadell y Girona","publisher":{"@id":"https:\/\/metrecubic.com\/es\/#organization"},"potentialAction":[{"@type":"SearchAction","target":{"@type":"EntryPoint","urlTemplate":"https:\/\/metrecubic.com\/es\/?s={search_term_string}"},"query-input":{"@type":"PropertyValueSpecification","valueRequired":true,"valueName":"search_term_string"}}],"inLanguage":"es"},{"@type":"Organization","@id":"https:\/\/metrecubic.com\/es\/#organization","name":"METRECUBIC","url":"https:\/\/metrecubic.com\/es\/","logo":{"@type":"ImageObject","inLanguage":"es","@id":"https:\/\/metrecubic.com\/es\/#\/schema\/logo\/image\/","url":"https:\/\/metrecubic.com\/wp-content\/uploads\/logo-metrecubic.png","contentUrl":"https:\/\/metrecubic.com\/wp-content\/uploads\/logo-metrecubic.png","width":159,"height":159,"caption":"METRECUBIC"},"image":{"@id":"https:\/\/metrecubic.com\/es\/#\/schema\/logo\/image\/"}}]}},"_links":{"self":[{"href":"https:\/\/metrecubic.com\/es\/wp-json\/wp\/v2\/success-stories\/5852","targetHints":{"allow":["GET"]}}],"collection":[{"href":"https:\/\/metrecubic.com\/es\/wp-json\/wp\/v2\/success-stories"}],"about":[{"href":"https:\/\/metrecubic.com\/es\/wp-json\/wp\/v2\/types\/success-stories"}],"version-history":[{"count":5,"href":"https:\/\/metrecubic.com\/es\/wp-json\/wp\/v2\/success-stories\/5852\/revisions"}],"predecessor-version":[{"id":7514,"href":"https:\/\/metrecubic.com\/es\/wp-json\/wp\/v2\/success-stories\/5852\/revisions\/7514"}],"wp:featuredmedia":[{"embeddable":true,"href":"https:\/\/metrecubic.com\/es\/wp-json\/wp\/v2\/media\/5853"}],"wp:attachment":[{"href":"https:\/\/metrecubic.com\/es\/wp-json\/wp\/v2\/media?parent=5852"}],"wp:term":[{"taxonomy":"sector_cat","embeddable":true,"href":"https:\/\/metrecubic.com\/es\/wp-json\/wp\/v2\/sector_cat?post=5852"}],"curies":[{"name":"wp","href":"https:\/\/api.w.org\/{rel}","templated":true}]}}