{"id":5804,"date":"2025-04-08T08:25:31","date_gmt":"2025-04-08T08:25:31","guid":{"rendered":"https:\/\/metrecubic.com\/?post_type=success-stories&#038;p=5804"},"modified":"2025-05-15T14:29:18","modified_gmt":"2025-05-15T14:29:18","slug":"almacenaje-temporal-para-un-bazar-en-barcelona","status":"publish","type":"success-stories","link":"https:\/\/metrecubic.com\/es\/caso-de-exito\/almacenaje-temporal-para-un-bazar-en-barcelona\/","title":{"rendered":"Almacenaje temporal para un bazar en Barcelona"},"content":{"rendered":"\n<p>Asumimos con \u00e9xito la mudanza y el servicio de almacenaje de un bazar en Barcelona, cuyo local deb\u00eda ser reformado \u00edntegramente. Durante el tiempo que duraron las obras, nos encargamos de trasladar todo el contenido del comercio a uno de nuestros trasteros en Sabadell, garantizando su conservaci\u00f3n y disponibilidad para una futura reinstalaci\u00f3n.<\/p>\n\n\n\n<p>El proyecto incluy\u00f3 el desmontaje completo de estanter\u00edas y mobiliario comercial, as\u00ed como el embalaje minucioso de un gran volumen de productos de distintas tipolog\u00edas: art\u00edculos de hogar, papeler\u00eda, juguetes, utensilios de cocina, entre muchos otros. Cada caja fue debidamente clasificada, protegida y transportada de forma segura hasta nuestras instalaciones.<\/p>\n\n\n\n<p>Uno de los mayores desaf\u00edos fue organizar el traslado de forma ordenada y eficiente, para que el posterior retorno del material al local se pudiera realizar sin p\u00e9rdidas ni confusiones. Gracias al uso de embalajes adecuados, el cliente tuvo la tranquilidad de que todo su stock se manten\u00eda en perfectas condiciones.<\/p>\n\n\n\n<p>Este caso refleja nuestra capacidad para ofrecer soluciones integrales que combinan mudanza y almacenaje temporal, especialmente pensadas para negocios en proceso de reforma o traslado. No solo movemos objetos: cuidamos cada detalle para que nuestros clientes puedan centrarse en lo que realmente importa.<\/p>\n","protected":false},"excerpt":{"rendered":"<p>Asumimos con \u00e9xito la mudanza y el servicio de almacenaje de un bazar en Barcelona, cuyo local deb\u00eda ser reformado \u00edntegramente. Durante el tiempo que duraron las obras, nos encargamos &hellip;<\/p>\n","protected":false},"featured_media":5805,"template":"","meta":{"_acf_changed":false,"footnotes":""},"sector_cat":[221,206,208],"class_list":["post-5804","success-stories","type-success-stories","status-publish","has-post-thumbnail","hentry","sector_cat-mudanzas-locales","sector_cat-empresas","sector_cat-mudanzas-de-comercios"],"acf":[],"yoast_head":"<!-- This site is optimized with the Yoast SEO plugin v27.4 - https:\/\/yoast.com\/product\/yoast-seo-wordpress\/ -->\n<title>Almacenaje temporal para un bazar en Barcelona - METRECUBIC<\/title>\n<meta name=\"robots\" content=\"index, follow, max-snippet:-1, max-image-preview:large, max-video-preview:-1\" \/>\n<link rel=\"canonical\" href=\"https:\/\/metrecubic.com\/es\/caso-de-exito\/almacenaje-temporal-para-un-bazar-en-barcelona\/\" \/>\n<meta property=\"og:locale\" content=\"es_ES\" \/>\n<meta property=\"og:type\" content=\"article\" \/>\n<meta property=\"og:title\" content=\"Almacenaje temporal para un bazar en Barcelona - METRECUBIC\" \/>\n<meta property=\"og:description\" content=\"Asumimos con \u00e9xito la mudanza y el servicio de almacenaje de un bazar en Barcelona, cuyo local deb\u00eda ser reformado \u00edntegramente. Durante el tiempo que duraron las obras, nos encargamos &hellip;\" \/>\n<meta property=\"og:url\" content=\"https:\/\/metrecubic.com\/es\/caso-de-exito\/almacenaje-temporal-para-un-bazar-en-barcelona\/\" \/>\n<meta property=\"og:site_name\" content=\"METRECUBIC\" \/>\n<meta property=\"article:modified_time\" content=\"2025-05-15T14:29:18+00:00\" \/>\n<meta property=\"og:image\" content=\"https:\/\/metrecubic.com\/wp-content\/uploads\/copia-de-img-20220812-wa0005.jpg\" \/>\n\t<meta property=\"og:image:width\" content=\"1536\" \/>\n\t<meta property=\"og:image:height\" content=\"2048\" \/>\n\t<meta property=\"og:image:type\" content=\"image\/jpeg\" \/>\n<meta name=\"twitter:card\" content=\"summary_large_image\" \/>\n<meta name=\"twitter:label1\" content=\"Tiempo de lectura\" \/>\n\t<meta name=\"twitter:data1\" content=\"2 minutos\" \/>\n<script type=\"application\/ld+json\" class=\"yoast-schema-graph\">{\"@context\":\"https:\\\/\\\/schema.org\",\"@graph\":[{\"@type\":\"WebPage\",\"@id\":\"https:\\\/\\\/metrecubic.com\\\/es\\\/caso-de-exito\\\/almacenaje-temporal-para-un-bazar-en-barcelona\\\/\",\"url\":\"https:\\\/\\\/metrecubic.com\\\/es\\\/caso-de-exito\\\/almacenaje-temporal-para-un-bazar-en-barcelona\\\/\",\"name\":\"Almacenaje temporal para un bazar en Barcelona - METRECUBIC\",\"isPartOf\":{\"@id\":\"https:\\\/\\\/metrecubic.com\\\/es\\\/#website\"},\"primaryImageOfPage\":{\"@id\":\"https:\\\/\\\/metrecubic.com\\\/es\\\/caso-de-exito\\\/almacenaje-temporal-para-un-bazar-en-barcelona\\\/#primaryimage\"},\"image\":{\"@id\":\"https:\\\/\\\/metrecubic.com\\\/es\\\/caso-de-exito\\\/almacenaje-temporal-para-un-bazar-en-barcelona\\\/#primaryimage\"},\"thumbnailUrl\":\"https:\\\/\\\/metrecubic.com\\\/wp-content\\\/uploads\\\/copia-de-img-20220812-wa0005.jpg\",\"datePublished\":\"2025-04-08T08:25:31+00:00\",\"dateModified\":\"2025-05-15T14:29:18+00:00\",\"breadcrumb\":{\"@id\":\"https:\\\/\\\/metrecubic.com\\\/es\\\/caso-de-exito\\\/almacenaje-temporal-para-un-bazar-en-barcelona\\\/#breadcrumb\"},\"inLanguage\":\"es\",\"potentialAction\":[{\"@type\":\"ReadAction\",\"target\":[\"https:\\\/\\\/metrecubic.com\\\/es\\\/caso-de-exito\\\/almacenaje-temporal-para-un-bazar-en-barcelona\\\/\"]}]},{\"@type\":\"ImageObject\",\"inLanguage\":\"es\",\"@id\":\"https:\\\/\\\/metrecubic.com\\\/es\\\/caso-de-exito\\\/almacenaje-temporal-para-un-bazar-en-barcelona\\\/#primaryimage\",\"url\":\"https:\\\/\\\/metrecubic.com\\\/wp-content\\\/uploads\\\/copia-de-img-20220812-wa0005.jpg\",\"contentUrl\":\"https:\\\/\\\/metrecubic.com\\\/wp-content\\\/uploads\\\/copia-de-img-20220812-wa0005.jpg\",\"width\":1536,\"height\":2048},{\"@type\":\"BreadcrumbList\",\"@id\":\"https:\\\/\\\/metrecubic.com\\\/es\\\/caso-de-exito\\\/almacenaje-temporal-para-un-bazar-en-barcelona\\\/#breadcrumb\",\"itemListElement\":[{\"@type\":\"ListItem\",\"position\":1,\"name\":\"Portada\",\"item\":\"https:\\\/\\\/metrecubic.com\\\/es\\\/\"},{\"@type\":\"ListItem\",\"position\":2,\"name\":\"Casos de \u00e9xito\",\"item\":\"https:\\\/\\\/metrecubic.com\\\/es\\\/caso-de-exito\\\/\"},{\"@type\":\"ListItem\",\"position\":3,\"name\":\"Almacenaje temporal para un bazar en Barcelona\"}]},{\"@type\":\"WebSite\",\"@id\":\"https:\\\/\\\/metrecubic.com\\\/es\\\/#website\",\"url\":\"https:\\\/\\\/metrecubic.com\\\/es\\\/\",\"name\":\"METRECUBIC\",\"description\":\"Mudanzas y trasteros Sabadell y Girona\",\"publisher\":{\"@id\":\"https:\\\/\\\/metrecubic.com\\\/es\\\/#organization\"},\"potentialAction\":[{\"@type\":\"SearchAction\",\"target\":{\"@type\":\"EntryPoint\",\"urlTemplate\":\"https:\\\/\\\/metrecubic.com\\\/es\\\/?s={search_term_string}\"},\"query-input\":{\"@type\":\"PropertyValueSpecification\",\"valueRequired\":true,\"valueName\":\"search_term_string\"}}],\"inLanguage\":\"es\"},{\"@type\":\"Organization\",\"@id\":\"https:\\\/\\\/metrecubic.com\\\/es\\\/#organization\",\"name\":\"METRECUBIC\",\"url\":\"https:\\\/\\\/metrecubic.com\\\/es\\\/\",\"logo\":{\"@type\":\"ImageObject\",\"inLanguage\":\"es\",\"@id\":\"https:\\\/\\\/metrecubic.com\\\/es\\\/#\\\/schema\\\/logo\\\/image\\\/\",\"url\":\"https:\\\/\\\/metrecubic.com\\\/wp-content\\\/uploads\\\/logo-metrecubic.png\",\"contentUrl\":\"https:\\\/\\\/metrecubic.com\\\/wp-content\\\/uploads\\\/logo-metrecubic.png\",\"width\":159,\"height\":159,\"caption\":\"METRECUBIC\"},\"image\":{\"@id\":\"https:\\\/\\\/metrecubic.com\\\/es\\\/#\\\/schema\\\/logo\\\/image\\\/\"}}]}<\/script>\n<!-- \/ Yoast SEO plugin. -->","yoast_head_json":{"title":"Almacenaje temporal para un bazar en Barcelona - METRECUBIC","robots":{"index":"index","follow":"follow","max-snippet":"max-snippet:-1","max-image-preview":"max-image-preview:large","max-video-preview":"max-video-preview:-1"},"canonical":"https:\/\/metrecubic.com\/es\/caso-de-exito\/almacenaje-temporal-para-un-bazar-en-barcelona\/","og_locale":"es_ES","og_type":"article","og_title":"Almacenaje temporal para un bazar en Barcelona - METRECUBIC","og_description":"Asumimos con \u00e9xito la mudanza y el servicio de almacenaje de un bazar en Barcelona, cuyo local deb\u00eda ser reformado \u00edntegramente. Durante el tiempo que duraron las obras, nos encargamos &hellip;","og_url":"https:\/\/metrecubic.com\/es\/caso-de-exito\/almacenaje-temporal-para-un-bazar-en-barcelona\/","og_site_name":"METRECUBIC","article_modified_time":"2025-05-15T14:29:18+00:00","og_image":[{"width":1536,"height":2048,"url":"https:\/\/metrecubic.com\/wp-content\/uploads\/copia-de-img-20220812-wa0005.jpg","type":"image\/jpeg"}],"twitter_card":"summary_large_image","twitter_misc":{"Tiempo de lectura":"2 minutos"},"schema":{"@context":"https:\/\/schema.org","@graph":[{"@type":"WebPage","@id":"https:\/\/metrecubic.com\/es\/caso-de-exito\/almacenaje-temporal-para-un-bazar-en-barcelona\/","url":"https:\/\/metrecubic.com\/es\/caso-de-exito\/almacenaje-temporal-para-un-bazar-en-barcelona\/","name":"Almacenaje temporal para un bazar en Barcelona - METRECUBIC","isPartOf":{"@id":"https:\/\/metrecubic.com\/es\/#website"},"primaryImageOfPage":{"@id":"https:\/\/metrecubic.com\/es\/caso-de-exito\/almacenaje-temporal-para-un-bazar-en-barcelona\/#primaryimage"},"image":{"@id":"https:\/\/metrecubic.com\/es\/caso-de-exito\/almacenaje-temporal-para-un-bazar-en-barcelona\/#primaryimage"},"thumbnailUrl":"https:\/\/metrecubic.com\/wp-content\/uploads\/copia-de-img-20220812-wa0005.jpg","datePublished":"2025-04-08T08:25:31+00:00","dateModified":"2025-05-15T14:29:18+00:00","breadcrumb":{"@id":"https:\/\/metrecubic.com\/es\/caso-de-exito\/almacenaje-temporal-para-un-bazar-en-barcelona\/#breadcrumb"},"inLanguage":"es","potentialAction":[{"@type":"ReadAction","target":["https:\/\/metrecubic.com\/es\/caso-de-exito\/almacenaje-temporal-para-un-bazar-en-barcelona\/"]}]},{"@type":"ImageObject","inLanguage":"es","@id":"https:\/\/metrecubic.com\/es\/caso-de-exito\/almacenaje-temporal-para-un-bazar-en-barcelona\/#primaryimage","url":"https:\/\/metrecubic.com\/wp-content\/uploads\/copia-de-img-20220812-wa0005.jpg","contentUrl":"https:\/\/metrecubic.com\/wp-content\/uploads\/copia-de-img-20220812-wa0005.jpg","width":1536,"height":2048},{"@type":"BreadcrumbList","@id":"https:\/\/metrecubic.com\/es\/caso-de-exito\/almacenaje-temporal-para-un-bazar-en-barcelona\/#breadcrumb","itemListElement":[{"@type":"ListItem","position":1,"name":"Portada","item":"https:\/\/metrecubic.com\/es\/"},{"@type":"ListItem","position":2,"name":"Casos de \u00e9xito","item":"https:\/\/metrecubic.com\/es\/caso-de-exito\/"},{"@type":"ListItem","position":3,"name":"Almacenaje temporal para un bazar en Barcelona"}]},{"@type":"WebSite","@id":"https:\/\/metrecubic.com\/es\/#website","url":"https:\/\/metrecubic.com\/es\/","name":"METRECUBIC","description":"Mudanzas y trasteros Sabadell y Girona","publisher":{"@id":"https:\/\/metrecubic.com\/es\/#organization"},"potentialAction":[{"@type":"SearchAction","target":{"@type":"EntryPoint","urlTemplate":"https:\/\/metrecubic.com\/es\/?s={search_term_string}"},"query-input":{"@type":"PropertyValueSpecification","valueRequired":true,"valueName":"search_term_string"}}],"inLanguage":"es"},{"@type":"Organization","@id":"https:\/\/metrecubic.com\/es\/#organization","name":"METRECUBIC","url":"https:\/\/metrecubic.com\/es\/","logo":{"@type":"ImageObject","inLanguage":"es","@id":"https:\/\/metrecubic.com\/es\/#\/schema\/logo\/image\/","url":"https:\/\/metrecubic.com\/wp-content\/uploads\/logo-metrecubic.png","contentUrl":"https:\/\/metrecubic.com\/wp-content\/uploads\/logo-metrecubic.png","width":159,"height":159,"caption":"METRECUBIC"},"image":{"@id":"https:\/\/metrecubic.com\/es\/#\/schema\/logo\/image\/"}}]}},"_links":{"self":[{"href":"https:\/\/metrecubic.com\/es\/wp-json\/wp\/v2\/success-stories\/5804","targetHints":{"allow":["GET"]}}],"collection":[{"href":"https:\/\/metrecubic.com\/es\/wp-json\/wp\/v2\/success-stories"}],"about":[{"href":"https:\/\/metrecubic.com\/es\/wp-json\/wp\/v2\/types\/success-stories"}],"version-history":[{"count":3,"href":"https:\/\/metrecubic.com\/es\/wp-json\/wp\/v2\/success-stories\/5804\/revisions"}],"predecessor-version":[{"id":7291,"href":"https:\/\/metrecubic.com\/es\/wp-json\/wp\/v2\/success-stories\/5804\/revisions\/7291"}],"wp:featuredmedia":[{"embeddable":true,"href":"https:\/\/metrecubic.com\/es\/wp-json\/wp\/v2\/media\/5805"}],"wp:attachment":[{"href":"https:\/\/metrecubic.com\/es\/wp-json\/wp\/v2\/media?parent=5804"}],"wp:term":[{"taxonomy":"sector_cat","embeddable":true,"href":"https:\/\/metrecubic.com\/es\/wp-json\/wp\/v2\/sector_cat?post=5804"}],"curies":[{"name":"wp","href":"https:\/\/api.w.org\/{rel}","templated":true}]}}