{"id":5764,"date":"2025-04-08T08:18:59","date_gmt":"2025-04-08T08:18:59","guid":{"rendered":"https:\/\/metrecubic.com\/?post_type=success-stories&#038;p=5764"},"modified":"2025-05-15T14:29:30","modified_gmt":"2025-05-15T14:29:30","slug":"traslado-integral-de-oficinas-en-girona","status":"publish","type":"success-stories","link":"https:\/\/metrecubic.com\/es\/caso-de-exito\/traslado-integral-de-oficinas-en-girona\/","title":{"rendered":"Traslado integral de oficinas en Girona"},"content":{"rendered":"\n<p>Traslado completo de una oficina en Girona, concretamente desmontaje, embalaje y transporte de mobiliario y archivos de la oficina situada en Sant Gregori.<\/p>\n\n\n\n<p>Llevamos a cabo el traslado completo de una oficina ubicada en Sant Gregori, Girona, asumiendo todas las fases del proceso: desmontaje, embalaje y transporte tanto del mobiliario como del archivo documental.<\/p>\n\n\n\n<p>El proyecto requer\u00eda una ejecuci\u00f3n \u00e1gil y segura, sin margen de error, ya que el cliente necesitaba reanudar su actividad con la mayor rapidez posible. Nuestro equipo se encarg\u00f3 del desmontaje ordenado, asegurando que cada elemento fuera embalado con materiales espec\u00edficos para evitar da\u00f1os durante el transporte.<\/p>\n\n\n\n<p>Se cumplieron los tiempos previstos permitiendo al cliente retomar su actividad sin incidencias. Este caso demuestra nuestra experiencia en mudanzas de oficinas y nuestra capacidad para adaptarnos a las necesidades de empresas que requieren eficiencia, confidencialidad y precisi\u00f3n en cada paso.<\/p>\n","protected":false},"excerpt":{"rendered":"<p>Traslado completo de una oficina en Girona, concretamente desmontaje, embalaje y transporte de mobiliario y archivos de la oficina situada en Sant Gregori. Llevamos a cabo el traslado completo de &hellip;<\/p>\n","protected":false},"featured_media":5765,"template":"","meta":{"_acf_changed":false,"footnotes":""},"sector_cat":[206,207,221],"class_list":["post-5764","success-stories","type-success-stories","status-publish","has-post-thumbnail","hentry","sector_cat-empresas","sector_cat-mudanzas-de-oficinas","sector_cat-mudanzas-locales"],"acf":[],"yoast_head":"<!-- This site is optimized with the Yoast SEO plugin v27.4 - https:\/\/yoast.com\/product\/yoast-seo-wordpress\/ -->\n<title>Traslado integral de oficinas en Girona - METRECUBIC<\/title>\n<meta name=\"robots\" content=\"index, follow, max-snippet:-1, max-image-preview:large, max-video-preview:-1\" \/>\n<link rel=\"canonical\" href=\"https:\/\/metrecubic.com\/es\/caso-de-exito\/traslado-integral-de-oficinas-en-girona\/\" \/>\n<meta property=\"og:locale\" content=\"es_ES\" \/>\n<meta property=\"og:type\" content=\"article\" \/>\n<meta property=\"og:title\" content=\"Traslado integral de oficinas en Girona - METRECUBIC\" \/>\n<meta property=\"og:description\" content=\"Traslado completo de una oficina en Girona, concretamente desmontaje, embalaje y transporte de mobiliario y archivos de la oficina situada en Sant Gregori. Llevamos a cabo el traslado completo de &hellip;\" \/>\n<meta property=\"og:url\" content=\"https:\/\/metrecubic.com\/es\/caso-de-exito\/traslado-integral-de-oficinas-en-girona\/\" \/>\n<meta property=\"og:site_name\" content=\"METRECUBIC\" \/>\n<meta property=\"article:modified_time\" content=\"2025-05-15T14:29:30+00:00\" \/>\n<meta property=\"og:image\" content=\"https:\/\/metrecubic.com\/wp-content\/uploads\/276325646-155382100237611-2142441991607531738-n.jpg\" \/>\n\t<meta property=\"og:image:width\" content=\"1080\" \/>\n\t<meta property=\"og:image:height\" content=\"1080\" \/>\n\t<meta property=\"og:image:type\" content=\"image\/jpeg\" \/>\n<meta name=\"twitter:card\" content=\"summary_large_image\" \/>\n<meta name=\"twitter:label1\" content=\"Tiempo de lectura\" \/>\n\t<meta name=\"twitter:data1\" content=\"1 minuto\" \/>\n<script type=\"application\/ld+json\" class=\"yoast-schema-graph\">{\"@context\":\"https:\\\/\\\/schema.org\",\"@graph\":[{\"@type\":\"WebPage\",\"@id\":\"https:\\\/\\\/metrecubic.com\\\/es\\\/caso-de-exito\\\/traslado-integral-de-oficinas-en-girona\\\/\",\"url\":\"https:\\\/\\\/metrecubic.com\\\/es\\\/caso-de-exito\\\/traslado-integral-de-oficinas-en-girona\\\/\",\"name\":\"Traslado integral de oficinas en Girona - METRECUBIC\",\"isPartOf\":{\"@id\":\"https:\\\/\\\/metrecubic.com\\\/es\\\/#website\"},\"primaryImageOfPage\":{\"@id\":\"https:\\\/\\\/metrecubic.com\\\/es\\\/caso-de-exito\\\/traslado-integral-de-oficinas-en-girona\\\/#primaryimage\"},\"image\":{\"@id\":\"https:\\\/\\\/metrecubic.com\\\/es\\\/caso-de-exito\\\/traslado-integral-de-oficinas-en-girona\\\/#primaryimage\"},\"thumbnailUrl\":\"https:\\\/\\\/metrecubic.com\\\/wp-content\\\/uploads\\\/276325646-155382100237611-2142441991607531738-n.jpg\",\"datePublished\":\"2025-04-08T08:18:59+00:00\",\"dateModified\":\"2025-05-15T14:29:30+00:00\",\"breadcrumb\":{\"@id\":\"https:\\\/\\\/metrecubic.com\\\/es\\\/caso-de-exito\\\/traslado-integral-de-oficinas-en-girona\\\/#breadcrumb\"},\"inLanguage\":\"es\",\"potentialAction\":[{\"@type\":\"ReadAction\",\"target\":[\"https:\\\/\\\/metrecubic.com\\\/es\\\/caso-de-exito\\\/traslado-integral-de-oficinas-en-girona\\\/\"]}]},{\"@type\":\"ImageObject\",\"inLanguage\":\"es\",\"@id\":\"https:\\\/\\\/metrecubic.com\\\/es\\\/caso-de-exito\\\/traslado-integral-de-oficinas-en-girona\\\/#primaryimage\",\"url\":\"https:\\\/\\\/metrecubic.com\\\/wp-content\\\/uploads\\\/276325646-155382100237611-2142441991607531738-n.jpg\",\"contentUrl\":\"https:\\\/\\\/metrecubic.com\\\/wp-content\\\/uploads\\\/276325646-155382100237611-2142441991607531738-n.jpg\",\"width\":1080,\"height\":1080},{\"@type\":\"BreadcrumbList\",\"@id\":\"https:\\\/\\\/metrecubic.com\\\/es\\\/caso-de-exito\\\/traslado-integral-de-oficinas-en-girona\\\/#breadcrumb\",\"itemListElement\":[{\"@type\":\"ListItem\",\"position\":1,\"name\":\"Portada\",\"item\":\"https:\\\/\\\/metrecubic.com\\\/es\\\/\"},{\"@type\":\"ListItem\",\"position\":2,\"name\":\"Casos de \u00e9xito\",\"item\":\"https:\\\/\\\/metrecubic.com\\\/es\\\/caso-de-exito\\\/\"},{\"@type\":\"ListItem\",\"position\":3,\"name\":\"Traslado integral de oficinas en Girona\"}]},{\"@type\":\"WebSite\",\"@id\":\"https:\\\/\\\/metrecubic.com\\\/es\\\/#website\",\"url\":\"https:\\\/\\\/metrecubic.com\\\/es\\\/\",\"name\":\"METRECUBIC\",\"description\":\"Mudanzas y trasteros Sabadell y Girona\",\"publisher\":{\"@id\":\"https:\\\/\\\/metrecubic.com\\\/es\\\/#organization\"},\"potentialAction\":[{\"@type\":\"SearchAction\",\"target\":{\"@type\":\"EntryPoint\",\"urlTemplate\":\"https:\\\/\\\/metrecubic.com\\\/es\\\/?s={search_term_string}\"},\"query-input\":{\"@type\":\"PropertyValueSpecification\",\"valueRequired\":true,\"valueName\":\"search_term_string\"}}],\"inLanguage\":\"es\"},{\"@type\":\"Organization\",\"@id\":\"https:\\\/\\\/metrecubic.com\\\/es\\\/#organization\",\"name\":\"METRECUBIC\",\"url\":\"https:\\\/\\\/metrecubic.com\\\/es\\\/\",\"logo\":{\"@type\":\"ImageObject\",\"inLanguage\":\"es\",\"@id\":\"https:\\\/\\\/metrecubic.com\\\/es\\\/#\\\/schema\\\/logo\\\/image\\\/\",\"url\":\"https:\\\/\\\/metrecubic.com\\\/wp-content\\\/uploads\\\/logo-metrecubic.png\",\"contentUrl\":\"https:\\\/\\\/metrecubic.com\\\/wp-content\\\/uploads\\\/logo-metrecubic.png\",\"width\":159,\"height\":159,\"caption\":\"METRECUBIC\"},\"image\":{\"@id\":\"https:\\\/\\\/metrecubic.com\\\/es\\\/#\\\/schema\\\/logo\\\/image\\\/\"}}]}<\/script>\n<!-- \/ Yoast SEO plugin. -->","yoast_head_json":{"title":"Traslado integral de oficinas en Girona - METRECUBIC","robots":{"index":"index","follow":"follow","max-snippet":"max-snippet:-1","max-image-preview":"max-image-preview:large","max-video-preview":"max-video-preview:-1"},"canonical":"https:\/\/metrecubic.com\/es\/caso-de-exito\/traslado-integral-de-oficinas-en-girona\/","og_locale":"es_ES","og_type":"article","og_title":"Traslado integral de oficinas en Girona - METRECUBIC","og_description":"Traslado completo de una oficina en Girona, concretamente desmontaje, embalaje y transporte de mobiliario y archivos de la oficina situada en Sant Gregori. Llevamos a cabo el traslado completo de &hellip;","og_url":"https:\/\/metrecubic.com\/es\/caso-de-exito\/traslado-integral-de-oficinas-en-girona\/","og_site_name":"METRECUBIC","article_modified_time":"2025-05-15T14:29:30+00:00","og_image":[{"width":1080,"height":1080,"url":"https:\/\/metrecubic.com\/wp-content\/uploads\/276325646-155382100237611-2142441991607531738-n.jpg","type":"image\/jpeg"}],"twitter_card":"summary_large_image","twitter_misc":{"Tiempo de lectura":"1 minuto"},"schema":{"@context":"https:\/\/schema.org","@graph":[{"@type":"WebPage","@id":"https:\/\/metrecubic.com\/es\/caso-de-exito\/traslado-integral-de-oficinas-en-girona\/","url":"https:\/\/metrecubic.com\/es\/caso-de-exito\/traslado-integral-de-oficinas-en-girona\/","name":"Traslado integral de oficinas en Girona - METRECUBIC","isPartOf":{"@id":"https:\/\/metrecubic.com\/es\/#website"},"primaryImageOfPage":{"@id":"https:\/\/metrecubic.com\/es\/caso-de-exito\/traslado-integral-de-oficinas-en-girona\/#primaryimage"},"image":{"@id":"https:\/\/metrecubic.com\/es\/caso-de-exito\/traslado-integral-de-oficinas-en-girona\/#primaryimage"},"thumbnailUrl":"https:\/\/metrecubic.com\/wp-content\/uploads\/276325646-155382100237611-2142441991607531738-n.jpg","datePublished":"2025-04-08T08:18:59+00:00","dateModified":"2025-05-15T14:29:30+00:00","breadcrumb":{"@id":"https:\/\/metrecubic.com\/es\/caso-de-exito\/traslado-integral-de-oficinas-en-girona\/#breadcrumb"},"inLanguage":"es","potentialAction":[{"@type":"ReadAction","target":["https:\/\/metrecubic.com\/es\/caso-de-exito\/traslado-integral-de-oficinas-en-girona\/"]}]},{"@type":"ImageObject","inLanguage":"es","@id":"https:\/\/metrecubic.com\/es\/caso-de-exito\/traslado-integral-de-oficinas-en-girona\/#primaryimage","url":"https:\/\/metrecubic.com\/wp-content\/uploads\/276325646-155382100237611-2142441991607531738-n.jpg","contentUrl":"https:\/\/metrecubic.com\/wp-content\/uploads\/276325646-155382100237611-2142441991607531738-n.jpg","width":1080,"height":1080},{"@type":"BreadcrumbList","@id":"https:\/\/metrecubic.com\/es\/caso-de-exito\/traslado-integral-de-oficinas-en-girona\/#breadcrumb","itemListElement":[{"@type":"ListItem","position":1,"name":"Portada","item":"https:\/\/metrecubic.com\/es\/"},{"@type":"ListItem","position":2,"name":"Casos de \u00e9xito","item":"https:\/\/metrecubic.com\/es\/caso-de-exito\/"},{"@type":"ListItem","position":3,"name":"Traslado integral de oficinas en Girona"}]},{"@type":"WebSite","@id":"https:\/\/metrecubic.com\/es\/#website","url":"https:\/\/metrecubic.com\/es\/","name":"METRECUBIC","description":"Mudanzas y trasteros Sabadell y Girona","publisher":{"@id":"https:\/\/metrecubic.com\/es\/#organization"},"potentialAction":[{"@type":"SearchAction","target":{"@type":"EntryPoint","urlTemplate":"https:\/\/metrecubic.com\/es\/?s={search_term_string}"},"query-input":{"@type":"PropertyValueSpecification","valueRequired":true,"valueName":"search_term_string"}}],"inLanguage":"es"},{"@type":"Organization","@id":"https:\/\/metrecubic.com\/es\/#organization","name":"METRECUBIC","url":"https:\/\/metrecubic.com\/es\/","logo":{"@type":"ImageObject","inLanguage":"es","@id":"https:\/\/metrecubic.com\/es\/#\/schema\/logo\/image\/","url":"https:\/\/metrecubic.com\/wp-content\/uploads\/logo-metrecubic.png","contentUrl":"https:\/\/metrecubic.com\/wp-content\/uploads\/logo-metrecubic.png","width":159,"height":159,"caption":"METRECUBIC"},"image":{"@id":"https:\/\/metrecubic.com\/es\/#\/schema\/logo\/image\/"}}]}},"_links":{"self":[{"href":"https:\/\/metrecubic.com\/es\/wp-json\/wp\/v2\/success-stories\/5764","targetHints":{"allow":["GET"]}}],"collection":[{"href":"https:\/\/metrecubic.com\/es\/wp-json\/wp\/v2\/success-stories"}],"about":[{"href":"https:\/\/metrecubic.com\/es\/wp-json\/wp\/v2\/types\/success-stories"}],"version-history":[{"count":2,"href":"https:\/\/metrecubic.com\/es\/wp-json\/wp\/v2\/success-stories\/5764\/revisions"}],"predecessor-version":[{"id":7284,"href":"https:\/\/metrecubic.com\/es\/wp-json\/wp\/v2\/success-stories\/5764\/revisions\/7284"}],"wp:featuredmedia":[{"embeddable":true,"href":"https:\/\/metrecubic.com\/es\/wp-json\/wp\/v2\/media\/5765"}],"wp:attachment":[{"href":"https:\/\/metrecubic.com\/es\/wp-json\/wp\/v2\/media?parent=5764"}],"wp:term":[{"taxonomy":"sector_cat","embeddable":true,"href":"https:\/\/metrecubic.com\/es\/wp-json\/wp\/v2\/sector_cat?post=5764"}],"curies":[{"name":"wp","href":"https:\/\/api.w.org\/{rel}","templated":true}]}}