{"id":7448,"date":"2025-05-07T10:31:14","date_gmt":"2025-05-07T10:31:14","guid":{"rendered":"https:\/\/metrecubic.com\/?p=7448"},"modified":"2025-05-13T07:15:10","modified_gmt":"2025-05-13T07:15:10","slug":"trasteros-para-estudiantes-en-sabadell-y-girona-con-mudanza-gratuita","status":"publish","type":"post","link":"https:\/\/metrecubic.com\/es\/blog\/trasteros-para-estudiantes-en-sabadell-y-girona-con-mudanza-gratuita\/","title":{"rendered":"Trasteros para estudiantes en Sabadell y Girona con mudanza gratuita"},"content":{"rendered":"\n<p>Se acerca el verano y, con \u00e9l, uno de los momentos m\u00e1s ca\u00f3ticos para muchas estudiantes universitarias: dejar la habitaci\u00f3n o el piso compartido, hacer las maletas y buscar un lugar donde guardar todas sus cosas. En <a href=\"https:\/\/metrecubic.com\/es\/\">Metrecubic<\/a> sabemos que este proceso puede ser un verdadero dolor de cabeza. Por eso, hemos creado una soluci\u00f3n sencilla, econ\u00f3mica y segura pensada especialmente para ti.<\/p>\n\n\n\n<h2 class=\"wp-block-heading\">Termina el curso\u2026 \u00bfy ahora qu\u00e9?<\/h2>\n\n\n\n<p>Acaba el curso universitario y llega el momento de desmontar tu vida en el campus. \u00bfQu\u00e9 haces con los libros, los muebles, la ropa o los utensilios que no puedes llevarte de vuelta a casa? Si has tenido que cambiar de residencia o si simplemente vas a pasar el verano fuera, necesitas una alternativa pr\u00e1ctica para guardar tus pertenencias sin preocuparte por ellas.<\/p>\n\n\n\n<h2 class=\"wp-block-heading\">\u00bfPor qu\u00e9 los estudiantes necesitan un trastero en verano?<\/h2>\n\n\n\n<p>Cada a\u00f1o, cientos de estudiantes se encuentran con el mismo problema al llegar junio: no saben d\u00f3nde dejar sus cosas mientras no est\u00e1n en la ciudad. Quiz\u00e1 vuelvas a casa de tus padres, te vayas de viaje o tengas que dejar tu piso de alquiler de forma temporal. En cualquiera de estos casos, los <a href=\"https:\/\/metrecubic.com\/es\/alquiler-de-trasteros\/\">trasteros para estudiantes<\/a> son la mejor soluci\u00f3n.<\/p>\n\n\n\n<p>Con un trastero, puedes guardar todo lo que necesitas sin renunciar al orden, la seguridad o la comodidad. Adem\u00e1s, es mucho m\u00e1s econ\u00f3mico que pagar un piso vac\u00edo solo para guardar tus cosas.<\/p>\n\n\n\n<h2 class=\"wp-block-heading\">La soluci\u00f3n m\u00e1s f\u00e1cil: trastero con transporte incluido<\/h2>\n\n\n\n<p>En Metrecubic queremos que este proceso sea lo m\u00e1s c\u00f3modo posible para ti. Por eso, si contratas un trastero durante los meses de verano, te regalamos el servicio de transporte con furgoneta y operario. As\u00ed es: \u00a1mudanza gratuita incluida para estudiantes universitarios!<\/p>\n\n\n\n<p>Este servicio est\u00e1 disponible en nuestros centros de Sabadell y Girona, y est\u00e1 pensado espec\u00edficamente para que puedas hacer tu cambio de residencia sin estr\u00e9s ni costes adicionales.<\/p>\n\n\n\n<p>Tanto si eres de la UAB como de la UdG, en Metrecubic encontrar\u00e1s un trastero para estudiantes que se adapta a tus necesidades.<\/p>\n\n\n\n<h2 class=\"wp-block-heading\">Ventajas de los trasteros para estudiantes de Metrecubic<\/h2>\n\n\n\n<p>Cuando llega el verano y tienes que dejar tu habitaci\u00f3n de estudiante, lo \u00faltimo que necesitas es a\u00f1adir m\u00e1s complicaciones. Por eso, en Metrecubic hemos dise\u00f1ado una experiencia pensada para facilitarte el proceso desde el primer momento. Nuestros trasteros para estudiantes son mucho m\u00e1s que un simple espacio de almacenaje: son una soluci\u00f3n c\u00f3moda, segura y flexible adaptada a tu vida universitaria.<\/p>\n\n\n\n<h3 class=\"wp-block-heading\">Acceso f\u00e1cil y seguro las 24 horas<\/h3>\n\n\n\n<p>Sabemos que tus cosas tienen valor, no solo econ\u00f3mico, sino tambi\u00e9n sentimental. Por eso, todos nuestros centros cuentan con sistemas de videovigilancia, control de acceso y seguridad permanente. Puedes acceder a tu trastero cuando lo necesites, con total tranquilidad.<\/p>\n\n\n\n<h3 class=\"wp-block-heading\">Tama\u00f1os de trastero adaptados a tus necesidades<\/h3>\n\n\n\n<p>Tanto si necesitas guardar unas pocas cajas como si tienes muebles, bicis o electrodom\u00e9sticos, en Metrecubic encontrar\u00e1s el espacio que mejor se adapta a ti. Pagas solo por el espacio que usas, sin gastos innecesarios ni sorpresas.<\/p>\n\n\n\n<h3 class=\"wp-block-heading\">Sin permanencia ni contratos largos<\/h3>\n\n\n\n<p>Entendemos que cada estudiante tiene sus propios tiempos. Por eso, no te pedimos compromisos de larga duraci\u00f3n. Puedes usar el trastero durante el verano o por el tiempo que realmente necesites, sin ataduras.<\/p>\n\n\n\n<h3 class=\"wp-block-heading\">Atenci\u00f3n personalizada siempre que lo necesites<\/h3>\n\n\n\n<p>Nuestro equipo est\u00e1 a tu disposici\u00f3n para ayudarte con cualquier duda o necesidad. Desde el primer contacto hasta el d\u00eda en que vengas a recoger tus cosas, te acompa\u00f1amos en todo el proceso.<\/p>\n\n\n\n<p>Y lo mejor de todo: la mudanza te sale gratis. S\u00ed, has le\u00eddo bien. Si reservas ahora tu trastero de estudiante para este verano, te regalamos el servicio de transporte con furgoneta y un operario. No tendr\u00e1s que preocuparte de alquilar veh\u00edculo, cargar cajas o buscar a alguien que te eche una mano. Nosotros nos ocupamos de todo.<\/p>\n\n\n\n<h2 class=\"wp-block-heading\">Oferta exclusiva para estudiantes de la UAB y la UdG<\/h2>\n\n\n\n<p>\u00bfTienes que dejar tu habitaci\u00f3n de estudiante este verano? Si estudias en la Universitat Aut\u00f2noma de Barcelona (UAB) o en la Universitat de Girona (UdG), seguro que ya te est\u00e1s preguntando d\u00f3nde guardar tus cosas durante las vacaciones. En Metrecubic tenemos la soluci\u00f3n ideal para ti: trasteros para estudiantes con mudanza gratuita incluida.<\/p>\n\n\n\n<p>Durante los meses de verano, al contratar tu trastero estudiantes con nosotros, te regalamos el servicio de transporte con furgoneta y operario. As\u00ed es: recogemos tus pertenencias directamente en tu residencia o piso, las trasladamos a tu trastero y t\u00fa no tienes que preocuparte de nada.<\/p>\n\n\n\n<p>Este servicio est\u00e1 disponible en nuestros centros de Sabadell y Girona, y est\u00e1 pensado especialmente para universitarios que quieren una soluci\u00f3n r\u00e1pida, segura y econ\u00f3mica.<\/p>\n\n\n\n<p>Nuestros trasteros para estudiantes son espacios seguros, con acceso f\u00e1cil y vigilancia, donde puedes guardar libros, ropa, muebles peque\u00f1os, maletas o todo lo que no puedas llevarte a casa. Adem\u00e1s, cuando vuelvas al inicio del curso, todo estar\u00e1 listo para que lo recuperes sin complicaciones.<\/p>\n\n\n\n<h2 class=\"wp-block-heading\">Este verano, guarda tus cosas sin complicaciones<\/h2>\n\n\n\n<p>Olv\u00eddate del estr\u00e9s de la mudanza. En Metrecubic te ofrecemos la soluci\u00f3n m\u00e1s c\u00f3moda y econ\u00f3mica con nuestro servicio de <a href=\"https:\/\/metrecubic.com\/es\/alquiler-de-trasteros\/\">trasteros para estudiantes<\/a>. Guarda lo que necesites este verano en un espacio seguro, con acceso f\u00e1cil y sin preocupaciones. Y lo mejor: con transporte incluido.<\/p>\n\n\n\n<p>Si eres estudiante de la UAB o de la UdG, aprovecha esta promoci\u00f3n limitada y reserva ya tu trastero con mudanza gratis. Porque en <a href=\"https:\/\/metrecubic.com\/es\/\">Metrecubic<\/a>, nos ocupamos de lo que te preocupa.<\/p>\n","protected":false},"excerpt":{"rendered":"<p>Se acerca el verano y, con \u00e9l, uno de los momentos m\u00e1s ca\u00f3ticos para muchas estudiantes universitarias: dejar la habitaci\u00f3n o el piso compartido, hacer las maletas y buscar un &hellip;<\/p>\n","protected":false},"author":1,"featured_media":7449,"comment_status":"closed","ping_status":"closed","sticky":false,"template":"","format":"standard","meta":{"_acf_changed":false,"footnotes":""},"categories":[203],"tags":[],"class_list":["post-7448","post","type-post","status-publish","format-standard","has-post-thumbnail","hentry","category-trasteros"],"acf":[],"yoast_head":"<!-- This site is optimized with the Yoast SEO plugin v27.4 - https:\/\/yoast.com\/product\/yoast-seo-wordpress\/ -->\n<title>Trasteros para estudiantes en Sabadell y Girona con mudanza gratuita<\/title>\n<meta name=\"description\" content=\"Guarda tus cosas este verano con Metrecubic. Trastero para estudiantes + mudanza gratis en Sabadell y Girona. \u00a1Reserva ya!\" \/>\n<meta name=\"robots\" content=\"index, follow, max-snippet:-1, max-image-preview:large, max-video-preview:-1\" \/>\n<link rel=\"canonical\" href=\"https:\/\/metrecubic.com\/es\/blog\/trasteros-para-estudiantes-en-sabadell-y-girona-con-mudanza-gratuita\/\" \/>\n<meta property=\"og:locale\" content=\"es_ES\" \/>\n<meta property=\"og:type\" content=\"article\" \/>\n<meta property=\"og:title\" content=\"Trasteros para estudiantes en Sabadell y Girona con mudanza gratuita\" \/>\n<meta property=\"og:description\" content=\"Guarda tus cosas este verano con Metrecubic. Trastero para estudiantes + mudanza gratis en Sabadell y Girona. \u00a1Reserva ya!\" \/>\n<meta property=\"og:url\" content=\"https:\/\/metrecubic.com\/es\/blog\/trasteros-para-estudiantes-en-sabadell-y-girona-con-mudanza-gratuita\/\" \/>\n<meta property=\"og:site_name\" content=\"METRECUBIC\" \/>\n<meta property=\"article:published_time\" content=\"2025-05-07T10:31:14+00:00\" \/>\n<meta property=\"article:modified_time\" content=\"2025-05-13T07:15:10+00:00\" \/>\n<meta property=\"og:image\" content=\"https:\/\/metrecubic.com\/wp-content\/uploads\/img-20230329-wa0031.jpg\" \/>\n\t<meta property=\"og:image:width\" content=\"1200\" \/>\n\t<meta property=\"og:image:height\" content=\"1600\" \/>\n\t<meta property=\"og:image:type\" content=\"image\/jpeg\" \/>\n<meta name=\"author\" content=\"emfasi\" \/>\n<meta name=\"twitter:card\" content=\"summary_large_image\" \/>\n<meta name=\"twitter:label1\" content=\"Escrito por\" \/>\n\t<meta name=\"twitter:data1\" content=\"emfasi\" \/>\n\t<meta name=\"twitter:label2\" content=\"Tiempo de lectura\" \/>\n\t<meta name=\"twitter:data2\" content=\"5 minutos\" \/>\n<script type=\"application\/ld+json\" class=\"yoast-schema-graph\">{\"@context\":\"https:\\\/\\\/schema.org\",\"@graph\":[{\"@type\":\"Article\",\"@id\":\"https:\\\/\\\/metrecubic.com\\\/es\\\/blog\\\/trasteros-para-estudiantes-en-sabadell-y-girona-con-mudanza-gratuita\\\/#article\",\"isPartOf\":{\"@id\":\"https:\\\/\\\/metrecubic.com\\\/es\\\/blog\\\/trasteros-para-estudiantes-en-sabadell-y-girona-con-mudanza-gratuita\\\/\"},\"author\":{\"name\":\"emfasi\",\"@id\":\"https:\\\/\\\/metrecubic.com\\\/es\\\/#\\\/schema\\\/person\\\/a6ff476231cc7e78ec40fed152bcb241\"},\"headline\":\"Trasteros para estudiantes en Sabadell y Girona con mudanza gratuita\",\"datePublished\":\"2025-05-07T10:31:14+00:00\",\"dateModified\":\"2025-05-13T07:15:10+00:00\",\"mainEntityOfPage\":{\"@id\":\"https:\\\/\\\/metrecubic.com\\\/es\\\/blog\\\/trasteros-para-estudiantes-en-sabadell-y-girona-con-mudanza-gratuita\\\/\"},\"wordCount\":965,\"publisher\":{\"@id\":\"https:\\\/\\\/metrecubic.com\\\/es\\\/#organization\"},\"image\":{\"@id\":\"https:\\\/\\\/metrecubic.com\\\/es\\\/blog\\\/trasteros-para-estudiantes-en-sabadell-y-girona-con-mudanza-gratuita\\\/#primaryimage\"},\"thumbnailUrl\":\"https:\\\/\\\/metrecubic.com\\\/wp-content\\\/uploads\\\/img-20230329-wa0031.jpg\",\"articleSection\":[\"Trasteros\"],\"inLanguage\":\"es\"},{\"@type\":\"WebPage\",\"@id\":\"https:\\\/\\\/metrecubic.com\\\/es\\\/blog\\\/trasteros-para-estudiantes-en-sabadell-y-girona-con-mudanza-gratuita\\\/\",\"url\":\"https:\\\/\\\/metrecubic.com\\\/es\\\/blog\\\/trasteros-para-estudiantes-en-sabadell-y-girona-con-mudanza-gratuita\\\/\",\"name\":\"Trasteros para estudiantes en Sabadell y Girona con mudanza gratuita\",\"isPartOf\":{\"@id\":\"https:\\\/\\\/metrecubic.com\\\/es\\\/#website\"},\"primaryImageOfPage\":{\"@id\":\"https:\\\/\\\/metrecubic.com\\\/es\\\/blog\\\/trasteros-para-estudiantes-en-sabadell-y-girona-con-mudanza-gratuita\\\/#primaryimage\"},\"image\":{\"@id\":\"https:\\\/\\\/metrecubic.com\\\/es\\\/blog\\\/trasteros-para-estudiantes-en-sabadell-y-girona-con-mudanza-gratuita\\\/#primaryimage\"},\"thumbnailUrl\":\"https:\\\/\\\/metrecubic.com\\\/wp-content\\\/uploads\\\/img-20230329-wa0031.jpg\",\"datePublished\":\"2025-05-07T10:31:14+00:00\",\"dateModified\":\"2025-05-13T07:15:10+00:00\",\"description\":\"Guarda tus cosas este verano con Metrecubic. Trastero para estudiantes + mudanza gratis en Sabadell y Girona. \u00a1Reserva ya!\",\"breadcrumb\":{\"@id\":\"https:\\\/\\\/metrecubic.com\\\/es\\\/blog\\\/trasteros-para-estudiantes-en-sabadell-y-girona-con-mudanza-gratuita\\\/#breadcrumb\"},\"inLanguage\":\"es\",\"potentialAction\":[{\"@type\":\"ReadAction\",\"target\":[\"https:\\\/\\\/metrecubic.com\\\/es\\\/blog\\\/trasteros-para-estudiantes-en-sabadell-y-girona-con-mudanza-gratuita\\\/\"]}]},{\"@type\":\"ImageObject\",\"inLanguage\":\"es\",\"@id\":\"https:\\\/\\\/metrecubic.com\\\/es\\\/blog\\\/trasteros-para-estudiantes-en-sabadell-y-girona-con-mudanza-gratuita\\\/#primaryimage\",\"url\":\"https:\\\/\\\/metrecubic.com\\\/wp-content\\\/uploads\\\/img-20230329-wa0031.jpg\",\"contentUrl\":\"https:\\\/\\\/metrecubic.com\\\/wp-content\\\/uploads\\\/img-20230329-wa0031.jpg\",\"width\":1200,\"height\":1600},{\"@type\":\"BreadcrumbList\",\"@id\":\"https:\\\/\\\/metrecubic.com\\\/es\\\/blog\\\/trasteros-para-estudiantes-en-sabadell-y-girona-con-mudanza-gratuita\\\/#breadcrumb\",\"itemListElement\":[{\"@type\":\"ListItem\",\"position\":1,\"name\":\"Portada\",\"item\":\"https:\\\/\\\/metrecubic.com\\\/es\\\/\"},{\"@type\":\"ListItem\",\"position\":2,\"name\":\"Trasteros para estudiantes en Sabadell y Girona con mudanza gratuita\"}]},{\"@type\":\"WebSite\",\"@id\":\"https:\\\/\\\/metrecubic.com\\\/es\\\/#website\",\"url\":\"https:\\\/\\\/metrecubic.com\\\/es\\\/\",\"name\":\"METRECUBIC\",\"description\":\"Mudanzas y trasteros Sabadell y Girona\",\"publisher\":{\"@id\":\"https:\\\/\\\/metrecubic.com\\\/es\\\/#organization\"},\"potentialAction\":[{\"@type\":\"SearchAction\",\"target\":{\"@type\":\"EntryPoint\",\"urlTemplate\":\"https:\\\/\\\/metrecubic.com\\\/es\\\/?s={search_term_string}\"},\"query-input\":{\"@type\":\"PropertyValueSpecification\",\"valueRequired\":true,\"valueName\":\"search_term_string\"}}],\"inLanguage\":\"es\"},{\"@type\":\"Organization\",\"@id\":\"https:\\\/\\\/metrecubic.com\\\/es\\\/#organization\",\"name\":\"METRECUBIC\",\"url\":\"https:\\\/\\\/metrecubic.com\\\/es\\\/\",\"logo\":{\"@type\":\"ImageObject\",\"inLanguage\":\"es\",\"@id\":\"https:\\\/\\\/metrecubic.com\\\/es\\\/#\\\/schema\\\/logo\\\/image\\\/\",\"url\":\"https:\\\/\\\/metrecubic.com\\\/wp-content\\\/uploads\\\/logo-metrecubic.png\",\"contentUrl\":\"https:\\\/\\\/metrecubic.com\\\/wp-content\\\/uploads\\\/logo-metrecubic.png\",\"width\":159,\"height\":159,\"caption\":\"METRECUBIC\"},\"image\":{\"@id\":\"https:\\\/\\\/metrecubic.com\\\/es\\\/#\\\/schema\\\/logo\\\/image\\\/\"}},{\"@type\":\"Person\",\"@id\":\"https:\\\/\\\/metrecubic.com\\\/es\\\/#\\\/schema\\\/person\\\/a6ff476231cc7e78ec40fed152bcb241\",\"name\":\"emfasi\",\"sameAs\":[\"https:\\\/\\\/metrecubic.com\"],\"url\":\"https:\\\/\\\/metrecubic.com\\\/es\\\/author\\\/emfasi\\\/\"}]}<\/script>\n<!-- \/ Yoast SEO plugin. -->","yoast_head_json":{"title":"Trasteros para estudiantes en Sabadell y Girona con mudanza gratuita","description":"Guarda tus cosas este verano con Metrecubic. Trastero para estudiantes + mudanza gratis en Sabadell y Girona. \u00a1Reserva ya!","robots":{"index":"index","follow":"follow","max-snippet":"max-snippet:-1","max-image-preview":"max-image-preview:large","max-video-preview":"max-video-preview:-1"},"canonical":"https:\/\/metrecubic.com\/es\/blog\/trasteros-para-estudiantes-en-sabadell-y-girona-con-mudanza-gratuita\/","og_locale":"es_ES","og_type":"article","og_title":"Trasteros para estudiantes en Sabadell y Girona con mudanza gratuita","og_description":"Guarda tus cosas este verano con Metrecubic. Trastero para estudiantes + mudanza gratis en Sabadell y Girona. \u00a1Reserva ya!","og_url":"https:\/\/metrecubic.com\/es\/blog\/trasteros-para-estudiantes-en-sabadell-y-girona-con-mudanza-gratuita\/","og_site_name":"METRECUBIC","article_published_time":"2025-05-07T10:31:14+00:00","article_modified_time":"2025-05-13T07:15:10+00:00","og_image":[{"width":1200,"height":1600,"url":"https:\/\/metrecubic.com\/wp-content\/uploads\/img-20230329-wa0031.jpg","type":"image\/jpeg"}],"author":"emfasi","twitter_card":"summary_large_image","twitter_misc":{"Escrito por":"emfasi","Tiempo de lectura":"5 minutos"},"schema":{"@context":"https:\/\/schema.org","@graph":[{"@type":"Article","@id":"https:\/\/metrecubic.com\/es\/blog\/trasteros-para-estudiantes-en-sabadell-y-girona-con-mudanza-gratuita\/#article","isPartOf":{"@id":"https:\/\/metrecubic.com\/es\/blog\/trasteros-para-estudiantes-en-sabadell-y-girona-con-mudanza-gratuita\/"},"author":{"name":"emfasi","@id":"https:\/\/metrecubic.com\/es\/#\/schema\/person\/a6ff476231cc7e78ec40fed152bcb241"},"headline":"Trasteros para estudiantes en Sabadell y Girona con mudanza gratuita","datePublished":"2025-05-07T10:31:14+00:00","dateModified":"2025-05-13T07:15:10+00:00","mainEntityOfPage":{"@id":"https:\/\/metrecubic.com\/es\/blog\/trasteros-para-estudiantes-en-sabadell-y-girona-con-mudanza-gratuita\/"},"wordCount":965,"publisher":{"@id":"https:\/\/metrecubic.com\/es\/#organization"},"image":{"@id":"https:\/\/metrecubic.com\/es\/blog\/trasteros-para-estudiantes-en-sabadell-y-girona-con-mudanza-gratuita\/#primaryimage"},"thumbnailUrl":"https:\/\/metrecubic.com\/wp-content\/uploads\/img-20230329-wa0031.jpg","articleSection":["Trasteros"],"inLanguage":"es"},{"@type":"WebPage","@id":"https:\/\/metrecubic.com\/es\/blog\/trasteros-para-estudiantes-en-sabadell-y-girona-con-mudanza-gratuita\/","url":"https:\/\/metrecubic.com\/es\/blog\/trasteros-para-estudiantes-en-sabadell-y-girona-con-mudanza-gratuita\/","name":"Trasteros para estudiantes en Sabadell y Girona con mudanza gratuita","isPartOf":{"@id":"https:\/\/metrecubic.com\/es\/#website"},"primaryImageOfPage":{"@id":"https:\/\/metrecubic.com\/es\/blog\/trasteros-para-estudiantes-en-sabadell-y-girona-con-mudanza-gratuita\/#primaryimage"},"image":{"@id":"https:\/\/metrecubic.com\/es\/blog\/trasteros-para-estudiantes-en-sabadell-y-girona-con-mudanza-gratuita\/#primaryimage"},"thumbnailUrl":"https:\/\/metrecubic.com\/wp-content\/uploads\/img-20230329-wa0031.jpg","datePublished":"2025-05-07T10:31:14+00:00","dateModified":"2025-05-13T07:15:10+00:00","description":"Guarda tus cosas este verano con Metrecubic. Trastero para estudiantes + mudanza gratis en Sabadell y Girona. \u00a1Reserva ya!","breadcrumb":{"@id":"https:\/\/metrecubic.com\/es\/blog\/trasteros-para-estudiantes-en-sabadell-y-girona-con-mudanza-gratuita\/#breadcrumb"},"inLanguage":"es","potentialAction":[{"@type":"ReadAction","target":["https:\/\/metrecubic.com\/es\/blog\/trasteros-para-estudiantes-en-sabadell-y-girona-con-mudanza-gratuita\/"]}]},{"@type":"ImageObject","inLanguage":"es","@id":"https:\/\/metrecubic.com\/es\/blog\/trasteros-para-estudiantes-en-sabadell-y-girona-con-mudanza-gratuita\/#primaryimage","url":"https:\/\/metrecubic.com\/wp-content\/uploads\/img-20230329-wa0031.jpg","contentUrl":"https:\/\/metrecubic.com\/wp-content\/uploads\/img-20230329-wa0031.jpg","width":1200,"height":1600},{"@type":"BreadcrumbList","@id":"https:\/\/metrecubic.com\/es\/blog\/trasteros-para-estudiantes-en-sabadell-y-girona-con-mudanza-gratuita\/#breadcrumb","itemListElement":[{"@type":"ListItem","position":1,"name":"Portada","item":"https:\/\/metrecubic.com\/es\/"},{"@type":"ListItem","position":2,"name":"Trasteros para estudiantes en Sabadell y Girona con mudanza gratuita"}]},{"@type":"WebSite","@id":"https:\/\/metrecubic.com\/es\/#website","url":"https:\/\/metrecubic.com\/es\/","name":"METRECUBIC","description":"Mudanzas y trasteros Sabadell y Girona","publisher":{"@id":"https:\/\/metrecubic.com\/es\/#organization"},"potentialAction":[{"@type":"SearchAction","target":{"@type":"EntryPoint","urlTemplate":"https:\/\/metrecubic.com\/es\/?s={search_term_string}"},"query-input":{"@type":"PropertyValueSpecification","valueRequired":true,"valueName":"search_term_string"}}],"inLanguage":"es"},{"@type":"Organization","@id":"https:\/\/metrecubic.com\/es\/#organization","name":"METRECUBIC","url":"https:\/\/metrecubic.com\/es\/","logo":{"@type":"ImageObject","inLanguage":"es","@id":"https:\/\/metrecubic.com\/es\/#\/schema\/logo\/image\/","url":"https:\/\/metrecubic.com\/wp-content\/uploads\/logo-metrecubic.png","contentUrl":"https:\/\/metrecubic.com\/wp-content\/uploads\/logo-metrecubic.png","width":159,"height":159,"caption":"METRECUBIC"},"image":{"@id":"https:\/\/metrecubic.com\/es\/#\/schema\/logo\/image\/"}},{"@type":"Person","@id":"https:\/\/metrecubic.com\/es\/#\/schema\/person\/a6ff476231cc7e78ec40fed152bcb241","name":"emfasi","sameAs":["https:\/\/metrecubic.com"],"url":"https:\/\/metrecubic.com\/es\/author\/emfasi\/"}]}},"_links":{"self":[{"href":"https:\/\/metrecubic.com\/es\/wp-json\/wp\/v2\/posts\/7448","targetHints":{"allow":["GET"]}}],"collection":[{"href":"https:\/\/metrecubic.com\/es\/wp-json\/wp\/v2\/posts"}],"about":[{"href":"https:\/\/metrecubic.com\/es\/wp-json\/wp\/v2\/types\/post"}],"author":[{"embeddable":true,"href":"https:\/\/metrecubic.com\/es\/wp-json\/wp\/v2\/users\/1"}],"replies":[{"embeddable":true,"href":"https:\/\/metrecubic.com\/es\/wp-json\/wp\/v2\/comments?post=7448"}],"version-history":[{"count":1,"href":"https:\/\/metrecubic.com\/es\/wp-json\/wp\/v2\/posts\/7448\/revisions"}],"predecessor-version":[{"id":7453,"href":"https:\/\/metrecubic.com\/es\/wp-json\/wp\/v2\/posts\/7448\/revisions\/7453"}],"wp:featuredmedia":[{"embeddable":true,"href":"https:\/\/metrecubic.com\/es\/wp-json\/wp\/v2\/media\/7449"}],"wp:attachment":[{"href":"https:\/\/metrecubic.com\/es\/wp-json\/wp\/v2\/media?parent=7448"}],"wp:term":[{"taxonomy":"category","embeddable":true,"href":"https:\/\/metrecubic.com\/es\/wp-json\/wp\/v2\/categories?post=7448"},{"taxonomy":"post_tag","embeddable":true,"href":"https:\/\/metrecubic.com\/es\/wp-json\/wp\/v2\/tags?post=7448"}],"curies":[{"name":"wp","href":"https:\/\/api.w.org\/{rel}","templated":true}]}}