{"id":4961,"date":"2024-12-04T10:47:00","date_gmt":"2024-12-04T10:47:00","guid":{"rendered":"https:\/\/metrecubic.com\/?p=4961"},"modified":"2025-10-28T12:42:19","modified_gmt":"2025-10-28T12:42:19","slug":"normativa-sobre-trasteros-y-alquiler","status":"publish","type":"post","link":"https:\/\/metrecubic.com\/es\/blog\/normativa-sobre-trasteros-y-alquiler\/","title":{"rendered":"Normativa sobre trasteros: lo que debes saber antes de alquilar uno"},"content":{"rendered":"\n<h2 class=\"wp-block-heading\">\u00bfPor qu\u00e9 es importante conocer la normativa de trasteros?<\/h2>\n\n\n\n<p>Tener espacio adicional para almacenar objetos personales, muebles o material de empresa se ha convertido en una necesidad com\u00fan. Sin embargo, antes de alquilar o utilizar uno, es fundamental conocer la <strong>normativa sobre trasteros<\/strong> vigente en Espa\u00f1a.<\/p>\n\n\n\n<p>Esta normativa regula tanto la <strong>construcci\u00f3n<\/strong> y <strong>uso de trasteros<\/strong> como las <strong>condiciones de seguridad<\/strong>, <strong>ventilaci\u00f3n<\/strong>, <strong>acceso<\/strong> y <strong>alquiler<\/strong> de estos espacios. Cumplirla no solo evita sanciones, sino que tambi\u00e9n garantiza la protecci\u00f3n de las personas y de los bienes almacenados.<\/p>\n\n\n\n<h2 class=\"wp-block-heading\">Normativa de trasteros: requisitos generales<\/h2>\n\n\n\n<p>La <strong>normativa de trasteros<\/strong> se encuentra regulada principalmente por el <strong>C\u00f3digo T\u00e9cnico de la Edificaci\u00f3n (CTE)<\/strong> y por diversas <strong>ordenanzas municipales<\/strong>, que pueden variar seg\u00fan la localidad. A continuaci\u00f3n, resumimos los aspectos m\u00e1s importantes que deben cumplir estos espacios.<\/p>\n\n\n\n<h3 class=\"wp-block-heading\">Condiciones de ventilaci\u00f3n y salubridad<\/h3>\n\n\n\n<p>Todo trastero debe contar con <strong>ventilaci\u00f3n adecuada<\/strong>, ya sea natural o forzada, para evitar la acumulaci\u00f3n de humedad o gases. En caso de estar en un s\u00f3tano, se exige un sistema de ventilaci\u00f3n mec\u00e1nica que asegure la renovaci\u00f3n del aire.<\/p>\n\n\n\n<p>Adem\u00e1s, la normativa sobre trasteros establece que no pueden destinarse a la <strong>vivienda<\/strong> ni al <strong>descanso<\/strong>, y deben mantenerse limpios y secos para evitar la proliferaci\u00f3n de moho o plagas.<\/p>\n\n\n\n<h3 class=\"wp-block-heading\">Materiales de construcci\u00f3n y resistencia al fuego<\/h3>\n\n\n\n<p>La normativa de trasteros exige el uso de <strong>materiales ign\u00edfugos<\/strong> o resistentes al fuego, especialmente en paredes y puertas.<\/p>\n\n\n\n<p>Seg\u00fan el CTE, los compartimentos de trasteros deben garantizar una <strong>resistencia al fuego m\u00ednima de 90 minutos (EI-90)<\/strong>, dependiendo del edificio y su uso. Las puertas deben ser <strong>cortafuegos<\/strong> y, en muchos casos, contar con <strong>cierres autom\u00e1ticos<\/strong> para evitar la propagaci\u00f3n de incendios.<\/p>\n\n\n\n<h3 class=\"wp-block-heading\">Se\u00f1alizaci\u00f3n y accesibilidad<\/h3>\n\n\n\n<p>Cada trastero debe estar <strong>numerado y se\u00f1alizado<\/strong> correctamente. En edificios residenciales o de uso p\u00fablico, es obligatorio indicar la ubicaci\u00f3n de las salidas de emergencia y los extintores.<\/p>\n\n\n\n<p>En cuanto a accesibilidad, la normativa sobre trasteros indica que los pasillos y accesos deben permitir el paso de personas con movilidad reducida, conforme al Documento B\u00e1sico de <strong>Seguridad de Utilizaci\u00f3n y Accesibilidad (DB-SUA)<\/strong> del CTE.<\/p>\n\n\n\n<h2 class=\"wp-block-heading\">Normativa de alquiler de trasteros: derechos y obligaciones<\/h2>\n\n\n\n<p>Adem\u00e1s de los requisitos t\u00e9cnicos, existen aspectos legales relacionados con el <strong><a href=\"https:\/\/metrecubic.com\/es\/alquiler-de-trasteros\/\">alquiler de trasteros<\/a><\/strong> que conviene conocer. La <strong>normativa de alquiler de trasteros<\/strong> se rige por el <strong>C\u00f3digo Civil<\/strong> y, en algunos casos, por la <strong>Ley de Arrendamientos Urbanos (LAU)<\/strong>.<\/p>\n\n\n\n<h3 class=\"wp-block-heading\">Contrato de alquiler<\/h3>\n\n\n\n<p>El contrato de un trastero no es igual al de una vivienda.<\/p>\n\n\n\n<p>La <strong>normativa de alquiler de trasteros<\/strong> establece que este tipo de contrato se considera un <strong>arrendamiento de uso distinto al de vivienda<\/strong>. Esto significa que el propietario y el inquilino pueden <strong>pactar libremente la duraci\u00f3n, la renta y las condiciones de uso<\/strong>, siempre que no contradigan la ley.<\/p>\n\n\n\n<p>Es fundamental que el contrato especifique:<\/p>\n\n\n\n<ul class=\"wp-block-list\">\n<li>Datos de las partes.<\/li>\n\n\n\n<li>Descripci\u00f3n exacta del trastero (ubicaci\u00f3n, metros cuadrados, n\u00famero, etc.).<\/li>\n\n\n\n<li>Precio del alquiler y forma de pago.<\/li>\n\n\n\n<li>Duraci\u00f3n del contrato y posibilidad de renovaci\u00f3n.<\/li>\n\n\n\n<li>Condiciones de uso y acceso.<\/li>\n\n\n\n<li>Responsabilidad sobre los da\u00f1os o p\u00e9rdidas.<\/li>\n<\/ul>\n\n\n\n<h3 class=\"wp-block-heading\">Responsabilidad y seguros<\/h3>\n\n\n\n<p>La <strong>normativa sobre trasteros<\/strong> no obliga a contratar un seguro, pero es <strong>altamente recomendable<\/strong>.<\/p>\n\n\n\n<p>El arrendatario suele ser responsable de los bienes almacenados, mientras que el propietario debe garantizar que el trastero cumple con las condiciones de seguridad y mantenimiento adecuadas.<\/p>\n\n\n\n<p>En centros profesionales como <strong>Metrecubic<\/strong>, los trasteros cuentan con sistemas de <strong>vigilancia, alarmas y control de acceso<\/strong>, adem\u00e1s de seguros opcionales para tus pertenencias.<\/p>\n\n\n\n<h3 class=\"wp-block-heading\">Uso permitido y prohibido<\/h3>\n\n\n\n<p>La <strong>normativa de trasteros<\/strong> proh\u00edbe almacenar productos inflamables, explosivos o peligrosos, como combustibles, pinturas o gases.<\/p>\n\n\n\n<p>Tampoco est\u00e1 permitido usar el trastero como <strong>espacio de trabajo, dormitorio o local comercial<\/strong>. Su funci\u00f3n es estrictamente el <strong>almacenaje<\/strong> de bienes personales o empresariales.<\/p>\n\n\n\n<h2 class=\"wp-block-heading\">Normativa sobre trasteros en comunidades de vecinos<\/h2>\n\n\n\n<p>Si el trastero se encuentra en un edificio residencial, tambi\u00e9n entra en juego la <strong>Ley de Propiedad Horizontal (LPH)<\/strong>.<\/p>\n\n\n\n<p>En este caso, los trasteros forman parte de los <strong>elementos privativos<\/strong> o <strong>comunes<\/strong> del inmueble, y su uso est\u00e1 sujeto a las normas internas de la comunidad.<\/p>\n\n\n\n<p>Algunos puntos clave:<\/p>\n\n\n\n<ul class=\"wp-block-list\">\n<li>No se pueden realizar obras que alteren la estructura o fachada del edificio.<\/li>\n\n\n\n<li>Deben respetarse las normas de seguridad y convivencia.<\/li>\n\n\n\n<li>En caso de trasteros comunitarios, la comunidad puede establecer reglas de acceso o uso compartido.<\/li>\n<\/ul>\n\n\n\n<h2 class=\"wp-block-heading\">Sanciones por incumplir la normativa de trasteros<\/h2>\n\n\n\n<p>El incumplimiento de la normativa puede conllevar <strong>multas o sanciones administrativas<\/strong>, especialmente en casos de:<\/p>\n\n\n\n<ul class=\"wp-block-list\">\n<li>Almacenaje de materiales peligrosos.<\/li>\n\n\n\n<li>Falta de ventilaci\u00f3n o medidas de seguridad.<\/li>\n\n\n\n<li>Uso indebido (vivienda, taller o local de ocio).<\/li>\n<\/ul>\n\n\n\n<p>Por ello, tanto propietarios como usuarios deben asegurarse de que el espacio cumple la <strong>normativa sobre trasteros<\/strong> antes de ponerlo en uso.<\/p>\n\n\n\n<h2 class=\"wp-block-heading\">La importancia de cumplir la normativa de trasteros<\/h2>\n\n\n\n<p>Conocer la <strong>normativa de trasteros<\/strong> y las condiciones de <strong>alquiler<\/strong> no solo es una cuesti\u00f3n legal, sino tambi\u00e9n de seguridad y tranquilidad.<\/p>\n\n\n\n<p>Al cumplir con los requisitos t\u00e9cnicos y firmar un contrato adecuado, garantizas que tus pertenencias estar\u00e1n protegidas y evitas posibles problemas futuros.<\/p>\n\n\n\n<p>En <strong>Metrecubic<\/strong>, todos nuestros trasteros cumplen con la <strong>normativa vigente<\/strong>, ofreciendo espacios seguros, vigilados y accesibles en <strong><a href=\"https:\/\/metrecubic.com\/es\/alquiler-de-trasteros-en-sabadell\/\">Barcelona<\/a>, <a href=\"https:\/\/metrecubic.com\/es\/alquiler-de-trasteros-en-girona\/\">Girona <\/a>y <a href=\"https:\/\/metrecubic.com\/es\/alquiler-de-trasteros-en-empuriabrava\/\">Empuriabrava<\/a><\/strong>.<\/p>\n\n\n\n<p>Si est\u00e1s pensando en alquilar uno, <a href=\"https:\/\/metrecubic.com\/es\/contacto\/\"><strong>cont\u00e1ctanos<\/strong> <\/a>y te ayudaremos a encontrar el trastero ideal para tus necesidades.<\/p>\n","protected":false},"excerpt":{"rendered":"<p>\u00bfPor qu\u00e9 es importante conocer la normativa de trasteros? Tener espacio adicional para almacenar objetos personales, muebles o material de empresa se ha convertido en una necesidad com\u00fan. Sin embargo, &hellip;<\/p>\n","protected":false},"author":1,"featured_media":4962,"comment_status":"closed","ping_status":"closed","sticky":false,"template":"","format":"standard","meta":{"_acf_changed":false,"footnotes":""},"categories":[203],"tags":[],"class_list":["post-4961","post","type-post","status-publish","format-standard","has-post-thumbnail","hentry","category-trasteros"],"acf":[],"yoast_head":"<!-- This site is optimized with the Yoast SEO plugin v27.4 - https:\/\/yoast.com\/product\/yoast-seo-wordpress\/ -->\n<title>Normativa sobre trasteros: lo que debes saber antes de alquilar uno<\/title>\n<meta name=\"description\" content=\"Conoce la normativa de trasteros y los requisitos legales para alquilar o utilizar un trastero con seguridad y tranquilidad.\" \/>\n<meta name=\"robots\" content=\"index, follow, max-snippet:-1, max-image-preview:large, max-video-preview:-1\" \/>\n<link rel=\"canonical\" href=\"https:\/\/metrecubic.com\/es\/blog\/normativa-sobre-trasteros-y-alquiler\/\" \/>\n<meta property=\"og:locale\" content=\"es_ES\" \/>\n<meta property=\"og:type\" content=\"article\" \/>\n<meta property=\"og:title\" content=\"Normativa sobre trasteros: lo que debes saber antes de alquilar uno\" \/>\n<meta property=\"og:description\" content=\"Conoce la normativa de trasteros y los requisitos legales para alquilar o utilizar un trastero con seguridad y tranquilidad.\" \/>\n<meta property=\"og:url\" content=\"https:\/\/metrecubic.com\/es\/blog\/normativa-sobre-trasteros-y-alquiler\/\" \/>\n<meta property=\"og:site_name\" content=\"METRECUBIC\" \/>\n<meta property=\"article:published_time\" content=\"2024-12-04T10:47:00+00:00\" \/>\n<meta property=\"article:modified_time\" content=\"2025-10-28T12:42:19+00:00\" \/>\n<meta property=\"og:image\" content=\"https:\/\/metrecubic.com\/wp-content\/uploads\/copia-de-storage-mtro553.jpg\" \/>\n\t<meta property=\"og:image:width\" content=\"2525\" \/>\n\t<meta property=\"og:image:height\" content=\"1702\" \/>\n\t<meta property=\"og:image:type\" content=\"image\/jpeg\" \/>\n<meta name=\"author\" content=\"emfasi\" \/>\n<meta name=\"twitter:card\" content=\"summary_large_image\" \/>\n<meta name=\"twitter:label1\" content=\"Escrito por\" \/>\n\t<meta name=\"twitter:data1\" content=\"emfasi\" \/>\n\t<meta name=\"twitter:label2\" content=\"Tiempo de lectura\" \/>\n\t<meta name=\"twitter:data2\" content=\"5 minutos\" \/>\n<script type=\"application\/ld+json\" class=\"yoast-schema-graph\">{\"@context\":\"https:\\\/\\\/schema.org\",\"@graph\":[{\"@type\":\"Article\",\"@id\":\"https:\\\/\\\/metrecubic.com\\\/es\\\/blog\\\/normativa-sobre-trasteros-y-alquiler\\\/#article\",\"isPartOf\":{\"@id\":\"https:\\\/\\\/metrecubic.com\\\/es\\\/blog\\\/normativa-sobre-trasteros-y-alquiler\\\/\"},\"author\":{\"name\":\"emfasi\",\"@id\":\"https:\\\/\\\/metrecubic.com\\\/es\\\/#\\\/schema\\\/person\\\/a6ff476231cc7e78ec40fed152bcb241\"},\"headline\":\"Normativa sobre trasteros: lo que debes saber antes de alquilar uno\",\"datePublished\":\"2024-12-04T10:47:00+00:00\",\"dateModified\":\"2025-10-28T12:42:19+00:00\",\"mainEntityOfPage\":{\"@id\":\"https:\\\/\\\/metrecubic.com\\\/es\\\/blog\\\/normativa-sobre-trasteros-y-alquiler\\\/\"},\"wordCount\":922,\"publisher\":{\"@id\":\"https:\\\/\\\/metrecubic.com\\\/es\\\/#organization\"},\"image\":{\"@id\":\"https:\\\/\\\/metrecubic.com\\\/es\\\/blog\\\/normativa-sobre-trasteros-y-alquiler\\\/#primaryimage\"},\"thumbnailUrl\":\"https:\\\/\\\/metrecubic.com\\\/wp-content\\\/uploads\\\/copia-de-storage-mtro553.jpg\",\"articleSection\":[\"Trasteros\"],\"inLanguage\":\"es\"},{\"@type\":\"WebPage\",\"@id\":\"https:\\\/\\\/metrecubic.com\\\/es\\\/blog\\\/normativa-sobre-trasteros-y-alquiler\\\/\",\"url\":\"https:\\\/\\\/metrecubic.com\\\/es\\\/blog\\\/normativa-sobre-trasteros-y-alquiler\\\/\",\"name\":\"Normativa sobre trasteros: lo que debes saber antes de alquilar uno\",\"isPartOf\":{\"@id\":\"https:\\\/\\\/metrecubic.com\\\/es\\\/#website\"},\"primaryImageOfPage\":{\"@id\":\"https:\\\/\\\/metrecubic.com\\\/es\\\/blog\\\/normativa-sobre-trasteros-y-alquiler\\\/#primaryimage\"},\"image\":{\"@id\":\"https:\\\/\\\/metrecubic.com\\\/es\\\/blog\\\/normativa-sobre-trasteros-y-alquiler\\\/#primaryimage\"},\"thumbnailUrl\":\"https:\\\/\\\/metrecubic.com\\\/wp-content\\\/uploads\\\/copia-de-storage-mtro553.jpg\",\"datePublished\":\"2024-12-04T10:47:00+00:00\",\"dateModified\":\"2025-10-28T12:42:19+00:00\",\"description\":\"Conoce la normativa de trasteros y los requisitos legales para alquilar o utilizar un trastero con seguridad y tranquilidad.\",\"breadcrumb\":{\"@id\":\"https:\\\/\\\/metrecubic.com\\\/es\\\/blog\\\/normativa-sobre-trasteros-y-alquiler\\\/#breadcrumb\"},\"inLanguage\":\"es\",\"potentialAction\":[{\"@type\":\"ReadAction\",\"target\":[\"https:\\\/\\\/metrecubic.com\\\/es\\\/blog\\\/normativa-sobre-trasteros-y-alquiler\\\/\"]}]},{\"@type\":\"ImageObject\",\"inLanguage\":\"es\",\"@id\":\"https:\\\/\\\/metrecubic.com\\\/es\\\/blog\\\/normativa-sobre-trasteros-y-alquiler\\\/#primaryimage\",\"url\":\"https:\\\/\\\/metrecubic.com\\\/wp-content\\\/uploads\\\/copia-de-storage-mtro553.jpg\",\"contentUrl\":\"https:\\\/\\\/metrecubic.com\\\/wp-content\\\/uploads\\\/copia-de-storage-mtro553.jpg\",\"width\":2525,\"height\":1702},{\"@type\":\"BreadcrumbList\",\"@id\":\"https:\\\/\\\/metrecubic.com\\\/es\\\/blog\\\/normativa-sobre-trasteros-y-alquiler\\\/#breadcrumb\",\"itemListElement\":[{\"@type\":\"ListItem\",\"position\":1,\"name\":\"Portada\",\"item\":\"https:\\\/\\\/metrecubic.com\\\/es\\\/\"},{\"@type\":\"ListItem\",\"position\":2,\"name\":\"Normativa sobre trasteros: lo que debes saber antes de alquilar uno\"}]},{\"@type\":\"WebSite\",\"@id\":\"https:\\\/\\\/metrecubic.com\\\/es\\\/#website\",\"url\":\"https:\\\/\\\/metrecubic.com\\\/es\\\/\",\"name\":\"METRECUBIC\",\"description\":\"Mudanzas y trasteros Sabadell y Girona\",\"publisher\":{\"@id\":\"https:\\\/\\\/metrecubic.com\\\/es\\\/#organization\"},\"potentialAction\":[{\"@type\":\"SearchAction\",\"target\":{\"@type\":\"EntryPoint\",\"urlTemplate\":\"https:\\\/\\\/metrecubic.com\\\/es\\\/?s={search_term_string}\"},\"query-input\":{\"@type\":\"PropertyValueSpecification\",\"valueRequired\":true,\"valueName\":\"search_term_string\"}}],\"inLanguage\":\"es\"},{\"@type\":\"Organization\",\"@id\":\"https:\\\/\\\/metrecubic.com\\\/es\\\/#organization\",\"name\":\"METRECUBIC\",\"url\":\"https:\\\/\\\/metrecubic.com\\\/es\\\/\",\"logo\":{\"@type\":\"ImageObject\",\"inLanguage\":\"es\",\"@id\":\"https:\\\/\\\/metrecubic.com\\\/es\\\/#\\\/schema\\\/logo\\\/image\\\/\",\"url\":\"https:\\\/\\\/metrecubic.com\\\/wp-content\\\/uploads\\\/logo-metrecubic.png\",\"contentUrl\":\"https:\\\/\\\/metrecubic.com\\\/wp-content\\\/uploads\\\/logo-metrecubic.png\",\"width\":159,\"height\":159,\"caption\":\"METRECUBIC\"},\"image\":{\"@id\":\"https:\\\/\\\/metrecubic.com\\\/es\\\/#\\\/schema\\\/logo\\\/image\\\/\"}},{\"@type\":\"Person\",\"@id\":\"https:\\\/\\\/metrecubic.com\\\/es\\\/#\\\/schema\\\/person\\\/a6ff476231cc7e78ec40fed152bcb241\",\"name\":\"emfasi\",\"sameAs\":[\"https:\\\/\\\/metrecubic.com\"],\"url\":\"https:\\\/\\\/metrecubic.com\\\/es\\\/author\\\/emfasi\\\/\"}]}<\/script>\n<!-- \/ Yoast SEO plugin. -->","yoast_head_json":{"title":"Normativa sobre trasteros: lo que debes saber antes de alquilar uno","description":"Conoce la normativa de trasteros y los requisitos legales para alquilar o utilizar un trastero con seguridad y tranquilidad.","robots":{"index":"index","follow":"follow","max-snippet":"max-snippet:-1","max-image-preview":"max-image-preview:large","max-video-preview":"max-video-preview:-1"},"canonical":"https:\/\/metrecubic.com\/es\/blog\/normativa-sobre-trasteros-y-alquiler\/","og_locale":"es_ES","og_type":"article","og_title":"Normativa sobre trasteros: lo que debes saber antes de alquilar uno","og_description":"Conoce la normativa de trasteros y los requisitos legales para alquilar o utilizar un trastero con seguridad y tranquilidad.","og_url":"https:\/\/metrecubic.com\/es\/blog\/normativa-sobre-trasteros-y-alquiler\/","og_site_name":"METRECUBIC","article_published_time":"2024-12-04T10:47:00+00:00","article_modified_time":"2025-10-28T12:42:19+00:00","og_image":[{"width":2525,"height":1702,"url":"https:\/\/metrecubic.com\/wp-content\/uploads\/copia-de-storage-mtro553.jpg","type":"image\/jpeg"}],"author":"emfasi","twitter_card":"summary_large_image","twitter_misc":{"Escrito por":"emfasi","Tiempo de lectura":"5 minutos"},"schema":{"@context":"https:\/\/schema.org","@graph":[{"@type":"Article","@id":"https:\/\/metrecubic.com\/es\/blog\/normativa-sobre-trasteros-y-alquiler\/#article","isPartOf":{"@id":"https:\/\/metrecubic.com\/es\/blog\/normativa-sobre-trasteros-y-alquiler\/"},"author":{"name":"emfasi","@id":"https:\/\/metrecubic.com\/es\/#\/schema\/person\/a6ff476231cc7e78ec40fed152bcb241"},"headline":"Normativa sobre trasteros: lo que debes saber antes de alquilar uno","datePublished":"2024-12-04T10:47:00+00:00","dateModified":"2025-10-28T12:42:19+00:00","mainEntityOfPage":{"@id":"https:\/\/metrecubic.com\/es\/blog\/normativa-sobre-trasteros-y-alquiler\/"},"wordCount":922,"publisher":{"@id":"https:\/\/metrecubic.com\/es\/#organization"},"image":{"@id":"https:\/\/metrecubic.com\/es\/blog\/normativa-sobre-trasteros-y-alquiler\/#primaryimage"},"thumbnailUrl":"https:\/\/metrecubic.com\/wp-content\/uploads\/copia-de-storage-mtro553.jpg","articleSection":["Trasteros"],"inLanguage":"es"},{"@type":"WebPage","@id":"https:\/\/metrecubic.com\/es\/blog\/normativa-sobre-trasteros-y-alquiler\/","url":"https:\/\/metrecubic.com\/es\/blog\/normativa-sobre-trasteros-y-alquiler\/","name":"Normativa sobre trasteros: lo que debes saber antes de alquilar uno","isPartOf":{"@id":"https:\/\/metrecubic.com\/es\/#website"},"primaryImageOfPage":{"@id":"https:\/\/metrecubic.com\/es\/blog\/normativa-sobre-trasteros-y-alquiler\/#primaryimage"},"image":{"@id":"https:\/\/metrecubic.com\/es\/blog\/normativa-sobre-trasteros-y-alquiler\/#primaryimage"},"thumbnailUrl":"https:\/\/metrecubic.com\/wp-content\/uploads\/copia-de-storage-mtro553.jpg","datePublished":"2024-12-04T10:47:00+00:00","dateModified":"2025-10-28T12:42:19+00:00","description":"Conoce la normativa de trasteros y los requisitos legales para alquilar o utilizar un trastero con seguridad y tranquilidad.","breadcrumb":{"@id":"https:\/\/metrecubic.com\/es\/blog\/normativa-sobre-trasteros-y-alquiler\/#breadcrumb"},"inLanguage":"es","potentialAction":[{"@type":"ReadAction","target":["https:\/\/metrecubic.com\/es\/blog\/normativa-sobre-trasteros-y-alquiler\/"]}]},{"@type":"ImageObject","inLanguage":"es","@id":"https:\/\/metrecubic.com\/es\/blog\/normativa-sobre-trasteros-y-alquiler\/#primaryimage","url":"https:\/\/metrecubic.com\/wp-content\/uploads\/copia-de-storage-mtro553.jpg","contentUrl":"https:\/\/metrecubic.com\/wp-content\/uploads\/copia-de-storage-mtro553.jpg","width":2525,"height":1702},{"@type":"BreadcrumbList","@id":"https:\/\/metrecubic.com\/es\/blog\/normativa-sobre-trasteros-y-alquiler\/#breadcrumb","itemListElement":[{"@type":"ListItem","position":1,"name":"Portada","item":"https:\/\/metrecubic.com\/es\/"},{"@type":"ListItem","position":2,"name":"Normativa sobre trasteros: lo que debes saber antes de alquilar uno"}]},{"@type":"WebSite","@id":"https:\/\/metrecubic.com\/es\/#website","url":"https:\/\/metrecubic.com\/es\/","name":"METRECUBIC","description":"Mudanzas y trasteros Sabadell y Girona","publisher":{"@id":"https:\/\/metrecubic.com\/es\/#organization"},"potentialAction":[{"@type":"SearchAction","target":{"@type":"EntryPoint","urlTemplate":"https:\/\/metrecubic.com\/es\/?s={search_term_string}"},"query-input":{"@type":"PropertyValueSpecification","valueRequired":true,"valueName":"search_term_string"}}],"inLanguage":"es"},{"@type":"Organization","@id":"https:\/\/metrecubic.com\/es\/#organization","name":"METRECUBIC","url":"https:\/\/metrecubic.com\/es\/","logo":{"@type":"ImageObject","inLanguage":"es","@id":"https:\/\/metrecubic.com\/es\/#\/schema\/logo\/image\/","url":"https:\/\/metrecubic.com\/wp-content\/uploads\/logo-metrecubic.png","contentUrl":"https:\/\/metrecubic.com\/wp-content\/uploads\/logo-metrecubic.png","width":159,"height":159,"caption":"METRECUBIC"},"image":{"@id":"https:\/\/metrecubic.com\/es\/#\/schema\/logo\/image\/"}},{"@type":"Person","@id":"https:\/\/metrecubic.com\/es\/#\/schema\/person\/a6ff476231cc7e78ec40fed152bcb241","name":"emfasi","sameAs":["https:\/\/metrecubic.com"],"url":"https:\/\/metrecubic.com\/es\/author\/emfasi\/"}]}},"_links":{"self":[{"href":"https:\/\/metrecubic.com\/es\/wp-json\/wp\/v2\/posts\/4961","targetHints":{"allow":["GET"]}}],"collection":[{"href":"https:\/\/metrecubic.com\/es\/wp-json\/wp\/v2\/posts"}],"about":[{"href":"https:\/\/metrecubic.com\/es\/wp-json\/wp\/v2\/types\/post"}],"author":[{"embeddable":true,"href":"https:\/\/metrecubic.com\/es\/wp-json\/wp\/v2\/users\/1"}],"replies":[{"embeddable":true,"href":"https:\/\/metrecubic.com\/es\/wp-json\/wp\/v2\/comments?post=4961"}],"version-history":[{"count":2,"href":"https:\/\/metrecubic.com\/es\/wp-json\/wp\/v2\/posts\/4961\/revisions"}],"predecessor-version":[{"id":9142,"href":"https:\/\/metrecubic.com\/es\/wp-json\/wp\/v2\/posts\/4961\/revisions\/9142"}],"wp:featuredmedia":[{"embeddable":true,"href":"https:\/\/metrecubic.com\/es\/wp-json\/wp\/v2\/media\/4962"}],"wp:attachment":[{"href":"https:\/\/metrecubic.com\/es\/wp-json\/wp\/v2\/media?parent=4961"}],"wp:term":[{"taxonomy":"category","embeddable":true,"href":"https:\/\/metrecubic.com\/es\/wp-json\/wp\/v2\/categories?post=4961"},{"taxonomy":"post_tag","embeddable":true,"href":"https:\/\/metrecubic.com\/es\/wp-json\/wp\/v2\/tags?post=4961"}],"curies":[{"name":"wp","href":"https:\/\/api.w.org\/{rel}","templated":true}]}}