{"id":1403,"date":"2017-09-27T10:07:00","date_gmt":"2017-09-27T10:07:00","guid":{"rendered":"https:\/\/metrecubic.com\/?p=1403"},"modified":"2025-01-13T11:59:56","modified_gmt":"2025-01-13T11:59:56","slug":"como-embalar-colchones-y-sofas","status":"publish","type":"post","link":"https:\/\/metrecubic.com\/es\/blog\/como-embalar-colchones-y-sofas\/","title":{"rendered":"C\u00f3mo embalar colchones y sof\u00e1s."},"content":{"rendered":"\n<p>Los colchones y sof\u00e1s los embalamos con fundas especiales de pl\u00e1stico especialmente dise\u00f1adas para ello, que tienen la forma ya del sof\u00e1 o el colch\u00f3n para que se adapte y no haya m\u00e1s que ajustarlo bien con precinto para que no se deteriore ni en el transporte ni en el traslado hasta el cami\u00f3n. Estas fundas se suelen reutilizar y son lo suficientemente fuertes para que en caso de tener que arrastrarse o apoyarse en el suelo no sufra el sof\u00e1. Si los cojines del sof\u00e1 son muy voluminosos conviene embalarlos aparte para facilitarnos el paso por las puertas que generalmente se har\u00e1 en vertical. Estas fundas las pod\u00e9is encontrar en nuestra p\u00e1gina web <a href=\"https:\/\/metrecubic.com\">www.metrecubic.com<\/a> en el apartado de <a href=\"https:\/\/metrecubic.com\/categoria-producto\/fundas\/\">Tienda<\/a>.<\/p>\n","protected":false},"excerpt":{"rendered":"<p>Los colchones y sof\u00e1s los embalamos con fundas especiales de pl\u00e1stico especialmente dise\u00f1adas para ello, que tienen la forma ya del sof\u00e1 o el colch\u00f3n para que se adapte y &hellip;<\/p>\n","protected":false},"author":1,"featured_media":0,"comment_status":"closed","ping_status":"closed","sticky":false,"template":"","format":"standard","meta":{"_acf_changed":false,"footnotes":""},"categories":[25],"tags":[],"class_list":["post-1403","post","type-post","status-publish","format-standard","hentry","category-mudanzas"],"acf":[],"yoast_head":"<!-- This site is optimized with the Yoast SEO plugin v27.4 - https:\/\/yoast.com\/product\/yoast-seo-wordpress\/ -->\n<title>C\u00f3mo embalar colchones y sof\u00e1s. - METRECUBIC<\/title>\n<meta name=\"description\" content=\"Los colchones y sof\u00e1s los embalamos con fundas especiales de pl\u00e1stico especialmente dise\u00f1adas para ello, que tienen la forma ya del sof\u00e1 o el colch\u00f3n para\" \/>\n<meta name=\"robots\" content=\"index, follow, max-snippet:-1, max-image-preview:large, max-video-preview:-1\" \/>\n<link rel=\"canonical\" href=\"https:\/\/metrecubic.com\/es\/blog\/como-embalar-colchones-y-sofas\/\" \/>\n<meta property=\"og:locale\" content=\"es_ES\" \/>\n<meta property=\"og:type\" content=\"article\" \/>\n<meta property=\"og:title\" content=\"C\u00f3mo embalar colchones y sof\u00e1s. - METRECUBIC\" \/>\n<meta property=\"og:description\" content=\"Los colchones y sof\u00e1s los embalamos con fundas especiales de pl\u00e1stico especialmente dise\u00f1adas para ello, que tienen la forma ya del sof\u00e1 o el colch\u00f3n para\" \/>\n<meta property=\"og:url\" content=\"https:\/\/metrecubic.com\/es\/blog\/como-embalar-colchones-y-sofas\/\" \/>\n<meta property=\"og:site_name\" content=\"METRECUBIC\" \/>\n<meta property=\"article:published_time\" content=\"2017-09-27T10:07:00+00:00\" \/>\n<meta property=\"article:modified_time\" content=\"2025-01-13T11:59:56+00:00\" \/>\n<meta name=\"author\" content=\"emfasi\" \/>\n<meta name=\"twitter:card\" content=\"summary_large_image\" \/>\n<meta name=\"twitter:label1\" content=\"Escrito por\" \/>\n\t<meta name=\"twitter:data1\" content=\"emfasi\" \/>\n\t<meta name=\"twitter:label2\" content=\"Tiempo de lectura\" \/>\n\t<meta name=\"twitter:data2\" content=\"1 minuto\" \/>\n<script type=\"application\/ld+json\" class=\"yoast-schema-graph\">{\"@context\":\"https:\\\/\\\/schema.org\",\"@graph\":[{\"@type\":\"Article\",\"@id\":\"https:\\\/\\\/metrecubic.com\\\/es\\\/blog\\\/como-embalar-colchones-y-sofas\\\/#article\",\"isPartOf\":{\"@id\":\"https:\\\/\\\/metrecubic.com\\\/es\\\/blog\\\/como-embalar-colchones-y-sofas\\\/\"},\"author\":{\"name\":\"emfasi\",\"@id\":\"https:\\\/\\\/metrecubic.com\\\/es\\\/#\\\/schema\\\/person\\\/a6ff476231cc7e78ec40fed152bcb241\"},\"headline\":\"C\u00f3mo embalar colchones y sof\u00e1s.\",\"datePublished\":\"2017-09-27T10:07:00+00:00\",\"dateModified\":\"2025-01-13T11:59:56+00:00\",\"mainEntityOfPage\":{\"@id\":\"https:\\\/\\\/metrecubic.com\\\/es\\\/blog\\\/como-embalar-colchones-y-sofas\\\/\"},\"wordCount\":137,\"publisher\":{\"@id\":\"https:\\\/\\\/metrecubic.com\\\/es\\\/#organization\"},\"articleSection\":[\"Mudanzas\"],\"inLanguage\":\"es\"},{\"@type\":\"WebPage\",\"@id\":\"https:\\\/\\\/metrecubic.com\\\/es\\\/blog\\\/como-embalar-colchones-y-sofas\\\/\",\"url\":\"https:\\\/\\\/metrecubic.com\\\/es\\\/blog\\\/como-embalar-colchones-y-sofas\\\/\",\"name\":\"C\u00f3mo embalar colchones y sof\u00e1s. - METRECUBIC\",\"isPartOf\":{\"@id\":\"https:\\\/\\\/metrecubic.com\\\/es\\\/#website\"},\"datePublished\":\"2017-09-27T10:07:00+00:00\",\"dateModified\":\"2025-01-13T11:59:56+00:00\",\"description\":\"Los colchones y sof\u00e1s los embalamos con fundas especiales de pl\u00e1stico especialmente dise\u00f1adas para ello, que tienen la forma ya del sof\u00e1 o el colch\u00f3n para\",\"breadcrumb\":{\"@id\":\"https:\\\/\\\/metrecubic.com\\\/es\\\/blog\\\/como-embalar-colchones-y-sofas\\\/#breadcrumb\"},\"inLanguage\":\"es\",\"potentialAction\":[{\"@type\":\"ReadAction\",\"target\":[\"https:\\\/\\\/metrecubic.com\\\/es\\\/blog\\\/como-embalar-colchones-y-sofas\\\/\"]}]},{\"@type\":\"BreadcrumbList\",\"@id\":\"https:\\\/\\\/metrecubic.com\\\/es\\\/blog\\\/como-embalar-colchones-y-sofas\\\/#breadcrumb\",\"itemListElement\":[{\"@type\":\"ListItem\",\"position\":1,\"name\":\"Portada\",\"item\":\"https:\\\/\\\/metrecubic.com\\\/es\\\/\"},{\"@type\":\"ListItem\",\"position\":2,\"name\":\"C\u00f3mo embalar colchones y sof\u00e1s.\"}]},{\"@type\":\"WebSite\",\"@id\":\"https:\\\/\\\/metrecubic.com\\\/es\\\/#website\",\"url\":\"https:\\\/\\\/metrecubic.com\\\/es\\\/\",\"name\":\"METRECUBIC\",\"description\":\"Mudanzas y trasteros Sabadell y Girona\",\"publisher\":{\"@id\":\"https:\\\/\\\/metrecubic.com\\\/es\\\/#organization\"},\"potentialAction\":[{\"@type\":\"SearchAction\",\"target\":{\"@type\":\"EntryPoint\",\"urlTemplate\":\"https:\\\/\\\/metrecubic.com\\\/es\\\/?s={search_term_string}\"},\"query-input\":{\"@type\":\"PropertyValueSpecification\",\"valueRequired\":true,\"valueName\":\"search_term_string\"}}],\"inLanguage\":\"es\"},{\"@type\":\"Organization\",\"@id\":\"https:\\\/\\\/metrecubic.com\\\/es\\\/#organization\",\"name\":\"METRECUBIC\",\"url\":\"https:\\\/\\\/metrecubic.com\\\/es\\\/\",\"logo\":{\"@type\":\"ImageObject\",\"inLanguage\":\"es\",\"@id\":\"https:\\\/\\\/metrecubic.com\\\/es\\\/#\\\/schema\\\/logo\\\/image\\\/\",\"url\":\"https:\\\/\\\/metrecubic.com\\\/wp-content\\\/uploads\\\/logo-metrecubic.png\",\"contentUrl\":\"https:\\\/\\\/metrecubic.com\\\/wp-content\\\/uploads\\\/logo-metrecubic.png\",\"width\":159,\"height\":159,\"caption\":\"METRECUBIC\"},\"image\":{\"@id\":\"https:\\\/\\\/metrecubic.com\\\/es\\\/#\\\/schema\\\/logo\\\/image\\\/\"}},{\"@type\":\"Person\",\"@id\":\"https:\\\/\\\/metrecubic.com\\\/es\\\/#\\\/schema\\\/person\\\/a6ff476231cc7e78ec40fed152bcb241\",\"name\":\"emfasi\",\"sameAs\":[\"https:\\\/\\\/metrecubic.com\"],\"url\":\"https:\\\/\\\/metrecubic.com\\\/es\\\/author\\\/emfasi\\\/\"}]}<\/script>\n<!-- \/ Yoast SEO plugin. -->","yoast_head_json":{"title":"C\u00f3mo embalar colchones y sof\u00e1s. - METRECUBIC","description":"Los colchones y sof\u00e1s los embalamos con fundas especiales de pl\u00e1stico especialmente dise\u00f1adas para ello, que tienen la forma ya del sof\u00e1 o el colch\u00f3n para","robots":{"index":"index","follow":"follow","max-snippet":"max-snippet:-1","max-image-preview":"max-image-preview:large","max-video-preview":"max-video-preview:-1"},"canonical":"https:\/\/metrecubic.com\/es\/blog\/como-embalar-colchones-y-sofas\/","og_locale":"es_ES","og_type":"article","og_title":"C\u00f3mo embalar colchones y sof\u00e1s. - METRECUBIC","og_description":"Los colchones y sof\u00e1s los embalamos con fundas especiales de pl\u00e1stico especialmente dise\u00f1adas para ello, que tienen la forma ya del sof\u00e1 o el colch\u00f3n para","og_url":"https:\/\/metrecubic.com\/es\/blog\/como-embalar-colchones-y-sofas\/","og_site_name":"METRECUBIC","article_published_time":"2017-09-27T10:07:00+00:00","article_modified_time":"2025-01-13T11:59:56+00:00","author":"emfasi","twitter_card":"summary_large_image","twitter_misc":{"Escrito por":"emfasi","Tiempo de lectura":"1 minuto"},"schema":{"@context":"https:\/\/schema.org","@graph":[{"@type":"Article","@id":"https:\/\/metrecubic.com\/es\/blog\/como-embalar-colchones-y-sofas\/#article","isPartOf":{"@id":"https:\/\/metrecubic.com\/es\/blog\/como-embalar-colchones-y-sofas\/"},"author":{"name":"emfasi","@id":"https:\/\/metrecubic.com\/es\/#\/schema\/person\/a6ff476231cc7e78ec40fed152bcb241"},"headline":"C\u00f3mo embalar colchones y sof\u00e1s.","datePublished":"2017-09-27T10:07:00+00:00","dateModified":"2025-01-13T11:59:56+00:00","mainEntityOfPage":{"@id":"https:\/\/metrecubic.com\/es\/blog\/como-embalar-colchones-y-sofas\/"},"wordCount":137,"publisher":{"@id":"https:\/\/metrecubic.com\/es\/#organization"},"articleSection":["Mudanzas"],"inLanguage":"es"},{"@type":"WebPage","@id":"https:\/\/metrecubic.com\/es\/blog\/como-embalar-colchones-y-sofas\/","url":"https:\/\/metrecubic.com\/es\/blog\/como-embalar-colchones-y-sofas\/","name":"C\u00f3mo embalar colchones y sof\u00e1s. - METRECUBIC","isPartOf":{"@id":"https:\/\/metrecubic.com\/es\/#website"},"datePublished":"2017-09-27T10:07:00+00:00","dateModified":"2025-01-13T11:59:56+00:00","description":"Los colchones y sof\u00e1s los embalamos con fundas especiales de pl\u00e1stico especialmente dise\u00f1adas para ello, que tienen la forma ya del sof\u00e1 o el colch\u00f3n para","breadcrumb":{"@id":"https:\/\/metrecubic.com\/es\/blog\/como-embalar-colchones-y-sofas\/#breadcrumb"},"inLanguage":"es","potentialAction":[{"@type":"ReadAction","target":["https:\/\/metrecubic.com\/es\/blog\/como-embalar-colchones-y-sofas\/"]}]},{"@type":"BreadcrumbList","@id":"https:\/\/metrecubic.com\/es\/blog\/como-embalar-colchones-y-sofas\/#breadcrumb","itemListElement":[{"@type":"ListItem","position":1,"name":"Portada","item":"https:\/\/metrecubic.com\/es\/"},{"@type":"ListItem","position":2,"name":"C\u00f3mo embalar colchones y sof\u00e1s."}]},{"@type":"WebSite","@id":"https:\/\/metrecubic.com\/es\/#website","url":"https:\/\/metrecubic.com\/es\/","name":"METRECUBIC","description":"Mudanzas y trasteros Sabadell y Girona","publisher":{"@id":"https:\/\/metrecubic.com\/es\/#organization"},"potentialAction":[{"@type":"SearchAction","target":{"@type":"EntryPoint","urlTemplate":"https:\/\/metrecubic.com\/es\/?s={search_term_string}"},"query-input":{"@type":"PropertyValueSpecification","valueRequired":true,"valueName":"search_term_string"}}],"inLanguage":"es"},{"@type":"Organization","@id":"https:\/\/metrecubic.com\/es\/#organization","name":"METRECUBIC","url":"https:\/\/metrecubic.com\/es\/","logo":{"@type":"ImageObject","inLanguage":"es","@id":"https:\/\/metrecubic.com\/es\/#\/schema\/logo\/image\/","url":"https:\/\/metrecubic.com\/wp-content\/uploads\/logo-metrecubic.png","contentUrl":"https:\/\/metrecubic.com\/wp-content\/uploads\/logo-metrecubic.png","width":159,"height":159,"caption":"METRECUBIC"},"image":{"@id":"https:\/\/metrecubic.com\/es\/#\/schema\/logo\/image\/"}},{"@type":"Person","@id":"https:\/\/metrecubic.com\/es\/#\/schema\/person\/a6ff476231cc7e78ec40fed152bcb241","name":"emfasi","sameAs":["https:\/\/metrecubic.com"],"url":"https:\/\/metrecubic.com\/es\/author\/emfasi\/"}]}},"_links":{"self":[{"href":"https:\/\/metrecubic.com\/es\/wp-json\/wp\/v2\/posts\/1403","targetHints":{"allow":["GET"]}}],"collection":[{"href":"https:\/\/metrecubic.com\/es\/wp-json\/wp\/v2\/posts"}],"about":[{"href":"https:\/\/metrecubic.com\/es\/wp-json\/wp\/v2\/types\/post"}],"author":[{"embeddable":true,"href":"https:\/\/metrecubic.com\/es\/wp-json\/wp\/v2\/users\/1"}],"replies":[{"embeddable":true,"href":"https:\/\/metrecubic.com\/es\/wp-json\/wp\/v2\/comments?post=1403"}],"version-history":[{"count":0,"href":"https:\/\/metrecubic.com\/es\/wp-json\/wp\/v2\/posts\/1403\/revisions"}],"wp:attachment":[{"href":"https:\/\/metrecubic.com\/es\/wp-json\/wp\/v2\/media?parent=1403"}],"wp:term":[{"taxonomy":"category","embeddable":true,"href":"https:\/\/metrecubic.com\/es\/wp-json\/wp\/v2\/categories?post=1403"},{"taxonomy":"post_tag","embeddable":true,"href":"https:\/\/metrecubic.com\/es\/wp-json\/wp\/v2\/tags?post=1403"}],"curies":[{"name":"wp","href":"https:\/\/api.w.org\/{rel}","templated":true}]}}