{"id":1273,"date":"2024-04-18T08:37:00","date_gmt":"2024-04-18T08:37:00","guid":{"rendered":"https:\/\/metrecubic.com\/?p=1273"},"modified":"2025-10-28T12:14:47","modified_gmt":"2025-10-28T12:14:47","slug":"como-elegir-el-tamano-ideal-de-trastero","status":"publish","type":"post","link":"https:\/\/metrecubic.com\/es\/blog\/como-elegir-el-tamano-ideal-de-trastero\/","title":{"rendered":"C\u00f3mo elegir el tama\u00f1o ideal de trastero"},"content":{"rendered":"\n<p>Los <a href=\"https:\/\/metrecubic.com\/es\/alquiler-de-trasteros\/\">trasteros y guardamuebles<\/a> son una soluci\u00f3n pr\u00e1ctica tanto para particulares como para empresas. Ya sea por un cambio de hogar, la necesidad de liberar espacio en casa o el almacenamiento de stock en un negocio, elegir el tama\u00f1o de trastero correcto es fundamental.<\/p>\n\n\n\n<p>En esta gu\u00eda de Metrecubic te explicamos c\u00f3mo calcular el tama\u00f1o ideal de trastero, qu\u00e9 factores debes tener en cuenta y cu\u00e1l es el tama\u00f1o medio de un trastero m\u00e1s demandado por los clientes.<\/p>\n\n\n\n<ol class=\"wp-block-list\">\n<li><strong>Realiza un inventario antes de calcular el <\/strong><strong>tama\u00f1o del trastero<\/strong><\/li>\n<\/ol>\n\n\n\n<p>El primer paso para elegir el tama\u00f1o ideal de trastero es realizar un inventario de tus pertenencias. Mide cajas, muebles, bicicletas, electrodom\u00e9sticos o equipos deportivos y clasif\u00edcalos por categor\u00edas. As\u00ed tendr\u00e1s una visi\u00f3n clara del espacio que realmente necesitas.<\/p>\n\n\n\n<ol start=\"2\" class=\"wp-block-list\">\n<li><strong>Calcula el <\/strong><strong>tama\u00f1o de trastero que necesitas<\/strong><\/li>\n<\/ol>\n\n\n\n<p>Una vez hayas hecho el inventario de tus pertenencias, es momento de calcular el tama\u00f1o de trastero que mejor se adapta a ti. En Metrecubic disponemos de varias opciones para que encuentres el tama\u00f1o ideal de trastero seg\u00fan tus necesidades:<\/p>\n\n\n\n<ul class=\"wp-block-list\">\n<li><strong>1-2 m\u00b2<\/strong>. Perfecto para guardar una bicicleta, unas 10-15 cajas, un escritorio peque\u00f1o o algunos electrodom\u00e9sticos compactos.<\/li>\n\n\n\n<li><strong>2-4 m\u00b2<\/strong>. Un trastero ideal para almacenar una cama individual con colch\u00f3n, un sof\u00e1, electrodom\u00e9sticos como lavadora o nevera y hasta 20 cajas.<\/li>\n\n\n\n<li><strong>4-6 m\u00b2<\/strong>. Este es el tama\u00f1o medio de un trastero que eligen muchos particulares. Permite almacenar el contenido de un piso de unos 50 m\u00b2 con una habitaci\u00f3n.<\/li>\n\n\n\n<li><strong>6-8 m\u00b2<\/strong>. Adecuado para guardar el mobiliario y enseres de un piso de 70 m\u00b2 con 2-3 habitaciones.<\/li>\n\n\n\n<li><strong>8-12 m\u00b2<\/strong>. El tama\u00f1o ideal de trastero para familias o negocios que necesiten mucho espacio. Caben muebles grandes, electrodom\u00e9sticos y decenas de cajas.<\/li>\n\n\n\n<li><strong>+12 m\u00b2<\/strong>. Dise\u00f1ado para viviendas de m\u00e1s de 150 m\u00b2 o para empresas que necesitan almacenar palets, material de gran volumen o stock de forma organizada.<\/li>\n<\/ul>\n\n\n\n<p>En general, el tama\u00f1o medio de un trastero suele estar entre los 4 y los 8 m\u00b2, aunque siempre depender\u00e1 de tus necesidades espec\u00edficas.<\/p>\n\n\n\n<ol start=\"3\" class=\"wp-block-list\">\n<li><strong>Piensa a medio y largo plazo<\/strong><\/li>\n<\/ol>\n\n\n\n<p>A menudo los clientes buscan un trastero pensando solo en sus necesidades actuales. Sin embargo, lo ideal es elegir el tama\u00f1o de trastero con una perspectiva a medio plazo. En Metrecubic ofrecemos la posibilidad de cambiar de trastero siempre que necesites m\u00e1s o menos espacio, para que pagues \u00fanicamente por lo que realmente uses.<\/p>\n\n\n\n<ol start=\"4\" class=\"wp-block-list\">\n<li><strong>Ases\u00f3rate con un profesional<\/strong><\/li>\n<\/ol>\n\n\n\n<p>\u00bfA\u00fan tienes dudas sobre qu\u00e9 tama\u00f1o de trastero es el adecuado para ti? En Metrecubic te ofrecemos orientaci\u00f3n personalizada seg\u00fan tus necesidades espec\u00edficas y te ayudaremos a encontrar la mejor soluci\u00f3n y la m\u00e1s adecuada para ti.<\/p>\n\n\n\n<h2 class=\"wp-block-heading\"><strong>Y adem\u00e1s\u2026<\/strong><\/h2>\n\n\n\n<p>Cuando quieras almacenar es interesante que tengas en cuenta la importancia de:<\/p>\n\n\n\n<ul class=\"wp-block-list\">\n<li><strong>Aprovechar el espacio vertical<\/strong>. Organiza tu trastero mediante estanter\u00edas, organizadores y sistemas de almacenamiento, no solo para mantener tus pertenencias organizadas sino que tambi\u00e9n para que puedas sacar el m\u00e1ximo partido del espacio del trastero.<\/li>\n\n\n\n<li><strong>Etiquetar correctamente tus cajas<\/strong>. Ver\u00e1s como encontrar\u00e1s de una manera r\u00e1pida todo lo que necesitas.<\/li>\n\n\n\n<li><strong>Protege tus pertenencias<\/strong>. En trasteros y guardamuebles puedes utilizar mantas o cajas de cart\u00f3n para proteger tus pertenencias del polvo.<\/li>\n<\/ul>\n\n\n\n<h2 class=\"wp-block-heading\"><strong>El <\/strong><strong>tama\u00f1o de trastero<\/strong><strong> perfecto para ti est\u00e1 en Metrecubic<\/strong><\/h2>\n\n\n\n<p>Aunque elegir el tama\u00f1o ideal de trastero puede parecer complicado, con la informaci\u00f3n adecuada es sencillo encontrar la mejor soluci\u00f3n. En Metrecubic disponemos de diferentes tama\u00f1os de trastero, desde espacios peque\u00f1os hasta opciones de gran capacidad, tanto para particulares como para empresas.<\/p>\n\n\n\n<p>Adem\u00e1s, ofrecemos servicios adicionales como zona de carga y descarga, parking privado, carros y transpaletas, recepci\u00f3n de mercanc\u00eda para empresas y destrucci\u00f3n de documentaci\u00f3n. Si buscas un <a href=\"https:\/\/metrecubic.com\/es\/alquiler-de-trasteros-en-sabadell\/\">trastero en Sabadell<\/a> o <a href=\"https:\/\/metrecubic.com\/es\/alquiler-de-trasteros-en-girona\/\">Girona<\/a>, contacta con nosotros y encuentra el tama\u00f1o de trastero que mejor se adapta a tus necesidades.<\/p>\n","protected":false},"excerpt":{"rendered":"<p>Los trasteros y guardamuebles son una soluci\u00f3n pr\u00e1ctica tanto para particulares como para empresas. Ya sea por un cambio de hogar, la necesidad de liberar espacio en casa o el &hellip;<\/p>\n","protected":false},"author":1,"featured_media":1274,"comment_status":"closed","ping_status":"closed","sticky":false,"template":"","format":"standard","meta":{"_acf_changed":false,"footnotes":""},"categories":[203],"tags":[],"class_list":["post-1273","post","type-post","status-publish","format-standard","has-post-thumbnail","hentry","category-trasteros"],"acf":[],"yoast_head":"<!-- This site is optimized with the Yoast SEO plugin v27.4 - https:\/\/yoast.com\/product\/yoast-seo-wordpress\/ -->\n<title>C\u00f3mo elegir el tama\u00f1o ideal de trastero<\/title>\n<meta name=\"description\" content=\"Descubre el tama\u00f1o ideal de trastero. En Metrecubic tienes opciones desde 1-2 m\u00b2 hasta +12 m\u00b2. Elige el tama\u00f1o que mejor se adapta a ti.\" \/>\n<meta name=\"robots\" content=\"index, follow, max-snippet:-1, max-image-preview:large, max-video-preview:-1\" \/>\n<link rel=\"canonical\" href=\"https:\/\/metrecubic.com\/es\/blog\/como-elegir-el-tamano-ideal-de-trastero\/\" \/>\n<meta property=\"og:locale\" content=\"es_ES\" \/>\n<meta property=\"og:type\" content=\"article\" \/>\n<meta property=\"og:title\" content=\"C\u00f3mo elegir el tama\u00f1o ideal de trastero\" \/>\n<meta property=\"og:description\" content=\"Descubre el tama\u00f1o ideal de trastero. En Metrecubic tienes opciones desde 1-2 m\u00b2 hasta +12 m\u00b2. Elige el tama\u00f1o que mejor se adapta a ti.\" \/>\n<meta property=\"og:url\" content=\"https:\/\/metrecubic.com\/es\/blog\/como-elegir-el-tamano-ideal-de-trastero\/\" \/>\n<meta property=\"og:site_name\" content=\"METRECUBIC\" \/>\n<meta property=\"article:published_time\" content=\"2024-04-18T08:37:00+00:00\" \/>\n<meta property=\"article:modified_time\" content=\"2025-10-28T12:14:47+00:00\" \/>\n<meta property=\"og:image\" content=\"https:\/\/metrecubic.com\/wp-content\/uploads\/STORAGE_metre722.jpg\" \/>\n\t<meta property=\"og:image:width\" content=\"640\" \/>\n\t<meta property=\"og:image:height\" content=\"428\" \/>\n\t<meta property=\"og:image:type\" content=\"image\/jpeg\" \/>\n<meta name=\"author\" content=\"emfasi\" \/>\n<meta name=\"twitter:card\" content=\"summary_large_image\" \/>\n<meta name=\"twitter:label1\" content=\"Escrito por\" \/>\n\t<meta name=\"twitter:data1\" content=\"emfasi\" \/>\n\t<meta name=\"twitter:label2\" content=\"Tiempo de lectura\" \/>\n\t<meta name=\"twitter:data2\" content=\"4 minutos\" \/>\n<script type=\"application\/ld+json\" class=\"yoast-schema-graph\">{\"@context\":\"https:\\\/\\\/schema.org\",\"@graph\":[{\"@type\":\"Article\",\"@id\":\"https:\\\/\\\/metrecubic.com\\\/es\\\/blog\\\/como-elegir-el-tamano-ideal-de-trastero\\\/#article\",\"isPartOf\":{\"@id\":\"https:\\\/\\\/metrecubic.com\\\/es\\\/blog\\\/como-elegir-el-tamano-ideal-de-trastero\\\/\"},\"author\":{\"name\":\"emfasi\",\"@id\":\"https:\\\/\\\/metrecubic.com\\\/es\\\/#\\\/schema\\\/person\\\/a6ff476231cc7e78ec40fed152bcb241\"},\"headline\":\"C\u00f3mo elegir el tama\u00f1o ideal de trastero\",\"datePublished\":\"2024-04-18T08:37:00+00:00\",\"dateModified\":\"2025-10-28T12:14:47+00:00\",\"mainEntityOfPage\":{\"@id\":\"https:\\\/\\\/metrecubic.com\\\/es\\\/blog\\\/como-elegir-el-tamano-ideal-de-trastero\\\/\"},\"wordCount\":682,\"publisher\":{\"@id\":\"https:\\\/\\\/metrecubic.com\\\/es\\\/#organization\"},\"image\":{\"@id\":\"https:\\\/\\\/metrecubic.com\\\/es\\\/blog\\\/como-elegir-el-tamano-ideal-de-trastero\\\/#primaryimage\"},\"thumbnailUrl\":\"https:\\\/\\\/metrecubic.com\\\/wp-content\\\/uploads\\\/STORAGE_metre722.jpg\",\"articleSection\":[\"Trasteros\"],\"inLanguage\":\"es\"},{\"@type\":\"WebPage\",\"@id\":\"https:\\\/\\\/metrecubic.com\\\/es\\\/blog\\\/como-elegir-el-tamano-ideal-de-trastero\\\/\",\"url\":\"https:\\\/\\\/metrecubic.com\\\/es\\\/blog\\\/como-elegir-el-tamano-ideal-de-trastero\\\/\",\"name\":\"C\u00f3mo elegir el tama\u00f1o ideal de trastero\",\"isPartOf\":{\"@id\":\"https:\\\/\\\/metrecubic.com\\\/es\\\/#website\"},\"primaryImageOfPage\":{\"@id\":\"https:\\\/\\\/metrecubic.com\\\/es\\\/blog\\\/como-elegir-el-tamano-ideal-de-trastero\\\/#primaryimage\"},\"image\":{\"@id\":\"https:\\\/\\\/metrecubic.com\\\/es\\\/blog\\\/como-elegir-el-tamano-ideal-de-trastero\\\/#primaryimage\"},\"thumbnailUrl\":\"https:\\\/\\\/metrecubic.com\\\/wp-content\\\/uploads\\\/STORAGE_metre722.jpg\",\"datePublished\":\"2024-04-18T08:37:00+00:00\",\"dateModified\":\"2025-10-28T12:14:47+00:00\",\"description\":\"Descubre el tama\u00f1o ideal de trastero. En Metrecubic tienes opciones desde 1-2 m\u00b2 hasta +12 m\u00b2. Elige el tama\u00f1o que mejor se adapta a ti.\",\"breadcrumb\":{\"@id\":\"https:\\\/\\\/metrecubic.com\\\/es\\\/blog\\\/como-elegir-el-tamano-ideal-de-trastero\\\/#breadcrumb\"},\"inLanguage\":\"es\",\"potentialAction\":[{\"@type\":\"ReadAction\",\"target\":[\"https:\\\/\\\/metrecubic.com\\\/es\\\/blog\\\/como-elegir-el-tamano-ideal-de-trastero\\\/\"]}]},{\"@type\":\"ImageObject\",\"inLanguage\":\"es\",\"@id\":\"https:\\\/\\\/metrecubic.com\\\/es\\\/blog\\\/como-elegir-el-tamano-ideal-de-trastero\\\/#primaryimage\",\"url\":\"https:\\\/\\\/metrecubic.com\\\/wp-content\\\/uploads\\\/STORAGE_metre722.jpg\",\"contentUrl\":\"https:\\\/\\\/metrecubic.com\\\/wp-content\\\/uploads\\\/STORAGE_metre722.jpg\",\"width\":2531,\"height\":1693},{\"@type\":\"BreadcrumbList\",\"@id\":\"https:\\\/\\\/metrecubic.com\\\/es\\\/blog\\\/como-elegir-el-tamano-ideal-de-trastero\\\/#breadcrumb\",\"itemListElement\":[{\"@type\":\"ListItem\",\"position\":1,\"name\":\"Portada\",\"item\":\"https:\\\/\\\/metrecubic.com\\\/es\\\/\"},{\"@type\":\"ListItem\",\"position\":2,\"name\":\"C\u00f3mo elegir el tama\u00f1o ideal de trastero\"}]},{\"@type\":\"WebSite\",\"@id\":\"https:\\\/\\\/metrecubic.com\\\/es\\\/#website\",\"url\":\"https:\\\/\\\/metrecubic.com\\\/es\\\/\",\"name\":\"METRECUBIC\",\"description\":\"Mudanzas y trasteros Sabadell y Girona\",\"publisher\":{\"@id\":\"https:\\\/\\\/metrecubic.com\\\/es\\\/#organization\"},\"potentialAction\":[{\"@type\":\"SearchAction\",\"target\":{\"@type\":\"EntryPoint\",\"urlTemplate\":\"https:\\\/\\\/metrecubic.com\\\/es\\\/?s={search_term_string}\"},\"query-input\":{\"@type\":\"PropertyValueSpecification\",\"valueRequired\":true,\"valueName\":\"search_term_string\"}}],\"inLanguage\":\"es\"},{\"@type\":\"Organization\",\"@id\":\"https:\\\/\\\/metrecubic.com\\\/es\\\/#organization\",\"name\":\"METRECUBIC\",\"url\":\"https:\\\/\\\/metrecubic.com\\\/es\\\/\",\"logo\":{\"@type\":\"ImageObject\",\"inLanguage\":\"es\",\"@id\":\"https:\\\/\\\/metrecubic.com\\\/es\\\/#\\\/schema\\\/logo\\\/image\\\/\",\"url\":\"https:\\\/\\\/metrecubic.com\\\/wp-content\\\/uploads\\\/logo-metrecubic.png\",\"contentUrl\":\"https:\\\/\\\/metrecubic.com\\\/wp-content\\\/uploads\\\/logo-metrecubic.png\",\"width\":159,\"height\":159,\"caption\":\"METRECUBIC\"},\"image\":{\"@id\":\"https:\\\/\\\/metrecubic.com\\\/es\\\/#\\\/schema\\\/logo\\\/image\\\/\"}},{\"@type\":\"Person\",\"@id\":\"https:\\\/\\\/metrecubic.com\\\/es\\\/#\\\/schema\\\/person\\\/a6ff476231cc7e78ec40fed152bcb241\",\"name\":\"emfasi\",\"sameAs\":[\"https:\\\/\\\/metrecubic.com\"],\"url\":\"https:\\\/\\\/metrecubic.com\\\/es\\\/author\\\/emfasi\\\/\"}]}<\/script>\n<!-- \/ Yoast SEO plugin. -->","yoast_head_json":{"title":"C\u00f3mo elegir el tama\u00f1o ideal de trastero","description":"Descubre el tama\u00f1o ideal de trastero. En Metrecubic tienes opciones desde 1-2 m\u00b2 hasta +12 m\u00b2. Elige el tama\u00f1o que mejor se adapta a ti.","robots":{"index":"index","follow":"follow","max-snippet":"max-snippet:-1","max-image-preview":"max-image-preview:large","max-video-preview":"max-video-preview:-1"},"canonical":"https:\/\/metrecubic.com\/es\/blog\/como-elegir-el-tamano-ideal-de-trastero\/","og_locale":"es_ES","og_type":"article","og_title":"C\u00f3mo elegir el tama\u00f1o ideal de trastero","og_description":"Descubre el tama\u00f1o ideal de trastero. En Metrecubic tienes opciones desde 1-2 m\u00b2 hasta +12 m\u00b2. Elige el tama\u00f1o que mejor se adapta a ti.","og_url":"https:\/\/metrecubic.com\/es\/blog\/como-elegir-el-tamano-ideal-de-trastero\/","og_site_name":"METRECUBIC","article_published_time":"2024-04-18T08:37:00+00:00","article_modified_time":"2025-10-28T12:14:47+00:00","og_image":[{"url":"https:\/\/metrecubic.com\/wp-content\/uploads\/STORAGE_metre722.jpg","width":640,"height":428,"type":"image\/jpeg"}],"author":"emfasi","twitter_card":"summary_large_image","twitter_misc":{"Escrito por":"emfasi","Tiempo de lectura":"4 minutos"},"schema":{"@context":"https:\/\/schema.org","@graph":[{"@type":"Article","@id":"https:\/\/metrecubic.com\/es\/blog\/como-elegir-el-tamano-ideal-de-trastero\/#article","isPartOf":{"@id":"https:\/\/metrecubic.com\/es\/blog\/como-elegir-el-tamano-ideal-de-trastero\/"},"author":{"name":"emfasi","@id":"https:\/\/metrecubic.com\/es\/#\/schema\/person\/a6ff476231cc7e78ec40fed152bcb241"},"headline":"C\u00f3mo elegir el tama\u00f1o ideal de trastero","datePublished":"2024-04-18T08:37:00+00:00","dateModified":"2025-10-28T12:14:47+00:00","mainEntityOfPage":{"@id":"https:\/\/metrecubic.com\/es\/blog\/como-elegir-el-tamano-ideal-de-trastero\/"},"wordCount":682,"publisher":{"@id":"https:\/\/metrecubic.com\/es\/#organization"},"image":{"@id":"https:\/\/metrecubic.com\/es\/blog\/como-elegir-el-tamano-ideal-de-trastero\/#primaryimage"},"thumbnailUrl":"https:\/\/metrecubic.com\/wp-content\/uploads\/STORAGE_metre722.jpg","articleSection":["Trasteros"],"inLanguage":"es"},{"@type":"WebPage","@id":"https:\/\/metrecubic.com\/es\/blog\/como-elegir-el-tamano-ideal-de-trastero\/","url":"https:\/\/metrecubic.com\/es\/blog\/como-elegir-el-tamano-ideal-de-trastero\/","name":"C\u00f3mo elegir el tama\u00f1o ideal de trastero","isPartOf":{"@id":"https:\/\/metrecubic.com\/es\/#website"},"primaryImageOfPage":{"@id":"https:\/\/metrecubic.com\/es\/blog\/como-elegir-el-tamano-ideal-de-trastero\/#primaryimage"},"image":{"@id":"https:\/\/metrecubic.com\/es\/blog\/como-elegir-el-tamano-ideal-de-trastero\/#primaryimage"},"thumbnailUrl":"https:\/\/metrecubic.com\/wp-content\/uploads\/STORAGE_metre722.jpg","datePublished":"2024-04-18T08:37:00+00:00","dateModified":"2025-10-28T12:14:47+00:00","description":"Descubre el tama\u00f1o ideal de trastero. En Metrecubic tienes opciones desde 1-2 m\u00b2 hasta +12 m\u00b2. Elige el tama\u00f1o que mejor se adapta a ti.","breadcrumb":{"@id":"https:\/\/metrecubic.com\/es\/blog\/como-elegir-el-tamano-ideal-de-trastero\/#breadcrumb"},"inLanguage":"es","potentialAction":[{"@type":"ReadAction","target":["https:\/\/metrecubic.com\/es\/blog\/como-elegir-el-tamano-ideal-de-trastero\/"]}]},{"@type":"ImageObject","inLanguage":"es","@id":"https:\/\/metrecubic.com\/es\/blog\/como-elegir-el-tamano-ideal-de-trastero\/#primaryimage","url":"https:\/\/metrecubic.com\/wp-content\/uploads\/STORAGE_metre722.jpg","contentUrl":"https:\/\/metrecubic.com\/wp-content\/uploads\/STORAGE_metre722.jpg","width":2531,"height":1693},{"@type":"BreadcrumbList","@id":"https:\/\/metrecubic.com\/es\/blog\/como-elegir-el-tamano-ideal-de-trastero\/#breadcrumb","itemListElement":[{"@type":"ListItem","position":1,"name":"Portada","item":"https:\/\/metrecubic.com\/es\/"},{"@type":"ListItem","position":2,"name":"C\u00f3mo elegir el tama\u00f1o ideal de trastero"}]},{"@type":"WebSite","@id":"https:\/\/metrecubic.com\/es\/#website","url":"https:\/\/metrecubic.com\/es\/","name":"METRECUBIC","description":"Mudanzas y trasteros Sabadell y Girona","publisher":{"@id":"https:\/\/metrecubic.com\/es\/#organization"},"potentialAction":[{"@type":"SearchAction","target":{"@type":"EntryPoint","urlTemplate":"https:\/\/metrecubic.com\/es\/?s={search_term_string}"},"query-input":{"@type":"PropertyValueSpecification","valueRequired":true,"valueName":"search_term_string"}}],"inLanguage":"es"},{"@type":"Organization","@id":"https:\/\/metrecubic.com\/es\/#organization","name":"METRECUBIC","url":"https:\/\/metrecubic.com\/es\/","logo":{"@type":"ImageObject","inLanguage":"es","@id":"https:\/\/metrecubic.com\/es\/#\/schema\/logo\/image\/","url":"https:\/\/metrecubic.com\/wp-content\/uploads\/logo-metrecubic.png","contentUrl":"https:\/\/metrecubic.com\/wp-content\/uploads\/logo-metrecubic.png","width":159,"height":159,"caption":"METRECUBIC"},"image":{"@id":"https:\/\/metrecubic.com\/es\/#\/schema\/logo\/image\/"}},{"@type":"Person","@id":"https:\/\/metrecubic.com\/es\/#\/schema\/person\/a6ff476231cc7e78ec40fed152bcb241","name":"emfasi","sameAs":["https:\/\/metrecubic.com"],"url":"https:\/\/metrecubic.com\/es\/author\/emfasi\/"}]}},"_links":{"self":[{"href":"https:\/\/metrecubic.com\/es\/wp-json\/wp\/v2\/posts\/1273","targetHints":{"allow":["GET"]}}],"collection":[{"href":"https:\/\/metrecubic.com\/es\/wp-json\/wp\/v2\/posts"}],"about":[{"href":"https:\/\/metrecubic.com\/es\/wp-json\/wp\/v2\/types\/post"}],"author":[{"embeddable":true,"href":"https:\/\/metrecubic.com\/es\/wp-json\/wp\/v2\/users\/1"}],"replies":[{"embeddable":true,"href":"https:\/\/metrecubic.com\/es\/wp-json\/wp\/v2\/comments?post=1273"}],"version-history":[{"count":3,"href":"https:\/\/metrecubic.com\/es\/wp-json\/wp\/v2\/posts\/1273\/revisions"}],"predecessor-version":[{"id":9134,"href":"https:\/\/metrecubic.com\/es\/wp-json\/wp\/v2\/posts\/1273\/revisions\/9134"}],"wp:featuredmedia":[{"embeddable":true,"href":"https:\/\/metrecubic.com\/es\/wp-json\/wp\/v2\/media\/1274"}],"wp:attachment":[{"href":"https:\/\/metrecubic.com\/es\/wp-json\/wp\/v2\/media?parent=1273"}],"wp:term":[{"taxonomy":"category","embeddable":true,"href":"https:\/\/metrecubic.com\/es\/wp-json\/wp\/v2\/categories?post=1273"},{"taxonomy":"post_tag","embeddable":true,"href":"https:\/\/metrecubic.com\/es\/wp-json\/wp\/v2\/tags?post=1273"}],"curies":[{"name":"wp","href":"https:\/\/api.w.org\/{rel}","templated":true}]}}