{"id":8692,"date":"2025-06-17T13:03:18","date_gmt":"2025-06-17T13:03:18","guid":{"rendered":"https:\/\/metrecubic.com\/caso-de-exito\/pga-catalunya-suissa\/"},"modified":"2025-06-18T08:43:10","modified_gmt":"2025-06-18T08:43:10","slug":"pga-catalunya-suissa","status":"publish","type":"success-stories","link":"https:\/\/metrecubic.com\/ca\/cas-de-exit\/pga-catalunya-suissa\/","title":{"rendered":"PGA Catalunya-Su\u00efssa"},"content":{"rendered":"\n<p>El nostre equip ha dut a terme una mudan\u00e7a internacional des del prestigi\u00f3s PGA Catalunya Resrot fins a Su\u00efssa, gestionant tot el proc\u00e9s amb la m\u00e0xima precisi\u00f3 i professionalitat.<\/p>\n\n<p>Ens encarreguem del desmuntatge i embalatge acurat de tot el mobiliari en origen, assegurant la seva protecci\u00f3 durant un trajecte de m\u00e9s de 1.000 km. Un cop arribats a destinaci\u00f3, el nostre equip va completar el servei amb el muntatge integral del mobiliari, deixant cada espai a punt per. <\/p>\n\n<p>Aquest cas posa de manifest la nostra experi\u00e8ncia en mudances internacionals de gamma alta, on no nom\u00e9s transportem, sin\u00f3 que ens ocupem de tot el proc\u00e9s perqu\u00e8 el client no s \u201chagi de preocupar de res. Un servei complet, segur i personalitzat, des del cor de la Costa Brava fins al centre d\u201d Europa. <\/p>\n","protected":false},"excerpt":{"rendered":"<p>El nostre equip ha dut a terme una mudan\u00e7a internacional des del prestigi\u00f3s PGA Catalunya Resrot fins a Su\u00efssa, gestionant tot el proc\u00e9s amb la m\u00e0xima precisi\u00f3 i professionalitat. Ens &hellip;<\/p>\n","protected":false},"featured_media":8309,"template":"","meta":{"_acf_changed":false,"footnotes":""},"sector_cat":[247,263],"class_list":["post-8692","success-stories","type-success-stories","status-publish","has-post-thumbnail","hentry","sector_cat-mudances-per-a-empreses","sector_cat-mudances-internacionals"],"acf":[],"yoast_head":"<!-- This site is optimized with the Yoast SEO plugin v27.4 - https:\/\/yoast.com\/product\/yoast-seo-wordpress\/ -->\n<title>PGA Catalunya-Su\u00efssa - METRECUBIC<\/title>\n<meta name=\"robots\" content=\"index, follow, max-snippet:-1, max-image-preview:large, max-video-preview:-1\" \/>\n<link rel=\"canonical\" href=\"https:\/\/metrecubic.com\/ca\/cas-de-exit\/pga-catalunya-suissa\/\" \/>\n<meta property=\"og:locale\" content=\"ca_ES\" \/>\n<meta property=\"og:type\" content=\"article\" \/>\n<meta property=\"og:title\" content=\"PGA Catalunya-Su\u00efssa - METRECUBIC\" \/>\n<meta property=\"og:description\" content=\"El nostre equip ha dut a terme una mudan\u00e7a internacional des del prestigi\u00f3s PGA Catalunya Resrot fins a Su\u00efssa, gestionant tot el proc\u00e9s amb la m\u00e0xima precisi\u00f3 i professionalitat. Ens &hellip;\" \/>\n<meta property=\"og:url\" content=\"https:\/\/metrecubic.com\/ca\/cas-de-exit\/pga-catalunya-suissa\/\" \/>\n<meta property=\"og:site_name\" content=\"METRECUBIC\" \/>\n<meta property=\"article:modified_time\" content=\"2025-06-18T08:43:10+00:00\" \/>\n<meta property=\"og:image\" content=\"https:\/\/metrecubic.com\/wp-content\/uploads\/IMG-20210708-WA0031-1.jpg\" \/>\n\t<meta property=\"og:image:width\" content=\"1600\" \/>\n\t<meta property=\"og:image:height\" content=\"1200\" \/>\n\t<meta property=\"og:image:type\" content=\"image\/jpeg\" \/>\n<meta name=\"twitter:card\" content=\"summary_large_image\" \/>\n<meta name=\"twitter:label1\" content=\"Temps estimat de lectura\" \/>\n\t<meta name=\"twitter:data1\" content=\"1 minut\" \/>\n<script type=\"application\/ld+json\" class=\"yoast-schema-graph\">{\"@context\":\"https:\\\/\\\/schema.org\",\"@graph\":[{\"@type\":\"WebPage\",\"@id\":\"https:\\\/\\\/metrecubic.com\\\/ca\\\/cas-de-exit\\\/pga-catalunya-suissa\\\/\",\"url\":\"https:\\\/\\\/metrecubic.com\\\/ca\\\/cas-de-exit\\\/pga-catalunya-suissa\\\/\",\"name\":\"PGA Catalunya-Su\u00efssa - METRECUBIC\",\"isPartOf\":{\"@id\":\"https:\\\/\\\/metrecubic.com\\\/ca\\\/#website\"},\"primaryImageOfPage\":{\"@id\":\"https:\\\/\\\/metrecubic.com\\\/ca\\\/cas-de-exit\\\/pga-catalunya-suissa\\\/#primaryimage\"},\"image\":{\"@id\":\"https:\\\/\\\/metrecubic.com\\\/ca\\\/cas-de-exit\\\/pga-catalunya-suissa\\\/#primaryimage\"},\"thumbnailUrl\":\"https:\\\/\\\/metrecubic.com\\\/wp-content\\\/uploads\\\/IMG-20210708-WA0031-1.jpg\",\"datePublished\":\"2025-06-17T13:03:18+00:00\",\"dateModified\":\"2025-06-18T08:43:10+00:00\",\"breadcrumb\":{\"@id\":\"https:\\\/\\\/metrecubic.com\\\/ca\\\/cas-de-exit\\\/pga-catalunya-suissa\\\/#breadcrumb\"},\"inLanguage\":\"ca\",\"potentialAction\":[{\"@type\":\"ReadAction\",\"target\":[\"https:\\\/\\\/metrecubic.com\\\/ca\\\/cas-de-exit\\\/pga-catalunya-suissa\\\/\"]}]},{\"@type\":\"ImageObject\",\"inLanguage\":\"ca\",\"@id\":\"https:\\\/\\\/metrecubic.com\\\/ca\\\/cas-de-exit\\\/pga-catalunya-suissa\\\/#primaryimage\",\"url\":\"https:\\\/\\\/metrecubic.com\\\/wp-content\\\/uploads\\\/IMG-20210708-WA0031-1.jpg\",\"contentUrl\":\"https:\\\/\\\/metrecubic.com\\\/wp-content\\\/uploads\\\/IMG-20210708-WA0031-1.jpg\",\"width\":1600,\"height\":1200},{\"@type\":\"BreadcrumbList\",\"@id\":\"https:\\\/\\\/metrecubic.com\\\/ca\\\/cas-de-exit\\\/pga-catalunya-suissa\\\/#breadcrumb\",\"itemListElement\":[{\"@type\":\"ListItem\",\"position\":1,\"name\":\"Portada\",\"item\":\"https:\\\/\\\/metrecubic.com\\\/ca\\\/\"},{\"@type\":\"ListItem\",\"position\":2,\"name\":\"Casos d'\u00e8xit\",\"item\":\"https:\\\/\\\/metrecubic.com\\\/ca\\\/cas-de-exit\\\/\"},{\"@type\":\"ListItem\",\"position\":3,\"name\":\"PGA Catalunya-Su\u00efssa\"}]},{\"@type\":\"WebSite\",\"@id\":\"https:\\\/\\\/metrecubic.com\\\/ca\\\/#website\",\"url\":\"https:\\\/\\\/metrecubic.com\\\/ca\\\/\",\"name\":\"METRECUBIC\",\"description\":\"Mudanzas y trasteros Sabadell y Girona\",\"publisher\":{\"@id\":\"https:\\\/\\\/metrecubic.com\\\/ca\\\/#organization\"},\"potentialAction\":[{\"@type\":\"SearchAction\",\"target\":{\"@type\":\"EntryPoint\",\"urlTemplate\":\"https:\\\/\\\/metrecubic.com\\\/ca\\\/?s={search_term_string}\"},\"query-input\":{\"@type\":\"PropertyValueSpecification\",\"valueRequired\":true,\"valueName\":\"search_term_string\"}}],\"inLanguage\":\"ca\"},{\"@type\":\"Organization\",\"@id\":\"https:\\\/\\\/metrecubic.com\\\/ca\\\/#organization\",\"name\":\"METRECUBIC\",\"url\":\"https:\\\/\\\/metrecubic.com\\\/ca\\\/\",\"logo\":{\"@type\":\"ImageObject\",\"inLanguage\":\"ca\",\"@id\":\"https:\\\/\\\/metrecubic.com\\\/ca\\\/#\\\/schema\\\/logo\\\/image\\\/\",\"url\":\"https:\\\/\\\/metrecubic.com\\\/wp-content\\\/uploads\\\/logo-metrecubic.png\",\"contentUrl\":\"https:\\\/\\\/metrecubic.com\\\/wp-content\\\/uploads\\\/logo-metrecubic.png\",\"width\":159,\"height\":159,\"caption\":\"METRECUBIC\"},\"image\":{\"@id\":\"https:\\\/\\\/metrecubic.com\\\/ca\\\/#\\\/schema\\\/logo\\\/image\\\/\"}}]}<\/script>\n<!-- \/ Yoast SEO plugin. -->","yoast_head_json":{"title":"PGA Catalunya-Su\u00efssa - METRECUBIC","robots":{"index":"index","follow":"follow","max-snippet":"max-snippet:-1","max-image-preview":"max-image-preview:large","max-video-preview":"max-video-preview:-1"},"canonical":"https:\/\/metrecubic.com\/ca\/cas-de-exit\/pga-catalunya-suissa\/","og_locale":"ca_ES","og_type":"article","og_title":"PGA Catalunya-Su\u00efssa - METRECUBIC","og_description":"El nostre equip ha dut a terme una mudan\u00e7a internacional des del prestigi\u00f3s PGA Catalunya Resrot fins a Su\u00efssa, gestionant tot el proc\u00e9s amb la m\u00e0xima precisi\u00f3 i professionalitat. Ens &hellip;","og_url":"https:\/\/metrecubic.com\/ca\/cas-de-exit\/pga-catalunya-suissa\/","og_site_name":"METRECUBIC","article_modified_time":"2025-06-18T08:43:10+00:00","og_image":[{"width":1600,"height":1200,"url":"https:\/\/metrecubic.com\/wp-content\/uploads\/IMG-20210708-WA0031-1.jpg","type":"image\/jpeg"}],"twitter_card":"summary_large_image","twitter_misc":{"Temps estimat de lectura":"1 minut"},"schema":{"@context":"https:\/\/schema.org","@graph":[{"@type":"WebPage","@id":"https:\/\/metrecubic.com\/ca\/cas-de-exit\/pga-catalunya-suissa\/","url":"https:\/\/metrecubic.com\/ca\/cas-de-exit\/pga-catalunya-suissa\/","name":"PGA Catalunya-Su\u00efssa - METRECUBIC","isPartOf":{"@id":"https:\/\/metrecubic.com\/ca\/#website"},"primaryImageOfPage":{"@id":"https:\/\/metrecubic.com\/ca\/cas-de-exit\/pga-catalunya-suissa\/#primaryimage"},"image":{"@id":"https:\/\/metrecubic.com\/ca\/cas-de-exit\/pga-catalunya-suissa\/#primaryimage"},"thumbnailUrl":"https:\/\/metrecubic.com\/wp-content\/uploads\/IMG-20210708-WA0031-1.jpg","datePublished":"2025-06-17T13:03:18+00:00","dateModified":"2025-06-18T08:43:10+00:00","breadcrumb":{"@id":"https:\/\/metrecubic.com\/ca\/cas-de-exit\/pga-catalunya-suissa\/#breadcrumb"},"inLanguage":"ca","potentialAction":[{"@type":"ReadAction","target":["https:\/\/metrecubic.com\/ca\/cas-de-exit\/pga-catalunya-suissa\/"]}]},{"@type":"ImageObject","inLanguage":"ca","@id":"https:\/\/metrecubic.com\/ca\/cas-de-exit\/pga-catalunya-suissa\/#primaryimage","url":"https:\/\/metrecubic.com\/wp-content\/uploads\/IMG-20210708-WA0031-1.jpg","contentUrl":"https:\/\/metrecubic.com\/wp-content\/uploads\/IMG-20210708-WA0031-1.jpg","width":1600,"height":1200},{"@type":"BreadcrumbList","@id":"https:\/\/metrecubic.com\/ca\/cas-de-exit\/pga-catalunya-suissa\/#breadcrumb","itemListElement":[{"@type":"ListItem","position":1,"name":"Portada","item":"https:\/\/metrecubic.com\/ca\/"},{"@type":"ListItem","position":2,"name":"Casos d'\u00e8xit","item":"https:\/\/metrecubic.com\/ca\/cas-de-exit\/"},{"@type":"ListItem","position":3,"name":"PGA Catalunya-Su\u00efssa"}]},{"@type":"WebSite","@id":"https:\/\/metrecubic.com\/ca\/#website","url":"https:\/\/metrecubic.com\/ca\/","name":"METRECUBIC","description":"Mudanzas y trasteros Sabadell y Girona","publisher":{"@id":"https:\/\/metrecubic.com\/ca\/#organization"},"potentialAction":[{"@type":"SearchAction","target":{"@type":"EntryPoint","urlTemplate":"https:\/\/metrecubic.com\/ca\/?s={search_term_string}"},"query-input":{"@type":"PropertyValueSpecification","valueRequired":true,"valueName":"search_term_string"}}],"inLanguage":"ca"},{"@type":"Organization","@id":"https:\/\/metrecubic.com\/ca\/#organization","name":"METRECUBIC","url":"https:\/\/metrecubic.com\/ca\/","logo":{"@type":"ImageObject","inLanguage":"ca","@id":"https:\/\/metrecubic.com\/ca\/#\/schema\/logo\/image\/","url":"https:\/\/metrecubic.com\/wp-content\/uploads\/logo-metrecubic.png","contentUrl":"https:\/\/metrecubic.com\/wp-content\/uploads\/logo-metrecubic.png","width":159,"height":159,"caption":"METRECUBIC"},"image":{"@id":"https:\/\/metrecubic.com\/ca\/#\/schema\/logo\/image\/"}}]}},"_links":{"self":[{"href":"https:\/\/metrecubic.com\/ca\/wp-json\/wp\/v2\/success-stories\/8692","targetHints":{"allow":["GET"]}}],"collection":[{"href":"https:\/\/metrecubic.com\/ca\/wp-json\/wp\/v2\/success-stories"}],"about":[{"href":"https:\/\/metrecubic.com\/ca\/wp-json\/wp\/v2\/types\/success-stories"}],"version-history":[{"count":1,"href":"https:\/\/metrecubic.com\/ca\/wp-json\/wp\/v2\/success-stories\/8692\/revisions"}],"predecessor-version":[{"id":8693,"href":"https:\/\/metrecubic.com\/ca\/wp-json\/wp\/v2\/success-stories\/8692\/revisions\/8693"}],"wp:featuredmedia":[{"embeddable":true,"href":"https:\/\/metrecubic.com\/ca\/wp-json\/wp\/v2\/media\/8309"}],"wp:attachment":[{"href":"https:\/\/metrecubic.com\/ca\/wp-json\/wp\/v2\/media?parent=8692"}],"wp:term":[{"taxonomy":"sector_cat","embeddable":true,"href":"https:\/\/metrecubic.com\/ca\/wp-json\/wp\/v2\/sector_cat?post=8692"}],"curies":[{"name":"wp","href":"https:\/\/api.w.org\/{rel}","templated":true}]}}