{"id":8667,"date":"2025-06-18T07:51:06","date_gmt":"2025-06-18T07:51:06","guid":{"rendered":"https:\/\/metrecubic.com\/caso-de-exito\/girona-genova\/"},"modified":"2025-06-18T08:42:54","modified_gmt":"2025-06-18T08:42:54","slug":"girona-genova","status":"publish","type":"success-stories","link":"https:\/\/metrecubic.com\/ca\/cas-de-exit\/girona-genova\/","title":{"rendered":"Girona-Genova"},"content":{"rendered":"\n<p>Coordinem una mudan\u00e7a completa des de Girona fins a G\u00e8nova (It\u00e0lia), un trajecte de mitja dist\u00e0ncia internacional que requeria rapidesa en l&#8217;execuci\u00f3.<\/p>\n\n<p>L&#8217;operaci\u00f3 va incloure el desmuntatge del mobiliari, el seu embalatge i transport amb entrega porta a porta en una resid\u00e8ncia particular.<\/p>\n\n<p>Gr\u00e0cies a una ruta optimitzada i a l&#8217;\u00fas de vehicles adaptats, la mudan\u00e7a es va completar en pocs dies, amb total seguretat per als estris transportats. Un cas que reflecteix la nostra agilitat en serveis internacionals sense renunciar a la cura i a la professionalitat. <\/p>\n","protected":false},"excerpt":{"rendered":"<p>Coordinem una mudan\u00e7a completa des de Girona fins a G\u00e8nova (It\u00e0lia), un trajecte de mitja dist\u00e0ncia internacional que requeria rapidesa en l&#8217;execuci\u00f3. L&#8217;operaci\u00f3 va incloure el desmuntatge del mobiliari, el &hellip;<\/p>\n","protected":false},"featured_media":8541,"template":"","meta":{"_acf_changed":false,"footnotes":""},"sector_cat":[263],"class_list":["post-8667","success-stories","type-success-stories","status-publish","has-post-thumbnail","hentry","sector_cat-mudances-internacionals"],"acf":[],"yoast_head":"<!-- This site is optimized with the Yoast SEO plugin v27.4 - https:\/\/yoast.com\/product\/yoast-seo-wordpress\/ -->\n<title>Girona-Genova - METRECUBIC<\/title>\n<meta name=\"robots\" content=\"index, follow, max-snippet:-1, max-image-preview:large, max-video-preview:-1\" \/>\n<link rel=\"canonical\" href=\"https:\/\/metrecubic.com\/ca\/cas-de-exit\/girona-genova\/\" \/>\n<meta property=\"og:locale\" content=\"ca_ES\" \/>\n<meta property=\"og:type\" content=\"article\" \/>\n<meta property=\"og:title\" content=\"Girona-Genova - METRECUBIC\" \/>\n<meta property=\"og:description\" content=\"Coordinem una mudan\u00e7a completa des de Girona fins a G\u00e8nova (It\u00e0lia), un trajecte de mitja dist\u00e0ncia internacional que requeria rapidesa en l&#8217;execuci\u00f3. L&#8217;operaci\u00f3 va incloure el desmuntatge del mobiliari, el &hellip;\" \/>\n<meta property=\"og:url\" content=\"https:\/\/metrecubic.com\/ca\/cas-de-exit\/girona-genova\/\" \/>\n<meta property=\"og:site_name\" content=\"METRECUBIC\" \/>\n<meta property=\"article:modified_time\" content=\"2025-06-18T08:42:54+00:00\" \/>\n<meta property=\"og:image\" content=\"https:\/\/metrecubic.com\/wp-content\/uploads\/Copia-de-IMG-20230913-WA0010.jpg\" \/>\n\t<meta property=\"og:image:width\" content=\"2048\" \/>\n\t<meta property=\"og:image:height\" content=\"1532\" \/>\n\t<meta property=\"og:image:type\" content=\"image\/jpeg\" \/>\n<meta name=\"twitter:card\" content=\"summary_large_image\" \/>\n<script type=\"application\/ld+json\" class=\"yoast-schema-graph\">{\"@context\":\"https:\\\/\\\/schema.org\",\"@graph\":[{\"@type\":\"WebPage\",\"@id\":\"https:\\\/\\\/metrecubic.com\\\/ca\\\/cas-de-exit\\\/girona-genova\\\/\",\"url\":\"https:\\\/\\\/metrecubic.com\\\/ca\\\/cas-de-exit\\\/girona-genova\\\/\",\"name\":\"Girona-Genova - METRECUBIC\",\"isPartOf\":{\"@id\":\"https:\\\/\\\/metrecubic.com\\\/ca\\\/#website\"},\"primaryImageOfPage\":{\"@id\":\"https:\\\/\\\/metrecubic.com\\\/ca\\\/cas-de-exit\\\/girona-genova\\\/#primaryimage\"},\"image\":{\"@id\":\"https:\\\/\\\/metrecubic.com\\\/ca\\\/cas-de-exit\\\/girona-genova\\\/#primaryimage\"},\"thumbnailUrl\":\"https:\\\/\\\/metrecubic.com\\\/wp-content\\\/uploads\\\/Copia-de-IMG-20230913-WA0010.jpg\",\"datePublished\":\"2025-06-18T07:51:06+00:00\",\"dateModified\":\"2025-06-18T08:42:54+00:00\",\"breadcrumb\":{\"@id\":\"https:\\\/\\\/metrecubic.com\\\/ca\\\/cas-de-exit\\\/girona-genova\\\/#breadcrumb\"},\"inLanguage\":\"ca\",\"potentialAction\":[{\"@type\":\"ReadAction\",\"target\":[\"https:\\\/\\\/metrecubic.com\\\/ca\\\/cas-de-exit\\\/girona-genova\\\/\"]}]},{\"@type\":\"ImageObject\",\"inLanguage\":\"ca\",\"@id\":\"https:\\\/\\\/metrecubic.com\\\/ca\\\/cas-de-exit\\\/girona-genova\\\/#primaryimage\",\"url\":\"https:\\\/\\\/metrecubic.com\\\/wp-content\\\/uploads\\\/Copia-de-IMG-20230913-WA0010.jpg\",\"contentUrl\":\"https:\\\/\\\/metrecubic.com\\\/wp-content\\\/uploads\\\/Copia-de-IMG-20230913-WA0010.jpg\",\"width\":2048,\"height\":1532},{\"@type\":\"BreadcrumbList\",\"@id\":\"https:\\\/\\\/metrecubic.com\\\/ca\\\/cas-de-exit\\\/girona-genova\\\/#breadcrumb\",\"itemListElement\":[{\"@type\":\"ListItem\",\"position\":1,\"name\":\"Portada\",\"item\":\"https:\\\/\\\/metrecubic.com\\\/ca\\\/\"},{\"@type\":\"ListItem\",\"position\":2,\"name\":\"Casos d'\u00e8xit\",\"item\":\"https:\\\/\\\/metrecubic.com\\\/ca\\\/cas-de-exit\\\/\"},{\"@type\":\"ListItem\",\"position\":3,\"name\":\"Girona-Genova\"}]},{\"@type\":\"WebSite\",\"@id\":\"https:\\\/\\\/metrecubic.com\\\/ca\\\/#website\",\"url\":\"https:\\\/\\\/metrecubic.com\\\/ca\\\/\",\"name\":\"METRECUBIC\",\"description\":\"Mudanzas y trasteros Sabadell y Girona\",\"publisher\":{\"@id\":\"https:\\\/\\\/metrecubic.com\\\/ca\\\/#organization\"},\"potentialAction\":[{\"@type\":\"SearchAction\",\"target\":{\"@type\":\"EntryPoint\",\"urlTemplate\":\"https:\\\/\\\/metrecubic.com\\\/ca\\\/?s={search_term_string}\"},\"query-input\":{\"@type\":\"PropertyValueSpecification\",\"valueRequired\":true,\"valueName\":\"search_term_string\"}}],\"inLanguage\":\"ca\"},{\"@type\":\"Organization\",\"@id\":\"https:\\\/\\\/metrecubic.com\\\/ca\\\/#organization\",\"name\":\"METRECUBIC\",\"url\":\"https:\\\/\\\/metrecubic.com\\\/ca\\\/\",\"logo\":{\"@type\":\"ImageObject\",\"inLanguage\":\"ca\",\"@id\":\"https:\\\/\\\/metrecubic.com\\\/ca\\\/#\\\/schema\\\/logo\\\/image\\\/\",\"url\":\"https:\\\/\\\/metrecubic.com\\\/wp-content\\\/uploads\\\/logo-metrecubic.png\",\"contentUrl\":\"https:\\\/\\\/metrecubic.com\\\/wp-content\\\/uploads\\\/logo-metrecubic.png\",\"width\":159,\"height\":159,\"caption\":\"METRECUBIC\"},\"image\":{\"@id\":\"https:\\\/\\\/metrecubic.com\\\/ca\\\/#\\\/schema\\\/logo\\\/image\\\/\"}}]}<\/script>\n<!-- \/ Yoast SEO plugin. -->","yoast_head_json":{"title":"Girona-Genova - METRECUBIC","robots":{"index":"index","follow":"follow","max-snippet":"max-snippet:-1","max-image-preview":"max-image-preview:large","max-video-preview":"max-video-preview:-1"},"canonical":"https:\/\/metrecubic.com\/ca\/cas-de-exit\/girona-genova\/","og_locale":"ca_ES","og_type":"article","og_title":"Girona-Genova - METRECUBIC","og_description":"Coordinem una mudan\u00e7a completa des de Girona fins a G\u00e8nova (It\u00e0lia), un trajecte de mitja dist\u00e0ncia internacional que requeria rapidesa en l&#8217;execuci\u00f3. L&#8217;operaci\u00f3 va incloure el desmuntatge del mobiliari, el &hellip;","og_url":"https:\/\/metrecubic.com\/ca\/cas-de-exit\/girona-genova\/","og_site_name":"METRECUBIC","article_modified_time":"2025-06-18T08:42:54+00:00","og_image":[{"width":2048,"height":1532,"url":"https:\/\/metrecubic.com\/wp-content\/uploads\/Copia-de-IMG-20230913-WA0010.jpg","type":"image\/jpeg"}],"twitter_card":"summary_large_image","schema":{"@context":"https:\/\/schema.org","@graph":[{"@type":"WebPage","@id":"https:\/\/metrecubic.com\/ca\/cas-de-exit\/girona-genova\/","url":"https:\/\/metrecubic.com\/ca\/cas-de-exit\/girona-genova\/","name":"Girona-Genova - METRECUBIC","isPartOf":{"@id":"https:\/\/metrecubic.com\/ca\/#website"},"primaryImageOfPage":{"@id":"https:\/\/metrecubic.com\/ca\/cas-de-exit\/girona-genova\/#primaryimage"},"image":{"@id":"https:\/\/metrecubic.com\/ca\/cas-de-exit\/girona-genova\/#primaryimage"},"thumbnailUrl":"https:\/\/metrecubic.com\/wp-content\/uploads\/Copia-de-IMG-20230913-WA0010.jpg","datePublished":"2025-06-18T07:51:06+00:00","dateModified":"2025-06-18T08:42:54+00:00","breadcrumb":{"@id":"https:\/\/metrecubic.com\/ca\/cas-de-exit\/girona-genova\/#breadcrumb"},"inLanguage":"ca","potentialAction":[{"@type":"ReadAction","target":["https:\/\/metrecubic.com\/ca\/cas-de-exit\/girona-genova\/"]}]},{"@type":"ImageObject","inLanguage":"ca","@id":"https:\/\/metrecubic.com\/ca\/cas-de-exit\/girona-genova\/#primaryimage","url":"https:\/\/metrecubic.com\/wp-content\/uploads\/Copia-de-IMG-20230913-WA0010.jpg","contentUrl":"https:\/\/metrecubic.com\/wp-content\/uploads\/Copia-de-IMG-20230913-WA0010.jpg","width":2048,"height":1532},{"@type":"BreadcrumbList","@id":"https:\/\/metrecubic.com\/ca\/cas-de-exit\/girona-genova\/#breadcrumb","itemListElement":[{"@type":"ListItem","position":1,"name":"Portada","item":"https:\/\/metrecubic.com\/ca\/"},{"@type":"ListItem","position":2,"name":"Casos d'\u00e8xit","item":"https:\/\/metrecubic.com\/ca\/cas-de-exit\/"},{"@type":"ListItem","position":3,"name":"Girona-Genova"}]},{"@type":"WebSite","@id":"https:\/\/metrecubic.com\/ca\/#website","url":"https:\/\/metrecubic.com\/ca\/","name":"METRECUBIC","description":"Mudanzas y trasteros Sabadell y Girona","publisher":{"@id":"https:\/\/metrecubic.com\/ca\/#organization"},"potentialAction":[{"@type":"SearchAction","target":{"@type":"EntryPoint","urlTemplate":"https:\/\/metrecubic.com\/ca\/?s={search_term_string}"},"query-input":{"@type":"PropertyValueSpecification","valueRequired":true,"valueName":"search_term_string"}}],"inLanguage":"ca"},{"@type":"Organization","@id":"https:\/\/metrecubic.com\/ca\/#organization","name":"METRECUBIC","url":"https:\/\/metrecubic.com\/ca\/","logo":{"@type":"ImageObject","inLanguage":"ca","@id":"https:\/\/metrecubic.com\/ca\/#\/schema\/logo\/image\/","url":"https:\/\/metrecubic.com\/wp-content\/uploads\/logo-metrecubic.png","contentUrl":"https:\/\/metrecubic.com\/wp-content\/uploads\/logo-metrecubic.png","width":159,"height":159,"caption":"METRECUBIC"},"image":{"@id":"https:\/\/metrecubic.com\/ca\/#\/schema\/logo\/image\/"}}]}},"_links":{"self":[{"href":"https:\/\/metrecubic.com\/ca\/wp-json\/wp\/v2\/success-stories\/8667","targetHints":{"allow":["GET"]}}],"collection":[{"href":"https:\/\/metrecubic.com\/ca\/wp-json\/wp\/v2\/success-stories"}],"about":[{"href":"https:\/\/metrecubic.com\/ca\/wp-json\/wp\/v2\/types\/success-stories"}],"version-history":[{"count":1,"href":"https:\/\/metrecubic.com\/ca\/wp-json\/wp\/v2\/success-stories\/8667\/revisions"}],"predecessor-version":[{"id":8669,"href":"https:\/\/metrecubic.com\/ca\/wp-json\/wp\/v2\/success-stories\/8667\/revisions\/8669"}],"wp:featuredmedia":[{"embeddable":true,"href":"https:\/\/metrecubic.com\/ca\/wp-json\/wp\/v2\/media\/8541"}],"wp:attachment":[{"href":"https:\/\/metrecubic.com\/ca\/wp-json\/wp\/v2\/media?parent=8667"}],"wp:term":[{"taxonomy":"sector_cat","embeddable":true,"href":"https:\/\/metrecubic.com\/ca\/wp-json\/wp\/v2\/sector_cat?post=8667"}],"curies":[{"name":"wp","href":"https:\/\/api.w.org\/{rel}","templated":true}]}}