{"id":7795,"date":"2025-04-08T09:47:22","date_gmt":"2025-04-08T09:47:22","guid":{"rendered":"https:\/\/metrecubic.com\/caso-de-exito\/transport-internacional-de-plantes\/"},"modified":"2025-06-12T13:17:54","modified_gmt":"2025-06-12T13:17:54","slug":"transport-internacional-de-plantes","status":"publish","type":"success-stories","link":"https:\/\/metrecubic.com\/ca\/cas-de-exit\/transport-internacional-de-plantes\/","title":{"rendered":"Transport internacional de plantes"},"content":{"rendered":"\n<p>Assumim amb \u00e8xit el complex trasllat de 400 palmeres des de Scalo Fluviale, a Ven\u00e8cia (It\u00e0lia), fins a l \u201cemblem\u00e0tic Pavell\u00f3 Mies van der Rohe de la Fira de Barcelona. Aquest enc\u00e0rrec, amb una forta component log\u00edstica i t\u00e8cnica, exigia m\u00e0xima coordinaci\u00f3 internacional, aix\u00ed com mesures espec\u00edfiques per garantir la protecci\u00f3 d\u201d exemplars vius i de gran volum. <\/p>\n\n<p>Per a aix\u00f2, utilitzem carros especials dissenyats per al transport segur de plantes de gran grand\u00e0ria, assegurant una correcta ventilaci\u00f3, estabilitat i protecci\u00f3 de cada unitat durant tot el trajecte. Des de la c\u00e0rrega en origen fins al lliurament final al recinte firal de Barcelona, cada fase del proc\u00e9s va ser supervisada pel nostre equip especialitzat, amb l \u201cobjectiu de conservar la integritat de totes les palmeres i complir estrictament amb els terminis del muntatge de l\u201d esdeveniment. <\/p>\n\n<p>L&#8217; \u00e8xit d&#8217; aquesta operaci\u00f3 va radiar en la combinaci\u00f3 de planificaci\u00f3 log\u00edstica internacional, mitjans t\u00e8cnics adequats i experi\u00e8ncia en el maneig d&#8217; elements naturals delicats, especialment en projectes vinculats al sector cultural, art\u00edstic o expositiu.<\/p>\n\n<p>Aquest cas demostra la nostra capacitat per executar transports singulars amb est\u00e0ndards elevats de precisi\u00f3, cura i compliment normatiu, refor\u00e7ant la nostra reputaci\u00f3 com a partner log\u00edstic fiable per a esdeveniments de gran format.<\/p>\n","protected":false},"excerpt":{"rendered":"<p>Assumim amb \u00e8xit el complex trasllat de 400 palmeres des de Scalo Fluviale, a Ven\u00e8cia (It\u00e0lia), fins a l \u201cemblem\u00e0tic Pavell\u00f3 Mies van der Rohe de la Fira de Barcelona. &hellip;<\/p>\n","protected":false},"featured_media":6150,"template":"","meta":{"_acf_changed":false,"footnotes":""},"sector_cat":[237,247,263],"class_list":["post-7795","success-stories","type-success-stories","status-publish","has-post-thumbnail","hentry","sector_cat-mudances-dobjectes-delicats-o-fragils","sector_cat-mudances-per-a-empreses","sector_cat-mudances-internacionals"],"acf":[],"yoast_head":"<!-- This site is optimized with the Yoast SEO plugin v27.4 - https:\/\/yoast.com\/product\/yoast-seo-wordpress\/ -->\n<title>Transport internacional de plantes - METRECUBIC<\/title>\n<meta name=\"robots\" content=\"index, follow, max-snippet:-1, max-image-preview:large, max-video-preview:-1\" \/>\n<link rel=\"canonical\" href=\"https:\/\/metrecubic.com\/ca\/cas-de-exit\/transport-internacional-de-plantes\/\" \/>\n<meta property=\"og:locale\" content=\"ca_ES\" \/>\n<meta property=\"og:type\" content=\"article\" \/>\n<meta property=\"og:title\" content=\"Transport internacional de plantes - METRECUBIC\" \/>\n<meta property=\"og:description\" content=\"Assumim amb \u00e8xit el complex trasllat de 400 palmeres des de Scalo Fluviale, a Ven\u00e8cia (It\u00e0lia), fins a l \u201cemblem\u00e0tic Pavell\u00f3 Mies van der Rohe de la Fira de Barcelona. &hellip;\" \/>\n<meta property=\"og:url\" content=\"https:\/\/metrecubic.com\/ca\/cas-de-exit\/transport-internacional-de-plantes\/\" \/>\n<meta property=\"og:site_name\" content=\"METRECUBIC\" \/>\n<meta property=\"article:modified_time\" content=\"2025-06-12T13:17:54+00:00\" \/>\n<meta property=\"og:image\" content=\"https:\/\/metrecubic.com\/wp-content\/uploads\/copia-de-img-20231126-wa0020.jpg\" \/>\n\t<meta property=\"og:image:width\" content=\"1200\" \/>\n\t<meta property=\"og:image:height\" content=\"1600\" \/>\n\t<meta property=\"og:image:type\" content=\"image\/jpeg\" \/>\n<meta name=\"twitter:card\" content=\"summary_large_image\" \/>\n<meta name=\"twitter:label1\" content=\"Temps estimat de lectura\" \/>\n\t<meta name=\"twitter:data1\" content=\"1 minut\" \/>\n<script type=\"application\/ld+json\" class=\"yoast-schema-graph\">{\"@context\":\"https:\\\/\\\/schema.org\",\"@graph\":[{\"@type\":\"WebPage\",\"@id\":\"https:\\\/\\\/metrecubic.com\\\/ca\\\/cas-de-exit\\\/transport-internacional-de-plantes\\\/\",\"url\":\"https:\\\/\\\/metrecubic.com\\\/ca\\\/cas-de-exit\\\/transport-internacional-de-plantes\\\/\",\"name\":\"Transport internacional de plantes - METRECUBIC\",\"isPartOf\":{\"@id\":\"https:\\\/\\\/metrecubic.com\\\/ca\\\/#website\"},\"primaryImageOfPage\":{\"@id\":\"https:\\\/\\\/metrecubic.com\\\/ca\\\/cas-de-exit\\\/transport-internacional-de-plantes\\\/#primaryimage\"},\"image\":{\"@id\":\"https:\\\/\\\/metrecubic.com\\\/ca\\\/cas-de-exit\\\/transport-internacional-de-plantes\\\/#primaryimage\"},\"thumbnailUrl\":\"https:\\\/\\\/metrecubic.com\\\/wp-content\\\/uploads\\\/copia-de-img-20231126-wa0020.jpg\",\"datePublished\":\"2025-04-08T09:47:22+00:00\",\"dateModified\":\"2025-06-12T13:17:54+00:00\",\"breadcrumb\":{\"@id\":\"https:\\\/\\\/metrecubic.com\\\/ca\\\/cas-de-exit\\\/transport-internacional-de-plantes\\\/#breadcrumb\"},\"inLanguage\":\"ca\",\"potentialAction\":[{\"@type\":\"ReadAction\",\"target\":[\"https:\\\/\\\/metrecubic.com\\\/ca\\\/cas-de-exit\\\/transport-internacional-de-plantes\\\/\"]}]},{\"@type\":\"ImageObject\",\"inLanguage\":\"ca\",\"@id\":\"https:\\\/\\\/metrecubic.com\\\/ca\\\/cas-de-exit\\\/transport-internacional-de-plantes\\\/#primaryimage\",\"url\":\"https:\\\/\\\/metrecubic.com\\\/wp-content\\\/uploads\\\/copia-de-img-20231126-wa0020.jpg\",\"contentUrl\":\"https:\\\/\\\/metrecubic.com\\\/wp-content\\\/uploads\\\/copia-de-img-20231126-wa0020.jpg\",\"width\":1200,\"height\":1600},{\"@type\":\"BreadcrumbList\",\"@id\":\"https:\\\/\\\/metrecubic.com\\\/ca\\\/cas-de-exit\\\/transport-internacional-de-plantes\\\/#breadcrumb\",\"itemListElement\":[{\"@type\":\"ListItem\",\"position\":1,\"name\":\"Portada\",\"item\":\"https:\\\/\\\/metrecubic.com\\\/ca\\\/\"},{\"@type\":\"ListItem\",\"position\":2,\"name\":\"Casos d'\u00e8xit\",\"item\":\"https:\\\/\\\/metrecubic.com\\\/ca\\\/cas-de-exit\\\/\"},{\"@type\":\"ListItem\",\"position\":3,\"name\":\"Transport internacional de plantes\"}]},{\"@type\":\"WebSite\",\"@id\":\"https:\\\/\\\/metrecubic.com\\\/ca\\\/#website\",\"url\":\"https:\\\/\\\/metrecubic.com\\\/ca\\\/\",\"name\":\"METRECUBIC\",\"description\":\"Mudanzas y trasteros Sabadell y Girona\",\"publisher\":{\"@id\":\"https:\\\/\\\/metrecubic.com\\\/ca\\\/#organization\"},\"potentialAction\":[{\"@type\":\"SearchAction\",\"target\":{\"@type\":\"EntryPoint\",\"urlTemplate\":\"https:\\\/\\\/metrecubic.com\\\/ca\\\/?s={search_term_string}\"},\"query-input\":{\"@type\":\"PropertyValueSpecification\",\"valueRequired\":true,\"valueName\":\"search_term_string\"}}],\"inLanguage\":\"ca\"},{\"@type\":\"Organization\",\"@id\":\"https:\\\/\\\/metrecubic.com\\\/ca\\\/#organization\",\"name\":\"METRECUBIC\",\"url\":\"https:\\\/\\\/metrecubic.com\\\/ca\\\/\",\"logo\":{\"@type\":\"ImageObject\",\"inLanguage\":\"ca\",\"@id\":\"https:\\\/\\\/metrecubic.com\\\/ca\\\/#\\\/schema\\\/logo\\\/image\\\/\",\"url\":\"https:\\\/\\\/metrecubic.com\\\/wp-content\\\/uploads\\\/logo-metrecubic.png\",\"contentUrl\":\"https:\\\/\\\/metrecubic.com\\\/wp-content\\\/uploads\\\/logo-metrecubic.png\",\"width\":159,\"height\":159,\"caption\":\"METRECUBIC\"},\"image\":{\"@id\":\"https:\\\/\\\/metrecubic.com\\\/ca\\\/#\\\/schema\\\/logo\\\/image\\\/\"}}]}<\/script>\n<!-- \/ Yoast SEO plugin. -->","yoast_head_json":{"title":"Transport internacional de plantes - METRECUBIC","robots":{"index":"index","follow":"follow","max-snippet":"max-snippet:-1","max-image-preview":"max-image-preview:large","max-video-preview":"max-video-preview:-1"},"canonical":"https:\/\/metrecubic.com\/ca\/cas-de-exit\/transport-internacional-de-plantes\/","og_locale":"ca_ES","og_type":"article","og_title":"Transport internacional de plantes - METRECUBIC","og_description":"Assumim amb \u00e8xit el complex trasllat de 400 palmeres des de Scalo Fluviale, a Ven\u00e8cia (It\u00e0lia), fins a l \u201cemblem\u00e0tic Pavell\u00f3 Mies van der Rohe de la Fira de Barcelona. &hellip;","og_url":"https:\/\/metrecubic.com\/ca\/cas-de-exit\/transport-internacional-de-plantes\/","og_site_name":"METRECUBIC","article_modified_time":"2025-06-12T13:17:54+00:00","og_image":[{"width":1200,"height":1600,"url":"https:\/\/metrecubic.com\/wp-content\/uploads\/copia-de-img-20231126-wa0020.jpg","type":"image\/jpeg"}],"twitter_card":"summary_large_image","twitter_misc":{"Temps estimat de lectura":"1 minut"},"schema":{"@context":"https:\/\/schema.org","@graph":[{"@type":"WebPage","@id":"https:\/\/metrecubic.com\/ca\/cas-de-exit\/transport-internacional-de-plantes\/","url":"https:\/\/metrecubic.com\/ca\/cas-de-exit\/transport-internacional-de-plantes\/","name":"Transport internacional de plantes - METRECUBIC","isPartOf":{"@id":"https:\/\/metrecubic.com\/ca\/#website"},"primaryImageOfPage":{"@id":"https:\/\/metrecubic.com\/ca\/cas-de-exit\/transport-internacional-de-plantes\/#primaryimage"},"image":{"@id":"https:\/\/metrecubic.com\/ca\/cas-de-exit\/transport-internacional-de-plantes\/#primaryimage"},"thumbnailUrl":"https:\/\/metrecubic.com\/wp-content\/uploads\/copia-de-img-20231126-wa0020.jpg","datePublished":"2025-04-08T09:47:22+00:00","dateModified":"2025-06-12T13:17:54+00:00","breadcrumb":{"@id":"https:\/\/metrecubic.com\/ca\/cas-de-exit\/transport-internacional-de-plantes\/#breadcrumb"},"inLanguage":"ca","potentialAction":[{"@type":"ReadAction","target":["https:\/\/metrecubic.com\/ca\/cas-de-exit\/transport-internacional-de-plantes\/"]}]},{"@type":"ImageObject","inLanguage":"ca","@id":"https:\/\/metrecubic.com\/ca\/cas-de-exit\/transport-internacional-de-plantes\/#primaryimage","url":"https:\/\/metrecubic.com\/wp-content\/uploads\/copia-de-img-20231126-wa0020.jpg","contentUrl":"https:\/\/metrecubic.com\/wp-content\/uploads\/copia-de-img-20231126-wa0020.jpg","width":1200,"height":1600},{"@type":"BreadcrumbList","@id":"https:\/\/metrecubic.com\/ca\/cas-de-exit\/transport-internacional-de-plantes\/#breadcrumb","itemListElement":[{"@type":"ListItem","position":1,"name":"Portada","item":"https:\/\/metrecubic.com\/ca\/"},{"@type":"ListItem","position":2,"name":"Casos d'\u00e8xit","item":"https:\/\/metrecubic.com\/ca\/cas-de-exit\/"},{"@type":"ListItem","position":3,"name":"Transport internacional de plantes"}]},{"@type":"WebSite","@id":"https:\/\/metrecubic.com\/ca\/#website","url":"https:\/\/metrecubic.com\/ca\/","name":"METRECUBIC","description":"Mudanzas y trasteros Sabadell y Girona","publisher":{"@id":"https:\/\/metrecubic.com\/ca\/#organization"},"potentialAction":[{"@type":"SearchAction","target":{"@type":"EntryPoint","urlTemplate":"https:\/\/metrecubic.com\/ca\/?s={search_term_string}"},"query-input":{"@type":"PropertyValueSpecification","valueRequired":true,"valueName":"search_term_string"}}],"inLanguage":"ca"},{"@type":"Organization","@id":"https:\/\/metrecubic.com\/ca\/#organization","name":"METRECUBIC","url":"https:\/\/metrecubic.com\/ca\/","logo":{"@type":"ImageObject","inLanguage":"ca","@id":"https:\/\/metrecubic.com\/ca\/#\/schema\/logo\/image\/","url":"https:\/\/metrecubic.com\/wp-content\/uploads\/logo-metrecubic.png","contentUrl":"https:\/\/metrecubic.com\/wp-content\/uploads\/logo-metrecubic.png","width":159,"height":159,"caption":"METRECUBIC"},"image":{"@id":"https:\/\/metrecubic.com\/ca\/#\/schema\/logo\/image\/"}}]}},"_links":{"self":[{"href":"https:\/\/metrecubic.com\/ca\/wp-json\/wp\/v2\/success-stories\/7795","targetHints":{"allow":["GET"]}}],"collection":[{"href":"https:\/\/metrecubic.com\/ca\/wp-json\/wp\/v2\/success-stories"}],"about":[{"href":"https:\/\/metrecubic.com\/ca\/wp-json\/wp\/v2\/types\/success-stories"}],"version-history":[{"count":1,"href":"https:\/\/metrecubic.com\/ca\/wp-json\/wp\/v2\/success-stories\/7795\/revisions"}],"predecessor-version":[{"id":7797,"href":"https:\/\/metrecubic.com\/ca\/wp-json\/wp\/v2\/success-stories\/7795\/revisions\/7797"}],"wp:featuredmedia":[{"embeddable":true,"href":"https:\/\/metrecubic.com\/ca\/wp-json\/wp\/v2\/media\/6150"}],"wp:attachment":[{"href":"https:\/\/metrecubic.com\/ca\/wp-json\/wp\/v2\/media?parent=7795"}],"wp:term":[{"taxonomy":"sector_cat","embeddable":true,"href":"https:\/\/metrecubic.com\/ca\/wp-json\/wp\/v2\/sector_cat?post=7795"}],"curies":[{"name":"wp","href":"https:\/\/api.w.org\/{rel}","templated":true}]}}