{"id":9243,"date":"2025-12-16T10:40:49","date_gmt":"2025-12-16T10:40:49","guid":{"rendered":"https:\/\/metrecubic.com\/mudanca-amb-traster-el-pack-de-metrecubic-que-tho-posa-facil\/"},"modified":"2025-12-16T10:45:47","modified_gmt":"2025-12-16T10:45:47","slug":"mudanca-amb-traster-el-pack-de-metrecubic-que-tho-posa-facil","status":"publish","type":"post","link":"https:\/\/metrecubic.com\/ca\/mudanca-amb-traster-el-pack-de-metrecubic-que-tho-posa-facil\/","title":{"rendered":"Mudan\u00e7a amb traster: el pack de Metrecubic que t&#8217;ho posa f\u00e0cil"},"content":{"rendered":"\n<h2 class=\"wp-block-heading\"><strong>Quan una mudan\u00e7a necessita m\u00e9s espai i menys estr\u00e8s<\/strong><\/h2>\n\n<p>Una <a href=\"https:\/\/metrecubic.com\/ca\/serveis-especials\/mudances-nacionals\/\">mudan\u00e7a <\/a>no sempre \u00e9s &#8220;sortir d&#8217;una casa i entrar en una altra&#8221;. De vegades les dates no quadren, est\u00e0s en plena reforma o simplement necessites un marge per ordenar sense viure entre caixes. En aquests casos, una <strong>mudan\u00e7a amb traster<\/strong> no \u00e9s un extra: \u00e9s la forma m\u00e9s pr\u00e0ctica de recuperar el control.  <\/p>\n\n<p>A Metrecubic ho hem simplificat amb un pack pensat per a la vida real: <strong>servei de mudan\u00e7a + 15 dies de traster gratis<\/strong>. Una soluci\u00f3 que combina <g id=\"gid_1\">mudances amb traster<\/g> en un sol servei, perqu\u00e8 no hagis de coordinar diverses empreses ni improvisar on guardar les teves coses. Si busques <strong>mudances i trasters<\/strong> amb flexibilitat, seguretat i zero l\u00edos, aquest pack est\u00e0 fet per a tu.  <\/p>\n\n<h2 class=\"wp-block-heading\"><strong>Qu\u00e8 \u00e9s una <\/strong><strong>mudan\u00e7a amb traster<\/strong><strong> i per qu\u00e8 cada vegada s&#8217;elegeix m\u00e9s?<\/strong><\/h2>\n\n<p>Una <strong>mudan\u00e7a amb traster<\/strong> \u00e9s un servei que combina el trasllat professional de les teves pertinences amb un espai d&#8217;emmagatzematge segur, perqu\u00e8 puguis gestionar la mudan\u00e7a al teu ritme. En lloc de moure-ho tot directament al nou dest\u00ed, les teves coses es guarden temporalment en un traster fins que realment les necessites. <\/p>\n\n<p>Aquest tipus de soluci\u00f3 s&#8217;ha tornat cada vegada m\u00e9s habitual perqu\u00e8 moltes mudances no s\u00f3n immediates. Canvis d&#8217; habitatge amb dates obertes, reformes que s&#8217; allarguen o mudances per fases fan que les <strong>mudances i trasters<\/strong> contractats per separat resultin poc pr\u00e0ctiques i m\u00e9s cares. <\/p>\n\n<p>En optar per <strong>mudances amb traster<\/strong> en un sol pack, ganes, evites presses innecess\u00e0ries i redueixes la complexitat del proc\u00e9s. Tot queda centralitzat en un \u00fanic servei, amb temps m\u00e9s adaptables i sense la pressi\u00f3 d&#8217;haver de decidir-ho tot en un sol dia. <\/p>\n\n<p>Quan una mudan\u00e7a necessita marge, ordre i tranquil\u00b7litat, la <strong>mudan\u00e7a amb traster<\/strong> es converteix en l&#8217;opci\u00f3 m\u00e9s intel\u00b7ligent.<\/p>\n\n<p><strong>Mudan\u00e7a amb traster vs mudan\u00e7a tradicional: la difer\u00e8ncia clau<\/strong><\/p>\n\n<p>La difer\u00e8ncia principal est\u00e0 en el <strong>temps i la flexibilitat<\/strong>.<\/p>\n\n<p>En una mudan\u00e7a tradicional, tot ha d&#8217;encaixar en una data concreta. En canvi, una <strong>mudan\u00e7a amb traster<\/strong> et permet guardar les teves pertinences durant dies o setmanes i decidir amb calma quan portar-les al seu dest\u00ed final. <\/p>\n\n<p>Per aix\u00f2, les <strong>mudances amb traster<\/strong> ofereixen una experi\u00e8ncia molt m\u00e9s adaptable, especialment quan les circumst\u00e0ncies no s\u00f3n immediates.<\/p>\n\n<h2 class=\"wp-block-heading\"><strong>El pack de Metrecubic: mudan\u00e7a + 15 dies de traster gratis<\/strong><\/h2>\n\n<p>El pack de Metrecubic est\u00e0 pensat per als qui necessiten una <strong>mudan\u00e7a amb traster<\/strong> sense complicacions ni costos inesperats. Per aix\u00f2, unim en un sol servei el trasllat professional i l&#8217;emmagatzematge temporal, incloent-hi <strong>15 dies de traster gratis des<\/strong> del primer moment. <\/p>\n\n<p>Aquest pack de <strong>mudances amb traster<\/strong> inclou:<\/p>\n\n<ul class=\"wp-block-list\">\n<li>Servei professional de mudan\u00e7a, adaptat al volum real de les teves pertinences<\/li>\n\n\n\n<li>Transport asseguran\u00e7a i acurada de mobles, caixes i objectes personals<\/li>\n\n\n\n<li>Emmagatzematge en trasters vigilats i de f\u00e0cil acc\u00e9s<\/li>\n\n\n\n<li>Flexibilitat total per decidir quan portar les teves coses al seu dest\u00ed final<\/li>\n<\/ul>\n\n<p>L&#8217;avantatge principal \u00e9s clar: no has de coordinar diverses empreses ni ajustar dates impossibles. Amb aquest pack de <g id=\"gid_0\">mudances i trasters<\/g>, tot es gestiona de forma unificada, amb un sol equip i un \u00fanic pressupost. Aix\u00ed, la teva mudan\u00e7a s&#8217;adapta al teu ritme, i no a l&#8217;inrev\u00e9s.  <\/p>\n\n<h2 class=\"wp-block-heading\"><strong>Avantatges reals de contractar <\/strong><strong>mudances i trasters<\/strong><strong> junts<\/strong><\/h2>\n\n<p>Contractar <strong>mudances i trasters<\/strong> en un sol pack no nom\u00e9s simplifica el proc\u00e9s, sin\u00f3 que aporta avantatges molt concrets des del primer dia. Quan tot est\u00e0 coordinat per un mateix equip, la mudan\u00e7a flueix amb m\u00e9s ordre, menys estr\u00e8s i m\u00e9s control. <\/p>\n\n<h3 class=\"wp-block-heading\"><strong>M\u00e9s flexibilitat en els temps<\/strong><\/h3>\n\n<p>Una <strong>mudan\u00e7a amb traster<\/strong> et permet adaptar-te a imprevistos sense presses. Pots guardar les teves pertinences durant dies o setmanes i decidir quan traslladar-les definitivament, sense dependre d&#8217;una data tancada. <\/p>\n\n<h3 class=\"wp-block-heading\"><strong>M\u00e9s comoditat i menys gestions<\/strong><\/h3>\n\n<p>En unificar <strong>mudances amb traster<\/strong> en un sol servei, evites trucades, pressupostos duplicats i problemes de coordinaci\u00f3. Un sol interlocutor s&#8217;encarrega de tot el proc\u00e9s. <\/p>\n\n<h3 class=\"wp-block-heading\"><strong>M\u00e9s seguretat per a les teves pertinences<\/strong><\/h3>\n\n<p>Els <a href=\"https:\/\/metrecubic.com\/ca\/blog\/quins-son-els-avantatges-de-fer-servir-un-traster\/\">trasters<\/a> de Metrecubic compten amb vigil\u00e0ncia i acc\u00e9s controlat, garantint que els teus mobles i caixes estiguin protegits durant tot el temps que romanguin emmagatzemats.<\/p>\n\n<p>Quan tries <strong>mudances i trasters<\/strong> junts, ganes tranquil\u00b7litat, claredat i una experi\u00e8ncia de mudan\u00e7a molt m\u00e9s c\u00f2moda.<\/p>\n\n<h2 class=\"wp-block-heading\"><strong>Per a qui \u00e9s ideal una <\/strong><strong>mudan\u00e7a amb traster<\/strong><strong>?<\/strong><\/h2>\n\n<p>La <strong>mudan\u00e7a amb traster<\/strong> \u00e9s una soluci\u00f3 vers\u00e0til que s&#8217;adapta a moltes situacions reals del dia a dia. No es tracta nom\u00e9s de mudar-se, sin\u00f3 de fer-ho amb marge, ordre i sense pressi\u00f3. <\/p>\n\n<p>Aquest pack de <strong>mudances amb traster<\/strong> \u00e9s ideal per:<\/p>\n\n<ul class=\"wp-block-list\">\n<li>Persones que canvien d&#8217;habitatge i no tenen dates tancades d&#8217;entrada<\/li>\n\n\n\n<li>Reformes integrals o parcials on cal buidar l&#8217; espai<\/li>\n\n\n\n<li>Mudances entre ciutats o prov\u00edncies<\/li>\n\n\n\n<li>Fam\u00edlies que necessiten temps per organitzar la seva nova llar<\/li>\n\n\n\n<li>Aut\u00f2noms i empreses que requereixen un emmagatzematge temporal<\/li>\n<\/ul>\n\n<p>En tots aquests casos, comptar amb <strong>mudances i trasters<\/strong> en un mateix servei evita decisions apressades i facilita una transici\u00f3 molt m\u00e9s c\u00f2moda. Si la teva mudan\u00e7a no \u00e9s immediata o necessites flexibilitat, la <strong>mudan\u00e7a amb traster \u00e9s l&#8217;opci\u00f3<\/strong> m\u00e9s pr\u00e0ctica. <\/p>\n\n<h2 class=\"wp-block-heading\"><strong>Com funciona el pack pas a pas<\/strong><\/h2>\n\n<p>Perqu\u00e8 una <strong>mudan\u00e7a amb traster<\/strong> sigui realment c\u00f2moda, el proc\u00e9s ha de ser clar i senzill. A Metrecubic l&#8217;hem estructurat en pocs passos, sense complicacions ni sorpreses. <\/p>\n\n<h3 class=\"wp-block-heading\"><strong>1. Sol\u00b7licitud de pressupost<\/strong><\/h3>\n\n<p>Contacta amb l&#8217;equip de Metrecubic i analitzem el teu cas: volum, dates aproximades i necessitats d&#8217;emmagatzematge. T&#8217;oferim un pressupost ajustat i transparent. <\/p>\n\n<h3 class=\"wp-block-heading\"><strong>2. Planificaci\u00f3 de la mudan\u00e7a<\/strong><\/h3>\n\n<p>Organitzem el dia del trasllat i definim si les teves pertinences van directament al traster o si part del contingut es lliura en destinaci\u00f3.<\/p>\n\n<h3 class=\"wp-block-heading\"><strong>3. Servei de mudan\u00e7a professional<\/strong><\/h3>\n\n<p>El nostre equip s&#8217;encarrega de l&#8217;embalatge, c\u00e0rrega i transport amb total cura. Aix\u00ed comen\u00e7a la teva <strong>mudan\u00e7a amb traster<\/strong> sense estr\u00e8s ni improvisacions. <\/p>\n\n<h3 class=\"wp-block-heading\"><strong>4. Emmagatzematge en traster<\/strong><\/h3>\n\n<p>Les teves pertinences es guarden en un espai segur, vigilat i accessible. Gaudeixes de <strong>15 dies de traster gratis<\/strong>, amb total flexibilitat. <\/p>\n\n<h3 class=\"wp-block-heading\"><strong>5. Lliurament final quan tu decideixis<\/strong><\/h3>\n\n<p>Quan tot est\u00e0 llest, traslladem les teves coses des del traster al dest\u00ed final. Tu marques els temps, no la mudan\u00e7a. <\/p>\n\n<p>Aquest sistema fa que les <strong>mudances amb traster<\/strong> siguin una soluci\u00f3 c\u00f2moda, flexible i perfectament organitzada.<\/p>\n\n<h2 class=\"wp-block-heading\"><strong>Per qu\u00e8 triar Metrecubic per a les teves <\/strong><strong>mudances amb traster<\/strong><strong>?<\/strong><\/h2>\n\n<p>Triar b\u00e9 qui gestiona la teva <strong>mudan\u00e7a amb traster<\/strong> \u00e9s clau perqu\u00e8 tot funcioni sense sobresalts. A Metrecubic oferim un servei integral pensat per simplificar el proc\u00e9s i donar-te tranquil\u00b7litat en cada fase. <\/p>\n\n<p>Comptem amb experi\u00e8ncia real en <strong>mudances i trasters<\/strong>, la qual cosa ens permet coordinar ambd\u00f3s serveis de forma eficient, sense p\u00e8rdues de temps ni errors de planificaci\u00f3. El nostre equip s&#8217;encarrega de tot, des del trasllat fins a l&#8217;emmagatzematge, amb un enfocament pr\u00e0ctic i proper. <\/p>\n\n<p>A m\u00e9s, disposem de trasters propis, vigilats i accessibles, la qual cosa garanteix major seguretat i flexibilitat enfront de solucions externes. Aix\u00f2 ens permet adaptar les <strong>mudances amb traster<\/strong> a les necessitats reals de cada client, ja sigui un particular, una fam\u00edlia o una empresa. <\/p>\n\n<p>Si busques una <strong>mudan\u00e7a amb traster<\/strong> ben organitzada, amb un \u00fanic interlocutor i sense complicacions, Metrecubic \u00e9s una opci\u00f3 de confian\u00e7a.<\/p>\n\n<h2 class=\"wp-block-heading\"><strong>Preguntes freq\u00fcents sobre <\/strong><strong>mudances amb traster<\/strong><strong> (FAQs)<\/strong><\/h2>\n\n<h3 class=\"wp-block-heading\"><strong>Quant temps puc fer servir el traster despr\u00e9s dels 15 dies gratis?<\/strong><\/h3>\n\n<p>Despr\u00e9s dels 15 dies de traster gratis inclosos en el pack, pots seguir utilitzant el traster el temps que necessitis, adaptant la durada a la teva situaci\u00f3 concreta. El servei \u00e9s flexible i sense perman\u00e8ncies innecess\u00e0ries. <\/p>\n\n<h3 class=\"wp-block-heading\"><strong>Puc accedir a les meves coses mentre s\u00f3n al traster?<\/strong><\/h3>\n\n<p>S\u00ed. Els trasters de Metrecubic s\u00f3n accessibles i estan pensats perqu\u00e8 puguis accedir a les teves pertinences quan ho necessitis, sempre amb total seguretat i control d&#8217;acc\u00e9s. <\/p>\n\n<h3 class=\"wp-block-heading\"><strong>\u00c9s m\u00e9s econ\u00f2mic contractar una <\/strong><strong>mudan\u00e7a amb traster<\/strong><strong>?<\/strong><\/h3>\n\n<p>En la majoria de casos, s\u00ed. Contractar <strong>mudances amb traster<\/strong> en un sol pack sol ser m\u00e9s eficient i rendible que gestionar <strong>mudances i trasters<\/strong> per separat, a m\u00e9s d&#8217;estalviar temps i gestions. <\/p>\n\n<h3 class=\"wp-block-heading\"><strong>El pack de <\/strong><strong>mudan\u00e7a amb traster<\/strong><strong> \u00e9s nom\u00e9s per a particulars?<\/strong><\/h3>\n\n<p>No. Aquest servei est\u00e0 disponible tant per <a href=\"https:\/\/metrecubic.com\/ca\/serveis-especials\/mudances-per-a-particulars\/\">a particulars <\/a>com per <a href=\"https:\/\/metrecubic.com\/ca\/serveis-especials\/mudances-per-a-empreses-i-professionals\/\">a empreses, aut\u00f2noms<\/a> o <a href=\"https:\/\/metrecubic.com\/ca\/serveis-especials\/mudances-de-comercos\/\">comer\u00e7os <\/a>que necessitin una <strong>mudan\u00e7a amb traster<\/strong> temporal. <\/p>\n\n<h3 class=\"wp-block-heading\"><strong>Quina mida de traster necessito per a la meva mudan\u00e7a?<\/strong><\/h3>\n\n<p>La mida dep\u00e8n del volum de mobles i caixes. L&#8217;equip de Metrecubic t&#8217;assessora per triar el traster adequat i evitar pagar per espai que no necessites. <\/p>\n\n<h2 class=\"wp-block-heading\"><strong>La forma m\u00e9s flexible de mudar-te \u00e9s amb traster incl\u00f2s<\/strong><\/h2>\n\n<p>Una mudan\u00e7a no hauria d&#8217;obligar-te a anar amb presses ni a prendre decisions improvisades. Amb una <strong>mudan\u00e7a amb traster<\/strong>, ganes marge, ordre i tranquil\u00b7litat des del primer moment. <\/p>\n\n<p>El pack de Metrecubic, que combina <strong>mudances amb traster<\/strong> i <strong>15 dies de traster gratis<\/strong>, est\u00e0 pensat per adaptar-se a la realitat de cada client. Tant si el teu nou habitatge encara no est\u00e0 llest com si necessites espai extra durant una reforma o un trasllat per fases, aquesta soluci\u00f3 et permet organitzar la mudan\u00e7a al teu ritme. <\/p>\n\n<p>Si busques <strong>mudances i trasters<\/strong> gestionats per un mateix equip, amb seguretat, flexibilitat i un servei clar, la <strong>mudan\u00e7a amb traster<\/strong><strong> de <\/strong><a href=\"https:\/\/metrecubic.com\/ca\/\"><strong>Metrecubic<\/strong> <\/a>\u00e9s l&#8217;opci\u00f3 m\u00e9s c\u00f2moda per comen\u00e7ar aquesta nova etapa sense estr\u00e8s.<\/p>\n","protected":false},"excerpt":{"rendered":"<p>Quan una mudan\u00e7a necessita m\u00e9s espai i menys estr\u00e8s Una mudan\u00e7a no sempre \u00e9s &#8220;sortir d&#8217;una casa i entrar en una altra&#8221;. De vegades les dates no quadren, est\u00e0s en &hellip;<\/p>\n","protected":false},"author":1,"featured_media":9245,"comment_status":"closed","ping_status":"closed","sticky":false,"template":"","format":"standard","meta":{"_acf_changed":false,"footnotes":""},"categories":[154,270],"tags":[],"class_list":["post-9243","post","type-post","status-publish","format-standard","has-post-thumbnail","hentry","category-mudances","category-trasters-ca"],"acf":[],"yoast_head":"<!-- This site is optimized with the Yoast SEO plugin v27.4 - https:\/\/yoast.com\/product\/yoast-seo-wordpress\/ -->\n<title>Mudan\u00e7a amb traster: el pack de Metrecubic que t&#039;ho posa f\u00e0cil<\/title>\n<meta name=\"description\" content=\"Mudances amb traster incl\u00f2s: transport professional i 15 dies de traster gratis. La forma m\u00e9s c\u00f2moda i flexible de mudar-te.\" \/>\n<meta name=\"robots\" content=\"index, follow, max-snippet:-1, max-image-preview:large, max-video-preview:-1\" \/>\n<link rel=\"canonical\" href=\"https:\/\/metrecubic.com\/ca\/mudanca-amb-traster-el-pack-de-metrecubic-que-tho-posa-facil\/\" \/>\n<meta property=\"og:locale\" content=\"ca_ES\" \/>\n<meta property=\"og:type\" content=\"article\" \/>\n<meta property=\"og:title\" content=\"Mudan\u00e7a amb traster: el pack de Metrecubic que t&#039;ho posa f\u00e0cil\" \/>\n<meta property=\"og:description\" content=\"Mudances amb traster incl\u00f2s: transport professional i 15 dies de traster gratis. La forma m\u00e9s c\u00f2moda i flexible de mudar-te.\" \/>\n<meta property=\"og:url\" content=\"https:\/\/metrecubic.com\/ca\/mudanca-amb-traster-el-pack-de-metrecubic-que-tho-posa-facil\/\" \/>\n<meta property=\"og:site_name\" content=\"METRECUBIC\" \/>\n<meta property=\"article:published_time\" content=\"2025-12-16T10:40:49+00:00\" \/>\n<meta property=\"article:modified_time\" content=\"2025-12-16T10:45:47+00:00\" \/>\n<meta property=\"og:image\" content=\"https:\/\/metrecubic.com\/wp-content\/uploads\/IMG-20220426-WA0043.jpg\" \/>\n\t<meta property=\"og:image:width\" content=\"2048\" \/>\n\t<meta property=\"og:image:height\" content=\"1536\" \/>\n\t<meta property=\"og:image:type\" content=\"image\/jpeg\" \/>\n<meta name=\"author\" content=\"emfasi\" \/>\n<meta name=\"twitter:card\" content=\"summary_large_image\" \/>\n<meta name=\"twitter:label1\" content=\"Escrit per\" \/>\n\t<meta name=\"twitter:data1\" content=\"emfasi\" \/>\n\t<meta name=\"twitter:label2\" content=\"Temps estimat de lectura\" \/>\n\t<meta name=\"twitter:data2\" content=\"8 minuts\" \/>\n<script type=\"application\/ld+json\" class=\"yoast-schema-graph\">{\"@context\":\"https:\\\/\\\/schema.org\",\"@graph\":[{\"@type\":\"Article\",\"@id\":\"https:\\\/\\\/metrecubic.com\\\/ca\\\/mudanca-amb-traster-el-pack-de-metrecubic-que-tho-posa-facil\\\/#article\",\"isPartOf\":{\"@id\":\"https:\\\/\\\/metrecubic.com\\\/ca\\\/mudanca-amb-traster-el-pack-de-metrecubic-que-tho-posa-facil\\\/\"},\"author\":{\"name\":\"emfasi\",\"@id\":\"https:\\\/\\\/metrecubic.com\\\/ca\\\/#\\\/schema\\\/person\\\/a6ff476231cc7e78ec40fed152bcb241\"},\"headline\":\"Mudan\u00e7a amb traster: el pack de Metrecubic que t&#8217;ho posa f\u00e0cil\",\"datePublished\":\"2025-12-16T10:40:49+00:00\",\"dateModified\":\"2025-12-16T10:45:47+00:00\",\"mainEntityOfPage\":{\"@id\":\"https:\\\/\\\/metrecubic.com\\\/ca\\\/mudanca-amb-traster-el-pack-de-metrecubic-que-tho-posa-facil\\\/\"},\"wordCount\":1658,\"publisher\":{\"@id\":\"https:\\\/\\\/metrecubic.com\\\/ca\\\/#organization\"},\"image\":{\"@id\":\"https:\\\/\\\/metrecubic.com\\\/ca\\\/mudanca-amb-traster-el-pack-de-metrecubic-que-tho-posa-facil\\\/#primaryimage\"},\"thumbnailUrl\":\"https:\\\/\\\/metrecubic.com\\\/wp-content\\\/uploads\\\/IMG-20220426-WA0043.jpg\",\"articleSection\":[\"Mudances\",\"Trasters\"],\"inLanguage\":\"ca\"},{\"@type\":\"WebPage\",\"@id\":\"https:\\\/\\\/metrecubic.com\\\/ca\\\/mudanca-amb-traster-el-pack-de-metrecubic-que-tho-posa-facil\\\/\",\"url\":\"https:\\\/\\\/metrecubic.com\\\/ca\\\/mudanca-amb-traster-el-pack-de-metrecubic-que-tho-posa-facil\\\/\",\"name\":\"Mudan\u00e7a amb traster: el pack de Metrecubic que t'ho posa f\u00e0cil\",\"isPartOf\":{\"@id\":\"https:\\\/\\\/metrecubic.com\\\/ca\\\/#website\"},\"primaryImageOfPage\":{\"@id\":\"https:\\\/\\\/metrecubic.com\\\/ca\\\/mudanca-amb-traster-el-pack-de-metrecubic-que-tho-posa-facil\\\/#primaryimage\"},\"image\":{\"@id\":\"https:\\\/\\\/metrecubic.com\\\/ca\\\/mudanca-amb-traster-el-pack-de-metrecubic-que-tho-posa-facil\\\/#primaryimage\"},\"thumbnailUrl\":\"https:\\\/\\\/metrecubic.com\\\/wp-content\\\/uploads\\\/IMG-20220426-WA0043.jpg\",\"datePublished\":\"2025-12-16T10:40:49+00:00\",\"dateModified\":\"2025-12-16T10:45:47+00:00\",\"description\":\"Mudances amb traster incl\u00f2s: transport professional i 15 dies de traster gratis. La forma m\u00e9s c\u00f2moda i flexible de mudar-te.\",\"breadcrumb\":{\"@id\":\"https:\\\/\\\/metrecubic.com\\\/ca\\\/mudanca-amb-traster-el-pack-de-metrecubic-que-tho-posa-facil\\\/#breadcrumb\"},\"inLanguage\":\"ca\",\"potentialAction\":[{\"@type\":\"ReadAction\",\"target\":[\"https:\\\/\\\/metrecubic.com\\\/ca\\\/mudanca-amb-traster-el-pack-de-metrecubic-que-tho-posa-facil\\\/\"]}]},{\"@type\":\"ImageObject\",\"inLanguage\":\"ca\",\"@id\":\"https:\\\/\\\/metrecubic.com\\\/ca\\\/mudanca-amb-traster-el-pack-de-metrecubic-que-tho-posa-facil\\\/#primaryimage\",\"url\":\"https:\\\/\\\/metrecubic.com\\\/wp-content\\\/uploads\\\/IMG-20220426-WA0043.jpg\",\"contentUrl\":\"https:\\\/\\\/metrecubic.com\\\/wp-content\\\/uploads\\\/IMG-20220426-WA0043.jpg\",\"width\":2048,\"height\":1536},{\"@type\":\"BreadcrumbList\",\"@id\":\"https:\\\/\\\/metrecubic.com\\\/ca\\\/mudanca-amb-traster-el-pack-de-metrecubic-que-tho-posa-facil\\\/#breadcrumb\",\"itemListElement\":[{\"@type\":\"ListItem\",\"position\":1,\"name\":\"Portada\",\"item\":\"https:\\\/\\\/metrecubic.com\\\/ca\\\/\"},{\"@type\":\"ListItem\",\"position\":2,\"name\":\"Mudan\u00e7a amb traster: el pack de Metrecubic que t&#8217;ho posa f\u00e0cil\"}]},{\"@type\":\"WebSite\",\"@id\":\"https:\\\/\\\/metrecubic.com\\\/ca\\\/#website\",\"url\":\"https:\\\/\\\/metrecubic.com\\\/ca\\\/\",\"name\":\"METRECUBIC\",\"description\":\"Mudanzas y trasteros Sabadell y Girona\",\"publisher\":{\"@id\":\"https:\\\/\\\/metrecubic.com\\\/ca\\\/#organization\"},\"potentialAction\":[{\"@type\":\"SearchAction\",\"target\":{\"@type\":\"EntryPoint\",\"urlTemplate\":\"https:\\\/\\\/metrecubic.com\\\/ca\\\/?s={search_term_string}\"},\"query-input\":{\"@type\":\"PropertyValueSpecification\",\"valueRequired\":true,\"valueName\":\"search_term_string\"}}],\"inLanguage\":\"ca\"},{\"@type\":\"Organization\",\"@id\":\"https:\\\/\\\/metrecubic.com\\\/ca\\\/#organization\",\"name\":\"METRECUBIC\",\"url\":\"https:\\\/\\\/metrecubic.com\\\/ca\\\/\",\"logo\":{\"@type\":\"ImageObject\",\"inLanguage\":\"ca\",\"@id\":\"https:\\\/\\\/metrecubic.com\\\/ca\\\/#\\\/schema\\\/logo\\\/image\\\/\",\"url\":\"https:\\\/\\\/metrecubic.com\\\/wp-content\\\/uploads\\\/logo-metrecubic.png\",\"contentUrl\":\"https:\\\/\\\/metrecubic.com\\\/wp-content\\\/uploads\\\/logo-metrecubic.png\",\"width\":159,\"height\":159,\"caption\":\"METRECUBIC\"},\"image\":{\"@id\":\"https:\\\/\\\/metrecubic.com\\\/ca\\\/#\\\/schema\\\/logo\\\/image\\\/\"}},{\"@type\":\"Person\",\"@id\":\"https:\\\/\\\/metrecubic.com\\\/ca\\\/#\\\/schema\\\/person\\\/a6ff476231cc7e78ec40fed152bcb241\",\"name\":\"emfasi\",\"sameAs\":[\"https:\\\/\\\/metrecubic.com\"],\"url\":\"https:\\\/\\\/metrecubic.com\\\/ca\\\/author\\\/emfasi\\\/\"}]}<\/script>\n<!-- \/ Yoast SEO plugin. -->","yoast_head_json":{"title":"Mudan\u00e7a amb traster: el pack de Metrecubic que t'ho posa f\u00e0cil","description":"Mudances amb traster incl\u00f2s: transport professional i 15 dies de traster gratis. La forma m\u00e9s c\u00f2moda i flexible de mudar-te.","robots":{"index":"index","follow":"follow","max-snippet":"max-snippet:-1","max-image-preview":"max-image-preview:large","max-video-preview":"max-video-preview:-1"},"canonical":"https:\/\/metrecubic.com\/ca\/mudanca-amb-traster-el-pack-de-metrecubic-que-tho-posa-facil\/","og_locale":"ca_ES","og_type":"article","og_title":"Mudan\u00e7a amb traster: el pack de Metrecubic que t'ho posa f\u00e0cil","og_description":"Mudances amb traster incl\u00f2s: transport professional i 15 dies de traster gratis. La forma m\u00e9s c\u00f2moda i flexible de mudar-te.","og_url":"https:\/\/metrecubic.com\/ca\/mudanca-amb-traster-el-pack-de-metrecubic-que-tho-posa-facil\/","og_site_name":"METRECUBIC","article_published_time":"2025-12-16T10:40:49+00:00","article_modified_time":"2025-12-16T10:45:47+00:00","og_image":[{"width":2048,"height":1536,"url":"https:\/\/metrecubic.com\/wp-content\/uploads\/IMG-20220426-WA0043.jpg","type":"image\/jpeg"}],"author":"emfasi","twitter_card":"summary_large_image","twitter_misc":{"Escrit per":"emfasi","Temps estimat de lectura":"8 minuts"},"schema":{"@context":"https:\/\/schema.org","@graph":[{"@type":"Article","@id":"https:\/\/metrecubic.com\/ca\/mudanca-amb-traster-el-pack-de-metrecubic-que-tho-posa-facil\/#article","isPartOf":{"@id":"https:\/\/metrecubic.com\/ca\/mudanca-amb-traster-el-pack-de-metrecubic-que-tho-posa-facil\/"},"author":{"name":"emfasi","@id":"https:\/\/metrecubic.com\/ca\/#\/schema\/person\/a6ff476231cc7e78ec40fed152bcb241"},"headline":"Mudan\u00e7a amb traster: el pack de Metrecubic que t&#8217;ho posa f\u00e0cil","datePublished":"2025-12-16T10:40:49+00:00","dateModified":"2025-12-16T10:45:47+00:00","mainEntityOfPage":{"@id":"https:\/\/metrecubic.com\/ca\/mudanca-amb-traster-el-pack-de-metrecubic-que-tho-posa-facil\/"},"wordCount":1658,"publisher":{"@id":"https:\/\/metrecubic.com\/ca\/#organization"},"image":{"@id":"https:\/\/metrecubic.com\/ca\/mudanca-amb-traster-el-pack-de-metrecubic-que-tho-posa-facil\/#primaryimage"},"thumbnailUrl":"https:\/\/metrecubic.com\/wp-content\/uploads\/IMG-20220426-WA0043.jpg","articleSection":["Mudances","Trasters"],"inLanguage":"ca"},{"@type":"WebPage","@id":"https:\/\/metrecubic.com\/ca\/mudanca-amb-traster-el-pack-de-metrecubic-que-tho-posa-facil\/","url":"https:\/\/metrecubic.com\/ca\/mudanca-amb-traster-el-pack-de-metrecubic-que-tho-posa-facil\/","name":"Mudan\u00e7a amb traster: el pack de Metrecubic que t'ho posa f\u00e0cil","isPartOf":{"@id":"https:\/\/metrecubic.com\/ca\/#website"},"primaryImageOfPage":{"@id":"https:\/\/metrecubic.com\/ca\/mudanca-amb-traster-el-pack-de-metrecubic-que-tho-posa-facil\/#primaryimage"},"image":{"@id":"https:\/\/metrecubic.com\/ca\/mudanca-amb-traster-el-pack-de-metrecubic-que-tho-posa-facil\/#primaryimage"},"thumbnailUrl":"https:\/\/metrecubic.com\/wp-content\/uploads\/IMG-20220426-WA0043.jpg","datePublished":"2025-12-16T10:40:49+00:00","dateModified":"2025-12-16T10:45:47+00:00","description":"Mudances amb traster incl\u00f2s: transport professional i 15 dies de traster gratis. La forma m\u00e9s c\u00f2moda i flexible de mudar-te.","breadcrumb":{"@id":"https:\/\/metrecubic.com\/ca\/mudanca-amb-traster-el-pack-de-metrecubic-que-tho-posa-facil\/#breadcrumb"},"inLanguage":"ca","potentialAction":[{"@type":"ReadAction","target":["https:\/\/metrecubic.com\/ca\/mudanca-amb-traster-el-pack-de-metrecubic-que-tho-posa-facil\/"]}]},{"@type":"ImageObject","inLanguage":"ca","@id":"https:\/\/metrecubic.com\/ca\/mudanca-amb-traster-el-pack-de-metrecubic-que-tho-posa-facil\/#primaryimage","url":"https:\/\/metrecubic.com\/wp-content\/uploads\/IMG-20220426-WA0043.jpg","contentUrl":"https:\/\/metrecubic.com\/wp-content\/uploads\/IMG-20220426-WA0043.jpg","width":2048,"height":1536},{"@type":"BreadcrumbList","@id":"https:\/\/metrecubic.com\/ca\/mudanca-amb-traster-el-pack-de-metrecubic-que-tho-posa-facil\/#breadcrumb","itemListElement":[{"@type":"ListItem","position":1,"name":"Portada","item":"https:\/\/metrecubic.com\/ca\/"},{"@type":"ListItem","position":2,"name":"Mudan\u00e7a amb traster: el pack de Metrecubic que t&#8217;ho posa f\u00e0cil"}]},{"@type":"WebSite","@id":"https:\/\/metrecubic.com\/ca\/#website","url":"https:\/\/metrecubic.com\/ca\/","name":"METRECUBIC","description":"Mudanzas y trasteros Sabadell y Girona","publisher":{"@id":"https:\/\/metrecubic.com\/ca\/#organization"},"potentialAction":[{"@type":"SearchAction","target":{"@type":"EntryPoint","urlTemplate":"https:\/\/metrecubic.com\/ca\/?s={search_term_string}"},"query-input":{"@type":"PropertyValueSpecification","valueRequired":true,"valueName":"search_term_string"}}],"inLanguage":"ca"},{"@type":"Organization","@id":"https:\/\/metrecubic.com\/ca\/#organization","name":"METRECUBIC","url":"https:\/\/metrecubic.com\/ca\/","logo":{"@type":"ImageObject","inLanguage":"ca","@id":"https:\/\/metrecubic.com\/ca\/#\/schema\/logo\/image\/","url":"https:\/\/metrecubic.com\/wp-content\/uploads\/logo-metrecubic.png","contentUrl":"https:\/\/metrecubic.com\/wp-content\/uploads\/logo-metrecubic.png","width":159,"height":159,"caption":"METRECUBIC"},"image":{"@id":"https:\/\/metrecubic.com\/ca\/#\/schema\/logo\/image\/"}},{"@type":"Person","@id":"https:\/\/metrecubic.com\/ca\/#\/schema\/person\/a6ff476231cc7e78ec40fed152bcb241","name":"emfasi","sameAs":["https:\/\/metrecubic.com"],"url":"https:\/\/metrecubic.com\/ca\/author\/emfasi\/"}]}},"_links":{"self":[{"href":"https:\/\/metrecubic.com\/ca\/wp-json\/wp\/v2\/posts\/9243","targetHints":{"allow":["GET"]}}],"collection":[{"href":"https:\/\/metrecubic.com\/ca\/wp-json\/wp\/v2\/posts"}],"about":[{"href":"https:\/\/metrecubic.com\/ca\/wp-json\/wp\/v2\/types\/post"}],"author":[{"embeddable":true,"href":"https:\/\/metrecubic.com\/ca\/wp-json\/wp\/v2\/users\/1"}],"replies":[{"embeddable":true,"href":"https:\/\/metrecubic.com\/ca\/wp-json\/wp\/v2\/comments?post=9243"}],"version-history":[{"count":1,"href":"https:\/\/metrecubic.com\/ca\/wp-json\/wp\/v2\/posts\/9243\/revisions"}],"predecessor-version":[{"id":9246,"href":"https:\/\/metrecubic.com\/ca\/wp-json\/wp\/v2\/posts\/9243\/revisions\/9246"}],"wp:featuredmedia":[{"embeddable":true,"href":"https:\/\/metrecubic.com\/ca\/wp-json\/wp\/v2\/media\/9245"}],"wp:attachment":[{"href":"https:\/\/metrecubic.com\/ca\/wp-json\/wp\/v2\/media?parent=9243"}],"wp:term":[{"taxonomy":"category","embeddable":true,"href":"https:\/\/metrecubic.com\/ca\/wp-json\/wp\/v2\/categories?post=9243"},{"taxonomy":"post_tag","embeddable":true,"href":"https:\/\/metrecubic.com\/ca\/wp-json\/wp\/v2\/tags?post=9243"}],"curies":[{"name":"wp","href":"https:\/\/api.w.org\/{rel}","templated":true}]}}