{"id":5665,"date":"2025-03-05T07:34:50","date_gmt":"2025-03-05T07:34:50","guid":{"rendered":"https:\/\/metrecubic.com\/?p=5665"},"modified":"2025-10-28T14:19:52","modified_gmt":"2025-10-28T14:19:52","slug":"es-rendible-el-lloguer-de-trasters-per-a-empreses-beneficis-i-usos-comuns","status":"publish","type":"post","link":"https:\/\/metrecubic.com\/ca\/blog\/es-rendible-el-lloguer-de-trasters-per-a-empreses-beneficis-i-usos-comuns\/","title":{"rendered":"\u00c9s rendible el lloguer de trasters per a empreses? Beneficis i usos comuns"},"content":{"rendered":"\n<p>L\u2019emmagatzematge \u00e9s un aspecte clau en l\u2019organitzaci\u00f3 de qualsevol negoci. Amb el creixement de les empreses i la necessitat d\u2019optimitzar espais de treball, el <a href=\"https:\/\/metrecubic.com\/ca\/lloguer-de-trasters\/\">lloguer de trasters<\/a> s\u2019ha convertit en una alternativa rendible i funcional. Per\u00f2, realment compensa aquesta inversi\u00f3? En aquest article, analitzarem els beneficis, costos i usos comuns dels trasters per a empreses.<\/p>\n\n\n\n<h2 class=\"wp-block-heading\">L\u2019auge del lloguer de trasters per a empreses<\/h2>\n\n\n\n<p>Cada cop m\u00e9s negocis recorren al traster de lloguer com a soluci\u00f3 pr\u00e0ctica per optimitzar la seva operativa. Des de petits emprenedors fins a grans corporacions, les empreses busquen reduir costos i millorar la gesti\u00f3 de l\u2019espai.<\/p>\n\n\n\n<p>Llogar un traster permet evitar els alts preus d\u2019oficines o magatzems tradicionals i ofereix flexibilitat per adaptar-se a les necessitats canviants del negoci. En aquest context, \u00e9s important avaluar si aquesta opci\u00f3 \u00e9s realment rendible i com pot beneficiar cada tipus d\u2019empresa.<\/p>\n\n\n\n<h2 class=\"wp-block-heading\">Qu\u00e8 implica el lloguer de trasters per a empreses?<\/h2>\n\n\n\n<p>Per a les empreses, llogar un traster no nom\u00e9s implica disposar d\u2019un espai extra per emmagatzemar b\u00e9ns, sin\u00f3 tamb\u00e9 millorar l\u2019efici\u00e8ncia operativa. Des de l\u2019emmagatzematge d\u2019inventari fins a la conservaci\u00f3 de documents, els trasters ofereixen m\u00faltiples possibilitats segons les necessitats de cada negoci.<\/p>\n\n\n\n<h2 class=\"wp-block-heading\">Com funciona el lloguer de trasters?<\/h2>\n\n\n\n<p>El proc\u00e9s de lloguer de trasters per a empreses \u00e9s senzill i flexible. En general, es segueixen aquests passos:<\/p>\n\n\n\n<ul class=\"wp-block-list\">\n<li>Elecci\u00f3 de la mida adequada segons les necessitats.<\/li>\n\n\n\n<li>Signatura del contracte amb opcions de lloguer a curt o llarg termini.<\/li>\n\n\n\n<li>Acc\u00e9s segur i controlat per gestionar l\u2019emmagatzematge quan sigui necessari.<\/li>\n\n\n\n<li>Possibilitat de canviar a un traster m\u00e9s gran o petit segons l\u2019evoluci\u00f3 del negoci.<\/li>\n\n\n\n<li>Opcions d\u2019asseguran\u00e7a per protegir el contingut emmagatzemat.<\/li>\n<\/ul>\n\n\n\n<p>A difer\u00e8ncia del lloguer d\u2019un local complet, un traster de lloguer permet reduir costos fixos i pagar nom\u00e9s per l\u2019espai necessari. A m\u00e9s, la seva disponibilitat immediata permet a les empreses respondre r\u00e0pidament als pics de demanda sense necessitat d\u2019inversions a llarg termini.<\/p>\n\n\n\n<h2 class=\"wp-block-heading\">\u00c9s rendible el lloguer de trasters per a empreses?<\/h2>\n\n\n\n<p>Per determinar si un traster \u00e9s rendible, cal comparar costos i beneficis, tenint en compte no nom\u00e9s l\u2019estalvi econ\u00f2mic immediat, sin\u00f3 tamb\u00e9 l\u2019optimitzaci\u00f3 de l\u2019espai i la millora en l\u2019efici\u00e8ncia operativa. Moltes empreses troben que l\u2019\u00fas de trasters els permet reorganitzar la seva estructura sense necessitat de fer inversions en immobles o grans magatzems.<\/p>\n\n\n\n<ul class=\"wp-block-list\">\n<li><strong>Despesa mensual del traster vs. lloguer d\u2019un local complet.<\/strong> Llogar un traster sol ser significativament m\u00e9s econ\u00f2mic que llogar un local o magatzem, reduint costos fixos i millorant la rendibilitat del negoci.<\/li>\n\n\n\n<li><strong>Reducci\u00f3 de costos operatius i log\u00edstics.<\/strong> En evitar la necessitat de mantenir grans espais f\u00edsics, es redueixen despeses en electricitat, neteja i personal de manteniment.<\/li>\n\n\n\n<li><strong>Major organitzaci\u00f3 i seguretat en la gesti\u00f3 de b\u00e9ns empresarials.<\/strong> Un traster facilita la classificaci\u00f3 i l\u2019emmagatzematge ordenat de productes, documents i eines, assegurant-ne la conservaci\u00f3 en condicions \u00f2ptimes.<\/li>\n\n\n\n<li><strong>Flexibilitat per adaptar-se als canvis del negoci sense grans inversions.<\/strong> Les empreses poden llogar trasters de diferents mides segons les seves necessitats i modificar l\u2019espai a mesura que el negoci creix o canvia d\u2019estrat\u00e8gia.<\/li>\n\n\n\n<li><strong>Reducci\u00f3 del risc financer.<\/strong> En lloc de fer una inversi\u00f3 considerable en infraestructura, el lloguer de trasters permet a les empreses mantenir costos variables i adaptar-los a la seva situaci\u00f3 econ\u00f2mica.<\/li>\n\n\n\n<li><strong>Augment de la productivitat del personal.<\/strong> Comptar amb un espai de treball endre\u00e7at i lliure d\u2019emmagatzematge innecessari millora el rendiment i l\u2019efici\u00e8ncia dels empleats.<\/li>\n<\/ul>\n\n\n\n<p>Les empreses que m\u00e9s es beneficien d\u2019aquesta opci\u00f3 s\u00f3n aquelles amb necessitats d\u2019emmagatzematge flexible, com comer\u00e7os, empreses d\u2019esdeveniments, constructores o negocis amb estoc variable. Tamb\u00e9 aquelles que necessiten gestionar documentaci\u00f3 a llarg termini sense sobrecarregar les seves oficines. En molts casos, els trasters es converteixen en aliats estrat\u00e8gics per al creixement empresarial, oferint una soluci\u00f3 adaptable i assequible als seus requeriments operatius.<\/p>\n\n\n\n<h2 class=\"wp-block-heading\">Beneficis clau del lloguer de trasters per a empreses<\/h2>\n\n\n\n<p>A m\u00e9s de la reducci\u00f3 de costos que suposa, el lloguer de trasters aporta nombrosos avantatges per als negocis.<\/p>\n\n\n\n<h3 class=\"wp-block-heading\">Flexibilitat i escalabilitat<\/h3>\n\n\n\n<p>Les empreses poden augmentar o disminuir la mida del traster segons la seva evoluci\u00f3. Aix\u00f2 \u00e9s ideal per a negocis amb demandes variables, com comer\u00e7os amb inventari estacional.<\/p>\n\n\n\n<h3 class=\"wp-block-heading\">Seguretat garantida<\/h3>\n\n\n\n<p>Els trasters compten amb sistemes de vigil\u00e0ncia, acc\u00e9s restringit i protecci\u00f3 contra incendis o humitat. Aix\u00f2 assegura la integritat dels b\u00e9ns emmagatzemats, com documents, eines o inventaris.<\/p>\n\n\n\n<h3 class=\"wp-block-heading\">Ubicaci\u00f3 estrat\u00e8gica<\/h3>\n\n\n\n<p>Triar un traster en una zona propera a l\u2019empresa facilita la log\u00edstica i l\u2019acc\u00e9s r\u00e0pid als b\u00e9ns emmagatzemats, reduint temps de transport.<\/p>\n\n\n\n<h2 class=\"wp-block-heading\">Usos m\u00e9s comuns dels trasters per a empreses<\/h2>\n\n\n\n<p>El traster de lloguer no nom\u00e9s serveix per guardar caixes, sin\u00f3 que t\u00e9 aplicacions espec\u00edfiques en diferents sectors empresarials.<\/p>\n\n\n\n<h3 class=\"wp-block-heading\">Emmagatzematge d\u2019inventari<\/h3>\n\n\n\n<p>Moltes empreses, especialment comer\u00e7os electr\u00f2nics i minoristes, utilitzen trasters per gestionar el seu estoc sense necessitat de llogar grans magatzems.<\/p>\n\n\n\n<h3 class=\"wp-block-heading\">Guardar eines i equips<\/h3>\n\n\n\n<p>Negocis com constructores, empreses de manteniment o d\u2019esdeveniments requereixen espais segurs per emmagatzemar equips i materials de treball.<\/p>\n\n\n\n<h3 class=\"wp-block-heading\">Arxiu de documents i materials administratius<\/h3>\n\n\n\n<p>Les empreses que gestionen grans volums de documentaci\u00f3 poden aprofitar els trasters per guardar arxius amb seguretat i ordre.<\/p>\n\n\n\n<h3 class=\"wp-block-heading\">Suport en processos de mudances empresarials<\/h3>\n\n\n\n<p>Quan una empresa canvia de seu, els trasters ofereixen una soluci\u00f3 temporal per emmagatzemar mobles i equips sense interrompre l\u2019operativa. A m\u00e9s, a Metrecubic tens l\u2019opci\u00f3 de contractar el teu <a href=\"https:\/\/metrecubic.com\/ca\/serveis-especials\/mudances-per-a-empreses-i-professionals\/\">pack de mudan\u00e7a<\/a> amb 15 dies de traster gratu\u00efts.<\/p>\n\n\n\n<h2 class=\"wp-block-heading\">Qu\u00e8 considerar abans de llogar un traster per a empreses?<\/h2>\n\n\n\n<p>Abans d\u2019optar per un traster, \u00e9s important analitzar certs factors per triar la millor opci\u00f3 segons les necessitats del negoci.<\/p>\n\n\n\n<h3 class=\"wp-block-heading\">Mida i capacitat del traster<\/h3>\n\n\n\n<p>Calcular l\u2019espai necessari \u00e9s clau per evitar pagar de m\u00e9s o quedar-se curt. Hi ha opcions des de petits trasters fins a grans magatzems.<\/p>\n\n\n\n<h3 class=\"wp-block-heading\">Serveis addicionals inclosos<\/h3>\n\n\n\n<p>Alguns trasters ofereixen extres com seguretat 24\/7, climatitzaci\u00f3 o serveis de mudan\u00e7a. Avaluar aquests aspectes pot marcar la difer\u00e8ncia.<\/p>\n\n\n\n<h3 class=\"wp-block-heading\">Ubicaci\u00f3 del traster<\/h3>\n\n\n\n<p>La proximitat a la seu de l\u2019empresa pot estalviar temps i costos de despla\u00e7ament, millorant l\u2019efici\u00e8ncia log\u00edstica. Descobreix quin \u00e9s el <a href=\"https:\/\/metrecubic.com\/ca\/lloguer-de-trasters\/\">traster de Metrecubic<\/a> m\u00e9s proper a tu.<\/p>\n\n\n\n<h2 class=\"wp-block-heading\">Lloguer de trasters, una inversi\u00f3 intel\u00b7ligent per a empreses<\/h2>\n\n\n\n<p>En definitiva, el lloguer de trasters \u00e9s una soluci\u00f3 pr\u00e0ctica, econ\u00f2mica i flexible per optimitzar l\u2019espai i reduir costos operatius a les empreses.Si busques una soluci\u00f3 eficient per al teu negoci, <a href=\"https:\/\/metrecubic.com\/ca\/contacte\/\">contacta amb Metrecubic<\/a> i sol\u00b7licita un pressupost personalitzat. Descobreix com podem ajudar-te a millorar la gesti\u00f3 del teu espai sense complicacions.<\/p>\n","protected":false},"excerpt":{"rendered":"<p>L\u2019emmagatzematge \u00e9s un aspecte clau en l\u2019organitzaci\u00f3 de qualsevol negoci. Amb el creixement de les empreses i la necessitat d\u2019optimitzar espais de treball, el lloguer de trasters s\u2019ha convertit en &hellip;<\/p>\n","protected":false},"author":1,"featured_media":5661,"comment_status":"closed","ping_status":"closed","sticky":false,"template":"","format":"standard","meta":{"_acf_changed":false,"footnotes":""},"categories":[204,270],"tags":[],"class_list":["post-5665","post","type-post","status-publish","format-standard","has-post-thumbnail","hentry","category-trasters","category-trasters-ca"],"acf":[],"yoast_head":"<!-- This site is optimized with the Yoast SEO plugin v27.4 - https:\/\/yoast.com\/product\/yoast-seo-wordpress\/ -->\n<title>\u00c9s rendible el lloguer de trasters per a empreses? Beneficis i usos comuns<\/title>\n<meta name=\"description\" content=\"\u00c9s rendible el lloguer de trasters per a empreses? Descobreix els seus beneficis, usos comuns i com optimitzar els teus costos amb aquesta soluci\u00f3 flexible.\" \/>\n<meta name=\"robots\" content=\"index, follow, max-snippet:-1, max-image-preview:large, max-video-preview:-1\" \/>\n<link rel=\"canonical\" href=\"https:\/\/metrecubic.com\/ca\/blog\/es-rendible-el-lloguer-de-trasters-per-a-empreses-beneficis-i-usos-comuns\/\" \/>\n<meta property=\"og:locale\" content=\"ca_ES\" \/>\n<meta property=\"og:type\" content=\"article\" \/>\n<meta property=\"og:title\" content=\"\u00c9s rendible el lloguer de trasters per a empreses? Beneficis i usos comuns\" \/>\n<meta property=\"og:description\" content=\"\u00c9s rendible el lloguer de trasters per a empreses? Descobreix els seus beneficis, usos comuns i com optimitzar els teus costos amb aquesta soluci\u00f3 flexible.\" \/>\n<meta property=\"og:url\" content=\"https:\/\/metrecubic.com\/ca\/blog\/es-rendible-el-lloguer-de-trasters-per-a-empreses-beneficis-i-usos-comuns\/\" \/>\n<meta property=\"og:site_name\" content=\"METRECUBIC\" \/>\n<meta property=\"article:published_time\" content=\"2025-03-05T07:34:50+00:00\" \/>\n<meta property=\"article:modified_time\" content=\"2025-10-28T14:19:52+00:00\" \/>\n<meta property=\"og:image\" content=\"https:\/\/metrecubic.com\/wp-content\/uploads\/storage--mg-9204-1.jpg\" \/>\n\t<meta property=\"og:image:width\" content=\"2540\" \/>\n\t<meta property=\"og:image:height\" content=\"1693\" \/>\n\t<meta property=\"og:image:type\" content=\"image\/jpeg\" \/>\n<meta name=\"author\" content=\"emfasi\" \/>\n<meta name=\"twitter:card\" content=\"summary_large_image\" \/>\n<meta name=\"twitter:label1\" content=\"Escrit per\" \/>\n\t<meta name=\"twitter:data1\" content=\"emfasi\" \/>\n\t<meta name=\"twitter:label2\" content=\"Temps estimat de lectura\" \/>\n\t<meta name=\"twitter:data2\" content=\"5 minuts\" \/>\n<script type=\"application\/ld+json\" class=\"yoast-schema-graph\">{\"@context\":\"https:\\\/\\\/schema.org\",\"@graph\":[{\"@type\":\"Article\",\"@id\":\"https:\\\/\\\/metrecubic.com\\\/ca\\\/blog\\\/es-rendible-el-lloguer-de-trasters-per-a-empreses-beneficis-i-usos-comuns\\\/#article\",\"isPartOf\":{\"@id\":\"https:\\\/\\\/metrecubic.com\\\/ca\\\/blog\\\/es-rendible-el-lloguer-de-trasters-per-a-empreses-beneficis-i-usos-comuns\\\/\"},\"author\":{\"name\":\"emfasi\",\"@id\":\"https:\\\/\\\/metrecubic.com\\\/ca\\\/#\\\/schema\\\/person\\\/a6ff476231cc7e78ec40fed152bcb241\"},\"headline\":\"\u00c9s rendible el lloguer de trasters per a empreses? Beneficis i usos comuns\",\"datePublished\":\"2025-03-05T07:34:50+00:00\",\"dateModified\":\"2025-10-28T14:19:52+00:00\",\"mainEntityOfPage\":{\"@id\":\"https:\\\/\\\/metrecubic.com\\\/ca\\\/blog\\\/es-rendible-el-lloguer-de-trasters-per-a-empreses-beneficis-i-usos-comuns\\\/\"},\"wordCount\":1153,\"publisher\":{\"@id\":\"https:\\\/\\\/metrecubic.com\\\/ca\\\/#organization\"},\"image\":{\"@id\":\"https:\\\/\\\/metrecubic.com\\\/ca\\\/blog\\\/es-rendible-el-lloguer-de-trasters-per-a-empreses-beneficis-i-usos-comuns\\\/#primaryimage\"},\"thumbnailUrl\":\"https:\\\/\\\/metrecubic.com\\\/wp-content\\\/uploads\\\/storage--mg-9204-1.jpg\",\"articleSection\":[\"Trasters\",\"Trasters\"],\"inLanguage\":\"ca\"},{\"@type\":\"WebPage\",\"@id\":\"https:\\\/\\\/metrecubic.com\\\/ca\\\/blog\\\/es-rendible-el-lloguer-de-trasters-per-a-empreses-beneficis-i-usos-comuns\\\/\",\"url\":\"https:\\\/\\\/metrecubic.com\\\/ca\\\/blog\\\/es-rendible-el-lloguer-de-trasters-per-a-empreses-beneficis-i-usos-comuns\\\/\",\"name\":\"\u00c9s rendible el lloguer de trasters per a empreses? Beneficis i usos comuns\",\"isPartOf\":{\"@id\":\"https:\\\/\\\/metrecubic.com\\\/ca\\\/#website\"},\"primaryImageOfPage\":{\"@id\":\"https:\\\/\\\/metrecubic.com\\\/ca\\\/blog\\\/es-rendible-el-lloguer-de-trasters-per-a-empreses-beneficis-i-usos-comuns\\\/#primaryimage\"},\"image\":{\"@id\":\"https:\\\/\\\/metrecubic.com\\\/ca\\\/blog\\\/es-rendible-el-lloguer-de-trasters-per-a-empreses-beneficis-i-usos-comuns\\\/#primaryimage\"},\"thumbnailUrl\":\"https:\\\/\\\/metrecubic.com\\\/wp-content\\\/uploads\\\/storage--mg-9204-1.jpg\",\"datePublished\":\"2025-03-05T07:34:50+00:00\",\"dateModified\":\"2025-10-28T14:19:52+00:00\",\"description\":\"\u00c9s rendible el lloguer de trasters per a empreses? Descobreix els seus beneficis, usos comuns i com optimitzar els teus costos amb aquesta soluci\u00f3 flexible.\",\"breadcrumb\":{\"@id\":\"https:\\\/\\\/metrecubic.com\\\/ca\\\/blog\\\/es-rendible-el-lloguer-de-trasters-per-a-empreses-beneficis-i-usos-comuns\\\/#breadcrumb\"},\"inLanguage\":\"ca\",\"potentialAction\":[{\"@type\":\"ReadAction\",\"target\":[\"https:\\\/\\\/metrecubic.com\\\/ca\\\/blog\\\/es-rendible-el-lloguer-de-trasters-per-a-empreses-beneficis-i-usos-comuns\\\/\"]}]},{\"@type\":\"ImageObject\",\"inLanguage\":\"ca\",\"@id\":\"https:\\\/\\\/metrecubic.com\\\/ca\\\/blog\\\/es-rendible-el-lloguer-de-trasters-per-a-empreses-beneficis-i-usos-comuns\\\/#primaryimage\",\"url\":\"https:\\\/\\\/metrecubic.com\\\/wp-content\\\/uploads\\\/storage--mg-9204-1.jpg\",\"contentUrl\":\"https:\\\/\\\/metrecubic.com\\\/wp-content\\\/uploads\\\/storage--mg-9204-1.jpg\",\"width\":2540,\"height\":1693},{\"@type\":\"BreadcrumbList\",\"@id\":\"https:\\\/\\\/metrecubic.com\\\/ca\\\/blog\\\/es-rendible-el-lloguer-de-trasters-per-a-empreses-beneficis-i-usos-comuns\\\/#breadcrumb\",\"itemListElement\":[{\"@type\":\"ListItem\",\"position\":1,\"name\":\"Portada\",\"item\":\"https:\\\/\\\/metrecubic.com\\\/ca\\\/\"},{\"@type\":\"ListItem\",\"position\":2,\"name\":\"\u00c9s rendible el lloguer de trasters per a empreses? Beneficis i usos comuns\"}]},{\"@type\":\"WebSite\",\"@id\":\"https:\\\/\\\/metrecubic.com\\\/ca\\\/#website\",\"url\":\"https:\\\/\\\/metrecubic.com\\\/ca\\\/\",\"name\":\"METRECUBIC\",\"description\":\"Mudanzas y trasteros Sabadell y Girona\",\"publisher\":{\"@id\":\"https:\\\/\\\/metrecubic.com\\\/ca\\\/#organization\"},\"potentialAction\":[{\"@type\":\"SearchAction\",\"target\":{\"@type\":\"EntryPoint\",\"urlTemplate\":\"https:\\\/\\\/metrecubic.com\\\/ca\\\/?s={search_term_string}\"},\"query-input\":{\"@type\":\"PropertyValueSpecification\",\"valueRequired\":true,\"valueName\":\"search_term_string\"}}],\"inLanguage\":\"ca\"},{\"@type\":\"Organization\",\"@id\":\"https:\\\/\\\/metrecubic.com\\\/ca\\\/#organization\",\"name\":\"METRECUBIC\",\"url\":\"https:\\\/\\\/metrecubic.com\\\/ca\\\/\",\"logo\":{\"@type\":\"ImageObject\",\"inLanguage\":\"ca\",\"@id\":\"https:\\\/\\\/metrecubic.com\\\/ca\\\/#\\\/schema\\\/logo\\\/image\\\/\",\"url\":\"https:\\\/\\\/metrecubic.com\\\/wp-content\\\/uploads\\\/logo-metrecubic.png\",\"contentUrl\":\"https:\\\/\\\/metrecubic.com\\\/wp-content\\\/uploads\\\/logo-metrecubic.png\",\"width\":159,\"height\":159,\"caption\":\"METRECUBIC\"},\"image\":{\"@id\":\"https:\\\/\\\/metrecubic.com\\\/ca\\\/#\\\/schema\\\/logo\\\/image\\\/\"}},{\"@type\":\"Person\",\"@id\":\"https:\\\/\\\/metrecubic.com\\\/ca\\\/#\\\/schema\\\/person\\\/a6ff476231cc7e78ec40fed152bcb241\",\"name\":\"emfasi\",\"sameAs\":[\"https:\\\/\\\/metrecubic.com\"],\"url\":\"https:\\\/\\\/metrecubic.com\\\/ca\\\/author\\\/emfasi\\\/\"}]}<\/script>\n<!-- \/ Yoast SEO plugin. -->","yoast_head_json":{"title":"\u00c9s rendible el lloguer de trasters per a empreses? Beneficis i usos comuns","description":"\u00c9s rendible el lloguer de trasters per a empreses? Descobreix els seus beneficis, usos comuns i com optimitzar els teus costos amb aquesta soluci\u00f3 flexible.","robots":{"index":"index","follow":"follow","max-snippet":"max-snippet:-1","max-image-preview":"max-image-preview:large","max-video-preview":"max-video-preview:-1"},"canonical":"https:\/\/metrecubic.com\/ca\/blog\/es-rendible-el-lloguer-de-trasters-per-a-empreses-beneficis-i-usos-comuns\/","og_locale":"ca_ES","og_type":"article","og_title":"\u00c9s rendible el lloguer de trasters per a empreses? Beneficis i usos comuns","og_description":"\u00c9s rendible el lloguer de trasters per a empreses? Descobreix els seus beneficis, usos comuns i com optimitzar els teus costos amb aquesta soluci\u00f3 flexible.","og_url":"https:\/\/metrecubic.com\/ca\/blog\/es-rendible-el-lloguer-de-trasters-per-a-empreses-beneficis-i-usos-comuns\/","og_site_name":"METRECUBIC","article_published_time":"2025-03-05T07:34:50+00:00","article_modified_time":"2025-10-28T14:19:52+00:00","og_image":[{"width":2540,"height":1693,"url":"https:\/\/metrecubic.com\/wp-content\/uploads\/storage--mg-9204-1.jpg","type":"image\/jpeg"}],"author":"emfasi","twitter_card":"summary_large_image","twitter_misc":{"Escrit per":"emfasi","Temps estimat de lectura":"5 minuts"},"schema":{"@context":"https:\/\/schema.org","@graph":[{"@type":"Article","@id":"https:\/\/metrecubic.com\/ca\/blog\/es-rendible-el-lloguer-de-trasters-per-a-empreses-beneficis-i-usos-comuns\/#article","isPartOf":{"@id":"https:\/\/metrecubic.com\/ca\/blog\/es-rendible-el-lloguer-de-trasters-per-a-empreses-beneficis-i-usos-comuns\/"},"author":{"name":"emfasi","@id":"https:\/\/metrecubic.com\/ca\/#\/schema\/person\/a6ff476231cc7e78ec40fed152bcb241"},"headline":"\u00c9s rendible el lloguer de trasters per a empreses? Beneficis i usos comuns","datePublished":"2025-03-05T07:34:50+00:00","dateModified":"2025-10-28T14:19:52+00:00","mainEntityOfPage":{"@id":"https:\/\/metrecubic.com\/ca\/blog\/es-rendible-el-lloguer-de-trasters-per-a-empreses-beneficis-i-usos-comuns\/"},"wordCount":1153,"publisher":{"@id":"https:\/\/metrecubic.com\/ca\/#organization"},"image":{"@id":"https:\/\/metrecubic.com\/ca\/blog\/es-rendible-el-lloguer-de-trasters-per-a-empreses-beneficis-i-usos-comuns\/#primaryimage"},"thumbnailUrl":"https:\/\/metrecubic.com\/wp-content\/uploads\/storage--mg-9204-1.jpg","articleSection":["Trasters","Trasters"],"inLanguage":"ca"},{"@type":"WebPage","@id":"https:\/\/metrecubic.com\/ca\/blog\/es-rendible-el-lloguer-de-trasters-per-a-empreses-beneficis-i-usos-comuns\/","url":"https:\/\/metrecubic.com\/ca\/blog\/es-rendible-el-lloguer-de-trasters-per-a-empreses-beneficis-i-usos-comuns\/","name":"\u00c9s rendible el lloguer de trasters per a empreses? Beneficis i usos comuns","isPartOf":{"@id":"https:\/\/metrecubic.com\/ca\/#website"},"primaryImageOfPage":{"@id":"https:\/\/metrecubic.com\/ca\/blog\/es-rendible-el-lloguer-de-trasters-per-a-empreses-beneficis-i-usos-comuns\/#primaryimage"},"image":{"@id":"https:\/\/metrecubic.com\/ca\/blog\/es-rendible-el-lloguer-de-trasters-per-a-empreses-beneficis-i-usos-comuns\/#primaryimage"},"thumbnailUrl":"https:\/\/metrecubic.com\/wp-content\/uploads\/storage--mg-9204-1.jpg","datePublished":"2025-03-05T07:34:50+00:00","dateModified":"2025-10-28T14:19:52+00:00","description":"\u00c9s rendible el lloguer de trasters per a empreses? Descobreix els seus beneficis, usos comuns i com optimitzar els teus costos amb aquesta soluci\u00f3 flexible.","breadcrumb":{"@id":"https:\/\/metrecubic.com\/ca\/blog\/es-rendible-el-lloguer-de-trasters-per-a-empreses-beneficis-i-usos-comuns\/#breadcrumb"},"inLanguage":"ca","potentialAction":[{"@type":"ReadAction","target":["https:\/\/metrecubic.com\/ca\/blog\/es-rendible-el-lloguer-de-trasters-per-a-empreses-beneficis-i-usos-comuns\/"]}]},{"@type":"ImageObject","inLanguage":"ca","@id":"https:\/\/metrecubic.com\/ca\/blog\/es-rendible-el-lloguer-de-trasters-per-a-empreses-beneficis-i-usos-comuns\/#primaryimage","url":"https:\/\/metrecubic.com\/wp-content\/uploads\/storage--mg-9204-1.jpg","contentUrl":"https:\/\/metrecubic.com\/wp-content\/uploads\/storage--mg-9204-1.jpg","width":2540,"height":1693},{"@type":"BreadcrumbList","@id":"https:\/\/metrecubic.com\/ca\/blog\/es-rendible-el-lloguer-de-trasters-per-a-empreses-beneficis-i-usos-comuns\/#breadcrumb","itemListElement":[{"@type":"ListItem","position":1,"name":"Portada","item":"https:\/\/metrecubic.com\/ca\/"},{"@type":"ListItem","position":2,"name":"\u00c9s rendible el lloguer de trasters per a empreses? Beneficis i usos comuns"}]},{"@type":"WebSite","@id":"https:\/\/metrecubic.com\/ca\/#website","url":"https:\/\/metrecubic.com\/ca\/","name":"METRECUBIC","description":"Mudanzas y trasteros Sabadell y Girona","publisher":{"@id":"https:\/\/metrecubic.com\/ca\/#organization"},"potentialAction":[{"@type":"SearchAction","target":{"@type":"EntryPoint","urlTemplate":"https:\/\/metrecubic.com\/ca\/?s={search_term_string}"},"query-input":{"@type":"PropertyValueSpecification","valueRequired":true,"valueName":"search_term_string"}}],"inLanguage":"ca"},{"@type":"Organization","@id":"https:\/\/metrecubic.com\/ca\/#organization","name":"METRECUBIC","url":"https:\/\/metrecubic.com\/ca\/","logo":{"@type":"ImageObject","inLanguage":"ca","@id":"https:\/\/metrecubic.com\/ca\/#\/schema\/logo\/image\/","url":"https:\/\/metrecubic.com\/wp-content\/uploads\/logo-metrecubic.png","contentUrl":"https:\/\/metrecubic.com\/wp-content\/uploads\/logo-metrecubic.png","width":159,"height":159,"caption":"METRECUBIC"},"image":{"@id":"https:\/\/metrecubic.com\/ca\/#\/schema\/logo\/image\/"}},{"@type":"Person","@id":"https:\/\/metrecubic.com\/ca\/#\/schema\/person\/a6ff476231cc7e78ec40fed152bcb241","name":"emfasi","sameAs":["https:\/\/metrecubic.com"],"url":"https:\/\/metrecubic.com\/ca\/author\/emfasi\/"}]}},"_links":{"self":[{"href":"https:\/\/metrecubic.com\/ca\/wp-json\/wp\/v2\/posts\/5665","targetHints":{"allow":["GET"]}}],"collection":[{"href":"https:\/\/metrecubic.com\/ca\/wp-json\/wp\/v2\/posts"}],"about":[{"href":"https:\/\/metrecubic.com\/ca\/wp-json\/wp\/v2\/types\/post"}],"author":[{"embeddable":true,"href":"https:\/\/metrecubic.com\/ca\/wp-json\/wp\/v2\/users\/1"}],"replies":[{"embeddable":true,"href":"https:\/\/metrecubic.com\/ca\/wp-json\/wp\/v2\/comments?post=5665"}],"version-history":[{"count":2,"href":"https:\/\/metrecubic.com\/ca\/wp-json\/wp\/v2\/posts\/5665\/revisions"}],"predecessor-version":[{"id":9150,"href":"https:\/\/metrecubic.com\/ca\/wp-json\/wp\/v2\/posts\/5665\/revisions\/9150"}],"wp:featuredmedia":[{"embeddable":true,"href":"https:\/\/metrecubic.com\/ca\/wp-json\/wp\/v2\/media\/5661"}],"wp:attachment":[{"href":"https:\/\/metrecubic.com\/ca\/wp-json\/wp\/v2\/media?parent=5665"}],"wp:term":[{"taxonomy":"category","embeddable":true,"href":"https:\/\/metrecubic.com\/ca\/wp-json\/wp\/v2\/categories?post=5665"},{"taxonomy":"post_tag","embeddable":true,"href":"https:\/\/metrecubic.com\/ca\/wp-json\/wp\/v2\/tags?post=5665"}],"curies":[{"name":"wp","href":"https:\/\/api.w.org\/{rel}","templated":true}]}}