{"id":5375,"date":"2024-12-18T10:48:00","date_gmt":"2024-12-18T10:48:00","guid":{"rendered":"https:\/\/metrecubic.com\/?p=5375"},"modified":"2025-01-28T10:44:23","modified_gmt":"2025-01-28T10:44:23","slug":"5-avantatges-de-llogar-un-traster-a-girona-per-a-empreses-i-particulars","status":"publish","type":"post","link":"https:\/\/metrecubic.com\/ca\/blog\/5-avantatges-de-llogar-un-traster-a-girona-per-a-empreses-i-particulars\/","title":{"rendered":"5 avantatges de llogar un traster a Girona per a empreses i particulars"},"content":{"rendered":"\n<p>La manca d\u2019espai \u00e9s un problema com\u00fa tant per a empreses com per a particulars. Els trasters s\u2019han convertit en una soluci\u00f3 cada vegada m\u00e9s popular per resoldre aquest desafiament, especialment a ciutats com Girona, on la demanda d\u2019emmagatzematge addicional no para de cr\u00e9ixer.<\/p>\n\n\n\n<p>Tant si necessites alliberar espai a casa teva com si busques una soluci\u00f3 estrat\u00e8gica per al teu negoci, els <a href=\"https:\/\/metrecubic.com\/ca\/lloguer-de-trasters-a-girona\/\">trasters a Girona<\/a> ofereixen m\u00faltiples beneficis. En aquest article, explorarem les 5 principals avantatges de llogar un traster en aquesta regi\u00f3, destacant per qu\u00e8 \u00e9s una decisi\u00f3 intel\u00b7ligent per a tothom.<\/p>\n\n\n\n<h2 class=\"wp-block-heading\">Per qu\u00e8 llogar un traster \u00e9s una soluci\u00f3 intel\u00b7ligent?<\/h2>\n\n\n\n<p>A Girona, la manca d\u2019espai a les llars i negocis \u00e9s una realitat. Els trasters ofereixen una alternativa pr\u00e0ctica per organitzar-se millor i emmagatzemar pertinences sense comprometre l\u2019espai habitual.<\/p>\n\n\n\n<p>Des de guardar bicicletes i mobles estacionals fins a emmagatzemar inventaris empresarials, els trasters per llogar s\u00f3n una eina que satisf\u00e0 necessitats molt diverses. En aquest article, et presentem les principals raons per les quals hauries de considerar aquesta opci\u00f3.<\/p>\n\n\n\n<h2 class=\"wp-block-heading\">Optimitzaci\u00f3 de l\u2019espai: la clau de l\u2019ordre<\/h2>\n\n\n\n<p>L\u2019optimitzaci\u00f3 de l\u2019espai \u00e9s un dels principals beneficis de llogar un traster. Tant a les llars com als negocis, disposar d\u2019espai addicional pot marcar una gran difer\u00e8ncia en termes de comoditat i efici\u00e8ncia.<\/p>\n\n\n\n<h3 class=\"wp-block-heading\">Solucions per a particulars: m\u00e9s espai a casa<\/h3>\n\n\n\n<p>Sovint acumulem objectes que utilitzem ocasionalment, com roba d\u2019hivern, bicicletes o decoraci\u00f3 nadalenca. Un traster et permet guardar aquests articles sense saturar casa teva, deixant m\u00e9s espai lliure per al dia a dia. A m\u00e9s, \u00e9s una soluci\u00f3 perfecta per guardar pertinences valuoses de forma segura.<\/p>\n\n\n\n<h3 class=\"wp-block-heading\">Solucions per a empreses: emmagatzematge estrat\u00e8gic<\/h3>\n\n\n\n<p>Les empreses solen necessitar espai addicional per emmagatzemar inventari, materials d\u2019oficina o documents importants. Els trasters permeten alliberar espai a oficines o locals comercials, millorant l\u2019operativitat i reduint costos associats a la manca d\u2019organitzaci\u00f3.<\/p>\n\n\n\n<h2 class=\"wp-block-heading\">Seguretat garantida per a les teves pertinences<\/h2>\n\n\n\n<p>Un dels aspectes m\u00e9s valorats en llogar un traster \u00e9s la seguretat. A Girona, moltes empreses com <a href=\"https:\/\/metrecubic.com\/ca\/\">Metrecubic<\/a> ofereixen trasters amb sistemes de vigil\u00e0ncia moderns i acc\u00e9s restringit per protegir els teus b\u00e9ns.<\/p>\n\n\n\n<h3 class=\"wp-block-heading\">Protegeix els teus b\u00e9ns personals o empresarials<\/h3>\n\n\n\n<p>Amb c\u00e0meres de seguretat, panys robustos i control d\u2019acc\u00e9s, les teves pertinences estaran sempre protegides. A m\u00e9s, alguns trasters inclouen opcions d\u2019assegurances addicionals per a m\u00e9s tranquil\u00b7litat.<\/p>\n\n\n\n<h3 class=\"wp-block-heading\">Condicions \u00f2ptimes per als teus objectes<\/h3>\n\n\n\n<p>Els trasters a Girona solen estar dissenyats per mantenir les teves pertinences en perfectes condicions. Espais lliures d\u2019humitat i plagues garanteixen la conservaci\u00f3 dels teus b\u00e9ns, i alguns ofereixen climatitzaci\u00f3 per a objectes delicats com documents o equips electr\u00f2nics.<\/p>\n\n\n\n<h2 class=\"wp-block-heading\">Flexibilitat i preus competitius<\/h2>\n\n\n\n<p>Llogar un traster a Girona no nom\u00e9s \u00e9s pr\u00e0ctic, sin\u00f3 tamb\u00e9 assequible. Els preus dels trasters s\u2019adapten a diferents pressupostos i necessitats, oferint opcions flexibles tant per a empreses com per a particulars.<\/p>\n\n\n\n<h3 class=\"wp-block-heading\">Trasters a Girona: preus adaptats a cada pressupost<\/h3>\n\n\n\n<p>Els costos varien segons la mida i els serveis inclosos, per\u00f2 la competitivitat del mercat garanteix opcions per a tothom. Serveis com acc\u00e9s 24\/7, vigil\u00e0ncia i manteniment estan inclosos en molts casos, cosa que aporta un gran valor afegit.<\/p>\n\n\n\n<h3 class=\"wp-block-heading\">Solucions flexibles per a cada necessitat<\/h3>\n\n\n\n<p>Pots llogar un traster per dies, mesos o fins i tot anys, ajustant la mida i les condicions segons el que necessitis. Aix\u00f2 fa que els trasters siguin una opci\u00f3 ideal tant per a necessitats temporals com per a solucions a llarg termini.<\/p>\n\n\n\n<h2 class=\"wp-block-heading\">Accessibilitat i comoditat<\/h2>\n\n\n\n<p>La comoditat \u00e9s clau quan es tracta de llogar un traster. A Girona, les ubicacions estrat\u00e8giques dels trasters asseguren que tant particulars com empreses puguin accedir f\u00e0cilment a les seves pertinences.<\/p>\n\n\n\n<h3 class=\"wp-block-heading\">Acc\u00e9s r\u00e0pid i senzill<\/h3>\n\n\n\n<p>Els trasters estan situats a prop de zones residencials i comercials, cosa que facilita el seu \u00fas en el dia a dia. A m\u00e9s, molts ofereixen horaris flexibles, incloent-hi acc\u00e9s 24\/7, per adaptar-se a les teves rutines i necessitats.<\/p>\n\n\n\n<h3 class=\"wp-block-heading\">Solucions locals per a empreses i particulars a Girona<\/h3>\n\n\n\n<p>Triar un traster a Girona t\u00e9 avantatges sobre altres localitats, ja que permet mantenir les teves pertinences a prop i accessibles. Des de fam\u00edlies que necessiten espai extra fins a petites empreses que requereixen emmagatzematge addicional, aquesta \u00e9s una soluci\u00f3 local i convenient.<\/p>\n\n\n\n<h2 class=\"wp-block-heading\">Lloguer sense complicacions: r\u00e0pid i senzill<\/h2>\n\n\n\n<p>Un dels grans avantatges de llogar un traster a Girona \u00e9s la facilitat del proc\u00e9s. Empreses com Metrecubic fan que el lloguer sigui r\u00e0pid, segur i eficient, oferint solucions adaptades a qualsevol necessitat.<\/p>\n\n\n\n<h3 class=\"wp-block-heading\">Passos per llogar el teu traster ideal<\/h3>\n\n\n\n<ul class=\"wp-block-list\">\n<li><strong>Elecci\u00f3 de la mida i serveis:<\/strong> Identifica qu\u00e8 necessites emmagatzemar i tria un espai que s\u2019ajusti als teus requeriments.<\/li>\n\n\n\n<li><strong>Signatura del contracte i acc\u00e9s immediat:<\/strong> Amb processos \u00e0gils i atenci\u00f3 personalitzada, podr\u00e0s comen\u00e7ar a utilitzar el teu traster en q\u00fcesti\u00f3 d\u2019hores.<\/li>\n<\/ul>\n\n\n\n<h3 class=\"wp-block-heading\">Tens dubtes sobre com triar el traster ideal?<\/h3>\n\n\n\n<p>Si encara no tens clar quina mida o caracter\u00edstiques necessites, et recomanem llegir <a href=\"https:\/\/metrecubic.com\/ca\/blog\/com-triar-el-traster-en-lloguer-ideal-guia-per-a-cada-necessitat\/\">aquesta guia<\/a> per triar el traster en lloguer ideal. En aquest article, trobar\u00e0s consells pr\u00e0ctics i detallats que t\u2019ajudaran a prendre la millor decisi\u00f3 segons les teves necessitats espec\u00edfiques.<\/p>\n\n\n\n<h3 class=\"wp-block-heading\">Serveis addicionals per facilitar el proc\u00e9s<\/h3>\n\n\n\n<p>Des del transport fins a l\u2019assessorament en organitzaci\u00f3, moltes empreses ofereixen serveis complementaris perqu\u00e8 tot sigui m\u00e9s senzill. A m\u00e9s, l\u2019atenci\u00f3 al client personalitzada assegura que tots els teus dubtes quedin resolts.<\/p>\n\n\n\n<h2 class=\"wp-block-heading\">Les avantatges de llogar un traster a Girona amb Metrecubic<\/h2>\n\n\n\n<p>En resum, aquestes s\u00f3n les 5 principals avantatges de llogar un traster a Girona:<\/p>\n\n\n\n<ol class=\"wp-block-list\">\n<li><strong>Optimitzaci\u00f3 de l\u2019espai:<\/strong> Tant a les llars com als negocis.<\/li>\n\n\n\n<li><strong>Seguretat garantida:<\/strong> Amb sistemes de vigil\u00e0ncia i control d\u2019acc\u00e9s.<\/li>\n\n\n\n<li><strong>Preus competitius:<\/strong> Opcions per a tots els pressupostos.<\/li>\n\n\n\n<li><strong>Accessibilitat:<\/strong> Trasters propers i amb horaris flexibles.<\/li>\n\n\n\n<li><strong>Facilitat de lloguer:<\/strong> Proc\u00e9s r\u00e0pid i sense complicacions.<\/li>\n<\/ol>\n\n\n\n<p>Amb Metrecubic, gaudir\u00e0s de totes aquestes avantatges i m\u00e9s. Explora les seves opcions de trasters a Girona i troba la soluci\u00f3 perfecta per a les teves necessitats.<\/p>\n\n\n\n<p><a href=\"https:\/\/metrecubic.com\/ca\/contacte\/\">Contacta amb nosaltres<\/a> avui mateix i assegura l\u2019espai addicional que necessites a preus competitius!<\/p>\n","protected":false},"excerpt":{"rendered":"<p>La manca d\u2019espai \u00e9s un problema com\u00fa tant per a empreses com per a particulars. Els trasters s\u2019han convertit en una soluci\u00f3 cada vegada m\u00e9s popular per resoldre aquest desafiament, &hellip;<\/p>\n","protected":false},"author":1,"featured_media":4969,"comment_status":"closed","ping_status":"closed","sticky":false,"template":"","format":"standard","meta":{"_acf_changed":false,"footnotes":""},"categories":[204],"tags":[],"class_list":["post-5375","post","type-post","status-publish","format-standard","has-post-thumbnail","hentry","category-trasters"],"acf":[],"yoast_head":"<!-- This site is optimized with the Yoast SEO plugin v27.4 - https:\/\/yoast.com\/product\/yoast-seo-wordpress\/ -->\n<title>5 avantatges de llogar un traster a Girona per a empreses i particulars<\/title>\n<meta name=\"description\" content=\"Descobreix 5 avantatges de llogar un traster a Girona. Espai extra, seguretat, preus flexibles i molt m\u00e9s. Ideal per a empreses i particulars. Informa\u2019t!\" \/>\n<meta name=\"robots\" content=\"index, follow, max-snippet:-1, max-image-preview:large, max-video-preview:-1\" \/>\n<link rel=\"canonical\" href=\"https:\/\/metrecubic.com\/ca\/blog\/5-avantatges-de-llogar-un-traster-a-girona-per-a-empreses-i-particulars\/\" \/>\n<meta property=\"og:locale\" content=\"ca_ES\" \/>\n<meta property=\"og:type\" content=\"article\" \/>\n<meta property=\"og:title\" content=\"5 avantatges de llogar un traster a Girona per a empreses i particulars\" \/>\n<meta property=\"og:description\" content=\"Descobreix 5 avantatges de llogar un traster a Girona. Espai extra, seguretat, preus flexibles i molt m\u00e9s. Ideal per a empreses i particulars. Informa\u2019t!\" \/>\n<meta property=\"og:url\" content=\"https:\/\/metrecubic.com\/ca\/blog\/5-avantatges-de-llogar-un-traster-a-girona-per-a-empreses-i-particulars\/\" \/>\n<meta property=\"og:site_name\" content=\"METRECUBIC\" \/>\n<meta property=\"article:published_time\" content=\"2024-12-18T10:48:00+00:00\" \/>\n<meta property=\"article:modified_time\" content=\"2025-01-28T10:44:23+00:00\" \/>\n<meta property=\"og:image\" content=\"https:\/\/metrecubic.com\/wp-content\/uploads\/copia-de-storage--mg-9174-e1734692295889.jpg\" \/>\n\t<meta property=\"og:image:width\" content=\"640\" \/>\n\t<meta property=\"og:image:height\" content=\"427\" \/>\n\t<meta property=\"og:image:type\" content=\"image\/jpeg\" \/>\n<meta name=\"author\" content=\"emfasi\" \/>\n<meta name=\"twitter:card\" content=\"summary_large_image\" \/>\n<meta name=\"twitter:label1\" content=\"Escrit per\" \/>\n\t<meta name=\"twitter:data1\" content=\"emfasi\" \/>\n\t<meta name=\"twitter:label2\" content=\"Temps estimat de lectura\" \/>\n\t<meta name=\"twitter:data2\" content=\"5 minuts\" \/>\n<script type=\"application\/ld+json\" class=\"yoast-schema-graph\">{\"@context\":\"https:\\\/\\\/schema.org\",\"@graph\":[{\"@type\":\"Article\",\"@id\":\"https:\\\/\\\/metrecubic.com\\\/ca\\\/blog\\\/5-avantatges-de-llogar-un-traster-a-girona-per-a-empreses-i-particulars\\\/#article\",\"isPartOf\":{\"@id\":\"https:\\\/\\\/metrecubic.com\\\/ca\\\/blog\\\/5-avantatges-de-llogar-un-traster-a-girona-per-a-empreses-i-particulars\\\/\"},\"author\":{\"name\":\"emfasi\",\"@id\":\"https:\\\/\\\/metrecubic.com\\\/ca\\\/#\\\/schema\\\/person\\\/a6ff476231cc7e78ec40fed152bcb241\"},\"headline\":\"5 avantatges de llogar un traster a Girona per a empreses i particulars\",\"datePublished\":\"2024-12-18T10:48:00+00:00\",\"dateModified\":\"2025-01-28T10:44:23+00:00\",\"mainEntityOfPage\":{\"@id\":\"https:\\\/\\\/metrecubic.com\\\/ca\\\/blog\\\/5-avantatges-de-llogar-un-traster-a-girona-per-a-empreses-i-particulars\\\/\"},\"wordCount\":1061,\"publisher\":{\"@id\":\"https:\\\/\\\/metrecubic.com\\\/ca\\\/#organization\"},\"image\":{\"@id\":\"https:\\\/\\\/metrecubic.com\\\/ca\\\/blog\\\/5-avantatges-de-llogar-un-traster-a-girona-per-a-empreses-i-particulars\\\/#primaryimage\"},\"thumbnailUrl\":\"https:\\\/\\\/metrecubic.com\\\/wp-content\\\/uploads\\\/copia-de-storage--mg-9174-e1734692295889.jpg\",\"articleSection\":[\"Trasters\"],\"inLanguage\":\"ca\"},{\"@type\":\"WebPage\",\"@id\":\"https:\\\/\\\/metrecubic.com\\\/ca\\\/blog\\\/5-avantatges-de-llogar-un-traster-a-girona-per-a-empreses-i-particulars\\\/\",\"url\":\"https:\\\/\\\/metrecubic.com\\\/ca\\\/blog\\\/5-avantatges-de-llogar-un-traster-a-girona-per-a-empreses-i-particulars\\\/\",\"name\":\"5 avantatges de llogar un traster a Girona per a empreses i particulars\",\"isPartOf\":{\"@id\":\"https:\\\/\\\/metrecubic.com\\\/ca\\\/#website\"},\"primaryImageOfPage\":{\"@id\":\"https:\\\/\\\/metrecubic.com\\\/ca\\\/blog\\\/5-avantatges-de-llogar-un-traster-a-girona-per-a-empreses-i-particulars\\\/#primaryimage\"},\"image\":{\"@id\":\"https:\\\/\\\/metrecubic.com\\\/ca\\\/blog\\\/5-avantatges-de-llogar-un-traster-a-girona-per-a-empreses-i-particulars\\\/#primaryimage\"},\"thumbnailUrl\":\"https:\\\/\\\/metrecubic.com\\\/wp-content\\\/uploads\\\/copia-de-storage--mg-9174-e1734692295889.jpg\",\"datePublished\":\"2024-12-18T10:48:00+00:00\",\"dateModified\":\"2025-01-28T10:44:23+00:00\",\"description\":\"Descobreix 5 avantatges de llogar un traster a Girona. Espai extra, seguretat, preus flexibles i molt m\u00e9s. Ideal per a empreses i particulars. Informa\u2019t!\",\"breadcrumb\":{\"@id\":\"https:\\\/\\\/metrecubic.com\\\/ca\\\/blog\\\/5-avantatges-de-llogar-un-traster-a-girona-per-a-empreses-i-particulars\\\/#breadcrumb\"},\"inLanguage\":\"ca\",\"potentialAction\":[{\"@type\":\"ReadAction\",\"target\":[\"https:\\\/\\\/metrecubic.com\\\/ca\\\/blog\\\/5-avantatges-de-llogar-un-traster-a-girona-per-a-empreses-i-particulars\\\/\"]}]},{\"@type\":\"ImageObject\",\"inLanguage\":\"ca\",\"@id\":\"https:\\\/\\\/metrecubic.com\\\/ca\\\/blog\\\/5-avantatges-de-llogar-un-traster-a-girona-per-a-empreses-i-particulars\\\/#primaryimage\",\"url\":\"https:\\\/\\\/metrecubic.com\\\/wp-content\\\/uploads\\\/copia-de-storage--mg-9174-e1734692295889.jpg\",\"contentUrl\":\"https:\\\/\\\/metrecubic.com\\\/wp-content\\\/uploads\\\/copia-de-storage--mg-9174-e1734692295889.jpg\",\"width\":2540,\"height\":1693},{\"@type\":\"BreadcrumbList\",\"@id\":\"https:\\\/\\\/metrecubic.com\\\/ca\\\/blog\\\/5-avantatges-de-llogar-un-traster-a-girona-per-a-empreses-i-particulars\\\/#breadcrumb\",\"itemListElement\":[{\"@type\":\"ListItem\",\"position\":1,\"name\":\"Portada\",\"item\":\"https:\\\/\\\/metrecubic.com\\\/ca\\\/\"},{\"@type\":\"ListItem\",\"position\":2,\"name\":\"5 avantatges de llogar un traster a Girona per a empreses i particulars\"}]},{\"@type\":\"WebSite\",\"@id\":\"https:\\\/\\\/metrecubic.com\\\/ca\\\/#website\",\"url\":\"https:\\\/\\\/metrecubic.com\\\/ca\\\/\",\"name\":\"METRECUBIC\",\"description\":\"Mudanzas y trasteros Sabadell y Girona\",\"publisher\":{\"@id\":\"https:\\\/\\\/metrecubic.com\\\/ca\\\/#organization\"},\"potentialAction\":[{\"@type\":\"SearchAction\",\"target\":{\"@type\":\"EntryPoint\",\"urlTemplate\":\"https:\\\/\\\/metrecubic.com\\\/ca\\\/?s={search_term_string}\"},\"query-input\":{\"@type\":\"PropertyValueSpecification\",\"valueRequired\":true,\"valueName\":\"search_term_string\"}}],\"inLanguage\":\"ca\"},{\"@type\":\"Organization\",\"@id\":\"https:\\\/\\\/metrecubic.com\\\/ca\\\/#organization\",\"name\":\"METRECUBIC\",\"url\":\"https:\\\/\\\/metrecubic.com\\\/ca\\\/\",\"logo\":{\"@type\":\"ImageObject\",\"inLanguage\":\"ca\",\"@id\":\"https:\\\/\\\/metrecubic.com\\\/ca\\\/#\\\/schema\\\/logo\\\/image\\\/\",\"url\":\"https:\\\/\\\/metrecubic.com\\\/wp-content\\\/uploads\\\/logo-metrecubic.png\",\"contentUrl\":\"https:\\\/\\\/metrecubic.com\\\/wp-content\\\/uploads\\\/logo-metrecubic.png\",\"width\":159,\"height\":159,\"caption\":\"METRECUBIC\"},\"image\":{\"@id\":\"https:\\\/\\\/metrecubic.com\\\/ca\\\/#\\\/schema\\\/logo\\\/image\\\/\"}},{\"@type\":\"Person\",\"@id\":\"https:\\\/\\\/metrecubic.com\\\/ca\\\/#\\\/schema\\\/person\\\/a6ff476231cc7e78ec40fed152bcb241\",\"name\":\"emfasi\",\"sameAs\":[\"https:\\\/\\\/metrecubic.com\"],\"url\":\"https:\\\/\\\/metrecubic.com\\\/ca\\\/author\\\/emfasi\\\/\"}]}<\/script>\n<!-- \/ Yoast SEO plugin. -->","yoast_head_json":{"title":"5 avantatges de llogar un traster a Girona per a empreses i particulars","description":"Descobreix 5 avantatges de llogar un traster a Girona. Espai extra, seguretat, preus flexibles i molt m\u00e9s. Ideal per a empreses i particulars. Informa\u2019t!","robots":{"index":"index","follow":"follow","max-snippet":"max-snippet:-1","max-image-preview":"max-image-preview:large","max-video-preview":"max-video-preview:-1"},"canonical":"https:\/\/metrecubic.com\/ca\/blog\/5-avantatges-de-llogar-un-traster-a-girona-per-a-empreses-i-particulars\/","og_locale":"ca_ES","og_type":"article","og_title":"5 avantatges de llogar un traster a Girona per a empreses i particulars","og_description":"Descobreix 5 avantatges de llogar un traster a Girona. Espai extra, seguretat, preus flexibles i molt m\u00e9s. Ideal per a empreses i particulars. Informa\u2019t!","og_url":"https:\/\/metrecubic.com\/ca\/blog\/5-avantatges-de-llogar-un-traster-a-girona-per-a-empreses-i-particulars\/","og_site_name":"METRECUBIC","article_published_time":"2024-12-18T10:48:00+00:00","article_modified_time":"2025-01-28T10:44:23+00:00","og_image":[{"url":"https:\/\/metrecubic.com\/wp-content\/uploads\/copia-de-storage--mg-9174-e1734692295889.jpg","width":640,"height":427,"type":"image\/jpeg"}],"author":"emfasi","twitter_card":"summary_large_image","twitter_misc":{"Escrit per":"emfasi","Temps estimat de lectura":"5 minuts"},"schema":{"@context":"https:\/\/schema.org","@graph":[{"@type":"Article","@id":"https:\/\/metrecubic.com\/ca\/blog\/5-avantatges-de-llogar-un-traster-a-girona-per-a-empreses-i-particulars\/#article","isPartOf":{"@id":"https:\/\/metrecubic.com\/ca\/blog\/5-avantatges-de-llogar-un-traster-a-girona-per-a-empreses-i-particulars\/"},"author":{"name":"emfasi","@id":"https:\/\/metrecubic.com\/ca\/#\/schema\/person\/a6ff476231cc7e78ec40fed152bcb241"},"headline":"5 avantatges de llogar un traster a Girona per a empreses i particulars","datePublished":"2024-12-18T10:48:00+00:00","dateModified":"2025-01-28T10:44:23+00:00","mainEntityOfPage":{"@id":"https:\/\/metrecubic.com\/ca\/blog\/5-avantatges-de-llogar-un-traster-a-girona-per-a-empreses-i-particulars\/"},"wordCount":1061,"publisher":{"@id":"https:\/\/metrecubic.com\/ca\/#organization"},"image":{"@id":"https:\/\/metrecubic.com\/ca\/blog\/5-avantatges-de-llogar-un-traster-a-girona-per-a-empreses-i-particulars\/#primaryimage"},"thumbnailUrl":"https:\/\/metrecubic.com\/wp-content\/uploads\/copia-de-storage--mg-9174-e1734692295889.jpg","articleSection":["Trasters"],"inLanguage":"ca"},{"@type":"WebPage","@id":"https:\/\/metrecubic.com\/ca\/blog\/5-avantatges-de-llogar-un-traster-a-girona-per-a-empreses-i-particulars\/","url":"https:\/\/metrecubic.com\/ca\/blog\/5-avantatges-de-llogar-un-traster-a-girona-per-a-empreses-i-particulars\/","name":"5 avantatges de llogar un traster a Girona per a empreses i particulars","isPartOf":{"@id":"https:\/\/metrecubic.com\/ca\/#website"},"primaryImageOfPage":{"@id":"https:\/\/metrecubic.com\/ca\/blog\/5-avantatges-de-llogar-un-traster-a-girona-per-a-empreses-i-particulars\/#primaryimage"},"image":{"@id":"https:\/\/metrecubic.com\/ca\/blog\/5-avantatges-de-llogar-un-traster-a-girona-per-a-empreses-i-particulars\/#primaryimage"},"thumbnailUrl":"https:\/\/metrecubic.com\/wp-content\/uploads\/copia-de-storage--mg-9174-e1734692295889.jpg","datePublished":"2024-12-18T10:48:00+00:00","dateModified":"2025-01-28T10:44:23+00:00","description":"Descobreix 5 avantatges de llogar un traster a Girona. Espai extra, seguretat, preus flexibles i molt m\u00e9s. Ideal per a empreses i particulars. Informa\u2019t!","breadcrumb":{"@id":"https:\/\/metrecubic.com\/ca\/blog\/5-avantatges-de-llogar-un-traster-a-girona-per-a-empreses-i-particulars\/#breadcrumb"},"inLanguage":"ca","potentialAction":[{"@type":"ReadAction","target":["https:\/\/metrecubic.com\/ca\/blog\/5-avantatges-de-llogar-un-traster-a-girona-per-a-empreses-i-particulars\/"]}]},{"@type":"ImageObject","inLanguage":"ca","@id":"https:\/\/metrecubic.com\/ca\/blog\/5-avantatges-de-llogar-un-traster-a-girona-per-a-empreses-i-particulars\/#primaryimage","url":"https:\/\/metrecubic.com\/wp-content\/uploads\/copia-de-storage--mg-9174-e1734692295889.jpg","contentUrl":"https:\/\/metrecubic.com\/wp-content\/uploads\/copia-de-storage--mg-9174-e1734692295889.jpg","width":2540,"height":1693},{"@type":"BreadcrumbList","@id":"https:\/\/metrecubic.com\/ca\/blog\/5-avantatges-de-llogar-un-traster-a-girona-per-a-empreses-i-particulars\/#breadcrumb","itemListElement":[{"@type":"ListItem","position":1,"name":"Portada","item":"https:\/\/metrecubic.com\/ca\/"},{"@type":"ListItem","position":2,"name":"5 avantatges de llogar un traster a Girona per a empreses i particulars"}]},{"@type":"WebSite","@id":"https:\/\/metrecubic.com\/ca\/#website","url":"https:\/\/metrecubic.com\/ca\/","name":"METRECUBIC","description":"Mudanzas y trasteros Sabadell y Girona","publisher":{"@id":"https:\/\/metrecubic.com\/ca\/#organization"},"potentialAction":[{"@type":"SearchAction","target":{"@type":"EntryPoint","urlTemplate":"https:\/\/metrecubic.com\/ca\/?s={search_term_string}"},"query-input":{"@type":"PropertyValueSpecification","valueRequired":true,"valueName":"search_term_string"}}],"inLanguage":"ca"},{"@type":"Organization","@id":"https:\/\/metrecubic.com\/ca\/#organization","name":"METRECUBIC","url":"https:\/\/metrecubic.com\/ca\/","logo":{"@type":"ImageObject","inLanguage":"ca","@id":"https:\/\/metrecubic.com\/ca\/#\/schema\/logo\/image\/","url":"https:\/\/metrecubic.com\/wp-content\/uploads\/logo-metrecubic.png","contentUrl":"https:\/\/metrecubic.com\/wp-content\/uploads\/logo-metrecubic.png","width":159,"height":159,"caption":"METRECUBIC"},"image":{"@id":"https:\/\/metrecubic.com\/ca\/#\/schema\/logo\/image\/"}},{"@type":"Person","@id":"https:\/\/metrecubic.com\/ca\/#\/schema\/person\/a6ff476231cc7e78ec40fed152bcb241","name":"emfasi","sameAs":["https:\/\/metrecubic.com"],"url":"https:\/\/metrecubic.com\/ca\/author\/emfasi\/"}]}},"_links":{"self":[{"href":"https:\/\/metrecubic.com\/ca\/wp-json\/wp\/v2\/posts\/5375","targetHints":{"allow":["GET"]}}],"collection":[{"href":"https:\/\/metrecubic.com\/ca\/wp-json\/wp\/v2\/posts"}],"about":[{"href":"https:\/\/metrecubic.com\/ca\/wp-json\/wp\/v2\/types\/post"}],"author":[{"embeddable":true,"href":"https:\/\/metrecubic.com\/ca\/wp-json\/wp\/v2\/users\/1"}],"replies":[{"embeddable":true,"href":"https:\/\/metrecubic.com\/ca\/wp-json\/wp\/v2\/comments?post=5375"}],"version-history":[{"count":1,"href":"https:\/\/metrecubic.com\/ca\/wp-json\/wp\/v2\/posts\/5375\/revisions"}],"predecessor-version":[{"id":5376,"href":"https:\/\/metrecubic.com\/ca\/wp-json\/wp\/v2\/posts\/5375\/revisions\/5376"}],"wp:featuredmedia":[{"embeddable":true,"href":"https:\/\/metrecubic.com\/ca\/wp-json\/wp\/v2\/media\/4969"}],"wp:attachment":[{"href":"https:\/\/metrecubic.com\/ca\/wp-json\/wp\/v2\/media?parent=5375"}],"wp:term":[{"taxonomy":"category","embeddable":true,"href":"https:\/\/metrecubic.com\/ca\/wp-json\/wp\/v2\/categories?post=5375"},{"taxonomy":"post_tag","embeddable":true,"href":"https:\/\/metrecubic.com\/ca\/wp-json\/wp\/v2\/tags?post=5375"}],"curies":[{"name":"wp","href":"https:\/\/api.w.org\/{rel}","templated":true}]}}