{"id":2010,"date":"2024-06-28T08:09:00","date_gmt":"2024-06-28T08:09:00","guid":{"rendered":"https:\/\/metrecubic.com\/quins-son-els-avantatges-de-fer-servir-un-traster\/"},"modified":"2025-10-31T09:54:53","modified_gmt":"2025-10-31T09:54:53","slug":"quins-son-els-avantatges-de-fer-servir-un-traster","status":"publish","type":"post","link":"https:\/\/metrecubic.com\/ca\/blog\/quins-son-els-avantatges-de-fer-servir-un-traster\/","title":{"rendered":"Qu\u00e8 \u00e9s un traster i quins s\u00f3n els avantatges d&#8217;utilitzar-ne un?"},"content":{"rendered":"\n<p>Abans de parlar dels avantatges, \u00e9s important entendre qu\u00e8 \u00e9s un traster.  <\/p>\n\n<p>Un traster \u00e9s un espai d&#8217;emmagatzematge extra que pots llogar per guardar tot all\u00f2 que no necessites tenir a m\u00e0 a la teva llar o empresa: mobles, arxius, eines, material esportiu o de temporada, entre d&#8217;altres.  <\/p>\n\n<p>En definitiva, \u00e9s una soluci\u00f3 pr\u00e0ctica, flexible i segura per aprofitar millor l&#8217;espai disponible. Tant si ets particular com empresa, con\u00e8ixer qu\u00e8 \u00e9s un traster i com pot ajudar-te et permetr\u00e0 mantenir els teus espais ordenats, malmesos i funcionals. <\/p>\n\n<p>A continuaci\u00f3, t&#8217;expliquem tots els avantatges de comptar amb un traster i com aprofitar-ho al m\u00e0xim.<\/p>\n\n<h2 class=\"wp-block-heading\"><strong>Quins s\u00f3n els principals beneficis de tenir un traster?<\/strong><\/h2>\n\n<p>Els trasters s\u00f3n espais vers\u00e0tils que s&#8217;adapten a les necessitats de cada persona o negoci.<\/p>\n\n<p>Entre els seus principals avantatges destaquen la flexibilitat, l&#8217;organitzaci\u00f3, la seguretat i la comoditat.<\/p>\n\n<h3 class=\"wp-block-heading\"><strong>Per qu\u00e8 un traster \u00e9s una soluci\u00f3 flexible?<\/strong><\/h3>\n\n<ul class=\"wp-block-list\">\n<li>Pots llogar un espai de la <a href=\"https:\/\/metrecubic.com\/blog\/trasteros-y-guardamuebles-tamanos\/\">mida que m\u00e9s s&#8217;adapti a les teves necessitats<\/a>, ja sigui per haver d&#8217;emmagatzemar mobles durant una mudan\u00e7a, llogar un espai per a l&#8217;estoc del teu negoci o guardar la roba de temporada que no utilitzar\u00e0s en mesos.  <\/li>\n\n\n\n<li>\u00c9s una molt bona opci\u00f3 per emmagatzemar objectes durant un curt per\u00edode de temps o d&#8217;una manera indefinida.  <\/li>\n\n\n\n<li>Pots adaptar-lo a la demanda de la teva empresa: temporades altes, promocions o campanyes concretes.<\/li>\n<\/ul>\n\n<p>A Metrecubic, els nostres trasters ofereixen acc\u00e9s els 365 dies de l&#8217;any, sense l\u00edmit de visites, perqu\u00e8 puguis accedir a les teves pertinences sempre que ho necessitis.<\/p>\n\n<h3 class=\"wp-block-heading\"><strong>Com ajuda un traster a organitzar millor les teves pertinences?<\/strong><\/h3>\n\n<p>Un traster et permet <strong>mantenir l&#8217;ordre i alliberar espai<\/strong> a casa teva o empresa.<br\/>En emmagatzemar els teus objectes de forma organitzada, millores la productivitat i el benestar.<\/p>\n\n<ul class=\"wp-block-list\">\n<li><strong>Etiqueta les caixes<\/strong> i utilitza prestatgeries o armaris per facilitar-ne l&#8217; acc\u00e9s.<\/li>\n\n\n\n<li><strong>Crea un inventari<\/strong> amb els articles guardats i la seva ubicaci\u00f3.<\/li>\n\n\n\n<li><strong>Allibera espai<\/strong> a la llar o l&#8217; oficina, millorant l&#8217; est\u00e8tica i funcionalitat de l&#8217; entorn.<\/li>\n<\/ul>\n\n<p>En el cas de les empreses, un traster tamb\u00e9 permet <strong>optimitzar els espais de treball<\/strong>, arxivant documents o materials de forma segura i accessible.<\/p>\n\n<h2 class=\"wp-block-heading\"><strong>Per qu\u00e8 la seguretat \u00e9s clau en un traster?<\/strong><\/h2>\n\n<p>A banda d&#8217;organitzar el traster \u00e9s interessant que<strong> comptis amb sistemes de seguretat i vigil\u00e0ncia, control d&#8217;acc\u00e9s i alarmes<\/strong> per protegir els teus objectes personals i professionals, i pertinences en general.  <\/p>\n\n<p>Un emmagatzematge de traster, amb aquestes condicions, ofereix la tranquil\u00b7litat de con\u00e8ixer que els teus objectes de valor estan fora de perill, encara que no els tinguis a m\u00e0.<\/p>\n\n<h2 class=\"wp-block-heading\"><strong>Quin tipus de solucions d&#8217;emmagatzematge ofereix un traster per a particulars?<\/strong><\/h2>\n\n<p>Els trasters s\u00f3n \u00fatils en moltes situacions quotidianes. Entre els usos m\u00e9s comuns per a particulars s&#8217; inclouen: <\/p>\n\n<ul class=\"wp-block-list\">\n<li><strong>Mobles<\/strong>. Si et mudes o redecores casa teva, pots optar per guardar els mobles que no necessitis mitjan\u00e7ant un traster fins que tinguin una nova llar.<\/li>\n\n\n\n<li><strong>Roba de temporada<\/strong>. Organitza el teu espai i roba. La roba que no facis servir durant alguns mesos ocupa lloc, de manera que un traster t&#8217;ofereix les millors solucions d&#8217;emmagatzematge que puguis trobar.<\/li>\n\n\n\n<li><strong>Articles esportius<\/strong>. Practiques diversos esports? Organitza el teu espai guardant l&#8217;equipament esportiu com ara bicicletes, esqu\u00eds, taules de surf, etc. La clau \u00e9s organitzar el traster.<\/li>\n\n\n\n<li><strong>Llibres i documents<\/strong>. Si tens for\u00e7a llibres o col\u00b7leccions que no utilitzes sovint, pots emmagatzemar-los en un traster per poder alliberar espai a casa teva.<\/li>\n<\/ul>\n\n<h2 class=\"wp-block-heading\"><strong>I quines solucions ofereixen els trasters per a empreses?<\/strong><\/h2>\n\n<p>Si tens una empresa, tamb\u00e9 pots beneficiar-te:<\/p>\n\n<ul class=\"wp-block-list\">\n<li><strong>Emmagatzematge de l&#8217; estoc al traster<\/strong>. Segurament el teu negoci tingui un inventari que es va actualitzant. L&#8217;\u00fas d&#8217;un traster ofereix la possibilitat d&#8217;emmagatzemar l&#8217;estoc excedent sense haver d&#8217;ocupar l&#8217;espai al local comercial.<\/li>\n\n\n\n<li>Documents i fitxers. Els trasters s\u00f3n una molt bona opci\u00f3, i segura, per organitzar el teu traster tamb\u00e9 amb els fitxers i documents importants i que no necessitis tenir a m\u00e0 di\u00e0riament. Els negocis manegen documents confidencials, de manera que poden utilitzar trasters per arxivar registres de manera segura, complint amb les normatives vigents de privadesa i protecci\u00f3 de dades. Alliberant aix\u00ed l&#8217;espai a les oficines de l&#8217;empresa.<\/li>\n\n\n\n<li><strong>Taules, cadires,&#8230; i altre material d&#8217; oficina<\/strong>. Organitza el teu espai i guarda al traster el material d&#8217;oficina que no estiguis utilitzant, aix\u00ed com tamb\u00e9 equips inform\u00e0tics que ja no facis servir.<\/li>\n\n\n\n<li><strong>Productes promocionals i mostres<\/strong>. Si la teva empresa participa en fires o esdeveniments, pots guardar aquest tipus de materials de m\u00e0rqueting o equips d&#8217;exhibici\u00f3 per a fires comercials en un traster fins que ho tornis a necessitar.  <\/li>\n<\/ul>\n\n<h2 class=\"wp-block-heading\"><strong>Qu\u00e8 tenir en compte en triar un traster?<\/strong><\/h2>\n\n<p>Triar un traster per organitzar el teu espai \u00e9s una excel\u00b7lent opci\u00f3. Us recomanem que tingueu en compte diversos factors com la ubicaci\u00f3, les mesures i els controls de seguretat perqu\u00e8 s&#8217;ajusti a les vostres necessitats.<\/p>\n\n<p>Certament, l\u00fas dun traster ofereix solucions demmagatzematge incre\u00efbles. I \u00e9s convenient organitzar el traster per guanyar en comoditat i tranquil\u00b7litat.  <\/p>\n\n<p>Tant si ho necessites com a particular o com a <a href=\"https:\/\/metrecubic.com\/blog\/consejos-para-organizar-una-mudanza-para-empresas\/\">empresa<\/a> , pots trobar en un traster la millor opci\u00f3 per cobrir necessitats d&#8217;emmagatzematge. En el cas de trasters a Barcelona, Girona i Empuriabrava, <a href=\"https:\/\/metrecubic.com\/ca\/contacte\/\">contacta&#8217;ns i t&#8217;assessorem encantats<\/a>.<\/p>\n\n<h2 class=\"wp-block-heading\"><strong>Preguntes freq\u00fcents sobre trasters<\/strong><\/h2>\n\n<h3 class=\"wp-block-heading\"><strong>Qu\u00e8 es pot guardar en un traster?<\/strong><\/h3>\n\n<p>  Pots guardar pr\u00e0cticament qualsevol objecte que no requereixi condicions especials: mobles, roba, material esportiu, documents o eines.<\/p>\n\n<h3 class=\"wp-block-heading\"><strong>Quant costa llogar un traster?<\/strong><\/h3>\n\n<p>  Dep\u00e8n de la mida, la ubicaci\u00f3 i la durada del contracte. A Metrecubic oferim pressupostos personalitzats i opcions flexibles. <\/p>\n\n<h3 class=\"wp-block-heading\"><strong>Puc accedir al traster quan vulgui?<\/strong><\/h3>\n\n<p>  S\u00ed. Els nostres centres permeten acc\u00e9s els 365 dies de l&#8217;any, sense l\u00edmit de visites. <\/p>\n\n<h3 class=\"wp-block-heading\"><strong>Quines mesures de seguretat tenen els trasters Metrecubic?<\/strong><\/h3>\n\n<p>  Comptem amb videovigil\u00e0ncia, control d&#8217;acc\u00e9s individual, alarmes i sistemes de seguretat avan\u00e7ats per garantir la protecci\u00f3 de les teves pertinences.<\/p>\n","protected":false},"excerpt":{"rendered":"<p>Abans de parlar dels avantatges, \u00e9s important entendre qu\u00e8 \u00e9s un traster. Un traster \u00e9s un espai d&#8217;emmagatzematge extra que pots llogar per guardar tot all\u00f2 que no necessites tenir &hellip;<\/p>\n","protected":false},"author":1,"featured_media":1252,"comment_status":"closed","ping_status":"closed","sticky":false,"template":"","format":"standard","meta":{"_acf_changed":false,"footnotes":""},"categories":[270],"tags":[],"class_list":["post-2010","post","type-post","status-publish","format-standard","has-post-thumbnail","hentry","category-trasters-ca"],"acf":[],"yoast_head":"<!-- This site is optimized with the Yoast SEO plugin v27.4 - https:\/\/yoast.com\/product\/yoast-seo-wordpress\/ -->\n<title>Qu\u00e8 \u00e9s un traster i quins s\u00f3n els avantatges d&#039;utilitzar-ne un?<\/title>\n<meta name=\"description\" content=\"Descobreix qu\u00e8 \u00e9s un traster i els seus avantatges. Estalvia espai, organitza les teves pertinences i guanya tranquil\u00b7litat amb Metrecubic.\" \/>\n<meta name=\"robots\" content=\"index, follow, max-snippet:-1, max-image-preview:large, max-video-preview:-1\" \/>\n<link rel=\"canonical\" href=\"https:\/\/metrecubic.com\/ca\/blog\/quins-son-els-avantatges-de-fer-servir-un-traster\/\" \/>\n<meta property=\"og:locale\" content=\"ca_ES\" \/>\n<meta property=\"og:type\" content=\"article\" \/>\n<meta property=\"og:title\" content=\"Qu\u00e8 \u00e9s un traster i quins s\u00f3n els avantatges d&#039;utilitzar-ne un?\" \/>\n<meta property=\"og:description\" content=\"Descobreix qu\u00e8 \u00e9s un traster i els seus avantatges. Estalvia espai, organitza les teves pertinences i guanya tranquil\u00b7litat amb Metrecubic.\" \/>\n<meta property=\"og:url\" content=\"https:\/\/metrecubic.com\/ca\/blog\/quins-son-els-avantatges-de-fer-servir-un-traster\/\" \/>\n<meta property=\"og:site_name\" content=\"METRECUBIC\" \/>\n<meta property=\"article:published_time\" content=\"2024-06-28T08:09:00+00:00\" \/>\n<meta property=\"article:modified_time\" content=\"2025-10-31T09:54:53+00:00\" \/>\n<meta property=\"og:image\" content=\"https:\/\/metrecubic.com\/wp-content\/uploads\/STORAGE_MTRO377.jpg\" \/>\n\t<meta property=\"og:image:width\" content=\"640\" \/>\n\t<meta property=\"og:image:height\" content=\"427\" \/>\n\t<meta property=\"og:image:type\" content=\"image\/jpeg\" \/>\n<meta name=\"author\" content=\"emfasi\" \/>\n<meta name=\"twitter:card\" content=\"summary_large_image\" \/>\n<meta name=\"twitter:label1\" content=\"Escrit per\" \/>\n\t<meta name=\"twitter:data1\" content=\"emfasi\" \/>\n\t<meta name=\"twitter:label2\" content=\"Temps estimat de lectura\" \/>\n\t<meta name=\"twitter:data2\" content=\"5 minuts\" \/>\n<script type=\"application\/ld+json\" class=\"yoast-schema-graph\">{\"@context\":\"https:\\\/\\\/schema.org\",\"@graph\":[{\"@type\":\"Article\",\"@id\":\"https:\\\/\\\/metrecubic.com\\\/ca\\\/blog\\\/quins-son-els-avantatges-de-fer-servir-un-traster\\\/#article\",\"isPartOf\":{\"@id\":\"https:\\\/\\\/metrecubic.com\\\/ca\\\/blog\\\/quins-son-els-avantatges-de-fer-servir-un-traster\\\/\"},\"author\":{\"name\":\"emfasi\",\"@id\":\"https:\\\/\\\/metrecubic.com\\\/ca\\\/#\\\/schema\\\/person\\\/a6ff476231cc7e78ec40fed152bcb241\"},\"headline\":\"Qu\u00e8 \u00e9s un traster i quins s\u00f3n els avantatges d&#8217;utilitzar-ne un?\",\"datePublished\":\"2024-06-28T08:09:00+00:00\",\"dateModified\":\"2025-10-31T09:54:53+00:00\",\"mainEntityOfPage\":{\"@id\":\"https:\\\/\\\/metrecubic.com\\\/ca\\\/blog\\\/quins-son-els-avantatges-de-fer-servir-un-traster\\\/\"},\"wordCount\":1034,\"publisher\":{\"@id\":\"https:\\\/\\\/metrecubic.com\\\/ca\\\/#organization\"},\"image\":{\"@id\":\"https:\\\/\\\/metrecubic.com\\\/ca\\\/blog\\\/quins-son-els-avantatges-de-fer-servir-un-traster\\\/#primaryimage\"},\"thumbnailUrl\":\"https:\\\/\\\/metrecubic.com\\\/wp-content\\\/uploads\\\/STORAGE_MTRO377.jpg\",\"articleSection\":[\"Trasters\"],\"inLanguage\":\"ca\"},{\"@type\":\"WebPage\",\"@id\":\"https:\\\/\\\/metrecubic.com\\\/ca\\\/blog\\\/quins-son-els-avantatges-de-fer-servir-un-traster\\\/\",\"url\":\"https:\\\/\\\/metrecubic.com\\\/ca\\\/blog\\\/quins-son-els-avantatges-de-fer-servir-un-traster\\\/\",\"name\":\"Qu\u00e8 \u00e9s un traster i quins s\u00f3n els avantatges d'utilitzar-ne un?\",\"isPartOf\":{\"@id\":\"https:\\\/\\\/metrecubic.com\\\/ca\\\/#website\"},\"primaryImageOfPage\":{\"@id\":\"https:\\\/\\\/metrecubic.com\\\/ca\\\/blog\\\/quins-son-els-avantatges-de-fer-servir-un-traster\\\/#primaryimage\"},\"image\":{\"@id\":\"https:\\\/\\\/metrecubic.com\\\/ca\\\/blog\\\/quins-son-els-avantatges-de-fer-servir-un-traster\\\/#primaryimage\"},\"thumbnailUrl\":\"https:\\\/\\\/metrecubic.com\\\/wp-content\\\/uploads\\\/STORAGE_MTRO377.jpg\",\"datePublished\":\"2024-06-28T08:09:00+00:00\",\"dateModified\":\"2025-10-31T09:54:53+00:00\",\"description\":\"Descobreix qu\u00e8 \u00e9s un traster i els seus avantatges. Estalvia espai, organitza les teves pertinences i guanya tranquil\u00b7litat amb Metrecubic.\",\"breadcrumb\":{\"@id\":\"https:\\\/\\\/metrecubic.com\\\/ca\\\/blog\\\/quins-son-els-avantatges-de-fer-servir-un-traster\\\/#breadcrumb\"},\"inLanguage\":\"ca\",\"potentialAction\":[{\"@type\":\"ReadAction\",\"target\":[\"https:\\\/\\\/metrecubic.com\\\/ca\\\/blog\\\/quins-son-els-avantatges-de-fer-servir-un-traster\\\/\"]}]},{\"@type\":\"ImageObject\",\"inLanguage\":\"ca\",\"@id\":\"https:\\\/\\\/metrecubic.com\\\/ca\\\/blog\\\/quins-son-els-avantatges-de-fer-servir-un-traster\\\/#primaryimage\",\"url\":\"https:\\\/\\\/metrecubic.com\\\/wp-content\\\/uploads\\\/STORAGE_MTRO377.jpg\",\"contentUrl\":\"https:\\\/\\\/metrecubic.com\\\/wp-content\\\/uploads\\\/STORAGE_MTRO377.jpg\",\"width\":2540,\"height\":1693},{\"@type\":\"BreadcrumbList\",\"@id\":\"https:\\\/\\\/metrecubic.com\\\/ca\\\/blog\\\/quins-son-els-avantatges-de-fer-servir-un-traster\\\/#breadcrumb\",\"itemListElement\":[{\"@type\":\"ListItem\",\"position\":1,\"name\":\"Portada\",\"item\":\"https:\\\/\\\/metrecubic.com\\\/ca\\\/\"},{\"@type\":\"ListItem\",\"position\":2,\"name\":\"Qu\u00e8 \u00e9s un traster i quins s\u00f3n els avantatges d&#8217;utilitzar-ne un?\"}]},{\"@type\":\"WebSite\",\"@id\":\"https:\\\/\\\/metrecubic.com\\\/ca\\\/#website\",\"url\":\"https:\\\/\\\/metrecubic.com\\\/ca\\\/\",\"name\":\"METRECUBIC\",\"description\":\"Mudanzas y trasteros Sabadell y Girona\",\"publisher\":{\"@id\":\"https:\\\/\\\/metrecubic.com\\\/ca\\\/#organization\"},\"potentialAction\":[{\"@type\":\"SearchAction\",\"target\":{\"@type\":\"EntryPoint\",\"urlTemplate\":\"https:\\\/\\\/metrecubic.com\\\/ca\\\/?s={search_term_string}\"},\"query-input\":{\"@type\":\"PropertyValueSpecification\",\"valueRequired\":true,\"valueName\":\"search_term_string\"}}],\"inLanguage\":\"ca\"},{\"@type\":\"Organization\",\"@id\":\"https:\\\/\\\/metrecubic.com\\\/ca\\\/#organization\",\"name\":\"METRECUBIC\",\"url\":\"https:\\\/\\\/metrecubic.com\\\/ca\\\/\",\"logo\":{\"@type\":\"ImageObject\",\"inLanguage\":\"ca\",\"@id\":\"https:\\\/\\\/metrecubic.com\\\/ca\\\/#\\\/schema\\\/logo\\\/image\\\/\",\"url\":\"https:\\\/\\\/metrecubic.com\\\/wp-content\\\/uploads\\\/logo-metrecubic.png\",\"contentUrl\":\"https:\\\/\\\/metrecubic.com\\\/wp-content\\\/uploads\\\/logo-metrecubic.png\",\"width\":159,\"height\":159,\"caption\":\"METRECUBIC\"},\"image\":{\"@id\":\"https:\\\/\\\/metrecubic.com\\\/ca\\\/#\\\/schema\\\/logo\\\/image\\\/\"}},{\"@type\":\"Person\",\"@id\":\"https:\\\/\\\/metrecubic.com\\\/ca\\\/#\\\/schema\\\/person\\\/a6ff476231cc7e78ec40fed152bcb241\",\"name\":\"emfasi\",\"sameAs\":[\"https:\\\/\\\/metrecubic.com\"],\"url\":\"https:\\\/\\\/metrecubic.com\\\/ca\\\/author\\\/emfasi\\\/\"}]}<\/script>\n<!-- \/ Yoast SEO plugin. -->","yoast_head_json":{"title":"Qu\u00e8 \u00e9s un traster i quins s\u00f3n els avantatges d'utilitzar-ne un?","description":"Descobreix qu\u00e8 \u00e9s un traster i els seus avantatges. Estalvia espai, organitza les teves pertinences i guanya tranquil\u00b7litat amb Metrecubic.","robots":{"index":"index","follow":"follow","max-snippet":"max-snippet:-1","max-image-preview":"max-image-preview:large","max-video-preview":"max-video-preview:-1"},"canonical":"https:\/\/metrecubic.com\/ca\/blog\/quins-son-els-avantatges-de-fer-servir-un-traster\/","og_locale":"ca_ES","og_type":"article","og_title":"Qu\u00e8 \u00e9s un traster i quins s\u00f3n els avantatges d'utilitzar-ne un?","og_description":"Descobreix qu\u00e8 \u00e9s un traster i els seus avantatges. Estalvia espai, organitza les teves pertinences i guanya tranquil\u00b7litat amb Metrecubic.","og_url":"https:\/\/metrecubic.com\/ca\/blog\/quins-son-els-avantatges-de-fer-servir-un-traster\/","og_site_name":"METRECUBIC","article_published_time":"2024-06-28T08:09:00+00:00","article_modified_time":"2025-10-31T09:54:53+00:00","og_image":[{"url":"https:\/\/metrecubic.com\/wp-content\/uploads\/STORAGE_MTRO377.jpg","width":640,"height":427,"type":"image\/jpeg"}],"author":"emfasi","twitter_card":"summary_large_image","twitter_misc":{"Escrit per":"emfasi","Temps estimat de lectura":"5 minuts"},"schema":{"@context":"https:\/\/schema.org","@graph":[{"@type":"Article","@id":"https:\/\/metrecubic.com\/ca\/blog\/quins-son-els-avantatges-de-fer-servir-un-traster\/#article","isPartOf":{"@id":"https:\/\/metrecubic.com\/ca\/blog\/quins-son-els-avantatges-de-fer-servir-un-traster\/"},"author":{"name":"emfasi","@id":"https:\/\/metrecubic.com\/ca\/#\/schema\/person\/a6ff476231cc7e78ec40fed152bcb241"},"headline":"Qu\u00e8 \u00e9s un traster i quins s\u00f3n els avantatges d&#8217;utilitzar-ne un?","datePublished":"2024-06-28T08:09:00+00:00","dateModified":"2025-10-31T09:54:53+00:00","mainEntityOfPage":{"@id":"https:\/\/metrecubic.com\/ca\/blog\/quins-son-els-avantatges-de-fer-servir-un-traster\/"},"wordCount":1034,"publisher":{"@id":"https:\/\/metrecubic.com\/ca\/#organization"},"image":{"@id":"https:\/\/metrecubic.com\/ca\/blog\/quins-son-els-avantatges-de-fer-servir-un-traster\/#primaryimage"},"thumbnailUrl":"https:\/\/metrecubic.com\/wp-content\/uploads\/STORAGE_MTRO377.jpg","articleSection":["Trasters"],"inLanguage":"ca"},{"@type":"WebPage","@id":"https:\/\/metrecubic.com\/ca\/blog\/quins-son-els-avantatges-de-fer-servir-un-traster\/","url":"https:\/\/metrecubic.com\/ca\/blog\/quins-son-els-avantatges-de-fer-servir-un-traster\/","name":"Qu\u00e8 \u00e9s un traster i quins s\u00f3n els avantatges d'utilitzar-ne un?","isPartOf":{"@id":"https:\/\/metrecubic.com\/ca\/#website"},"primaryImageOfPage":{"@id":"https:\/\/metrecubic.com\/ca\/blog\/quins-son-els-avantatges-de-fer-servir-un-traster\/#primaryimage"},"image":{"@id":"https:\/\/metrecubic.com\/ca\/blog\/quins-son-els-avantatges-de-fer-servir-un-traster\/#primaryimage"},"thumbnailUrl":"https:\/\/metrecubic.com\/wp-content\/uploads\/STORAGE_MTRO377.jpg","datePublished":"2024-06-28T08:09:00+00:00","dateModified":"2025-10-31T09:54:53+00:00","description":"Descobreix qu\u00e8 \u00e9s un traster i els seus avantatges. Estalvia espai, organitza les teves pertinences i guanya tranquil\u00b7litat amb Metrecubic.","breadcrumb":{"@id":"https:\/\/metrecubic.com\/ca\/blog\/quins-son-els-avantatges-de-fer-servir-un-traster\/#breadcrumb"},"inLanguage":"ca","potentialAction":[{"@type":"ReadAction","target":["https:\/\/metrecubic.com\/ca\/blog\/quins-son-els-avantatges-de-fer-servir-un-traster\/"]}]},{"@type":"ImageObject","inLanguage":"ca","@id":"https:\/\/metrecubic.com\/ca\/blog\/quins-son-els-avantatges-de-fer-servir-un-traster\/#primaryimage","url":"https:\/\/metrecubic.com\/wp-content\/uploads\/STORAGE_MTRO377.jpg","contentUrl":"https:\/\/metrecubic.com\/wp-content\/uploads\/STORAGE_MTRO377.jpg","width":2540,"height":1693},{"@type":"BreadcrumbList","@id":"https:\/\/metrecubic.com\/ca\/blog\/quins-son-els-avantatges-de-fer-servir-un-traster\/#breadcrumb","itemListElement":[{"@type":"ListItem","position":1,"name":"Portada","item":"https:\/\/metrecubic.com\/ca\/"},{"@type":"ListItem","position":2,"name":"Qu\u00e8 \u00e9s un traster i quins s\u00f3n els avantatges d&#8217;utilitzar-ne un?"}]},{"@type":"WebSite","@id":"https:\/\/metrecubic.com\/ca\/#website","url":"https:\/\/metrecubic.com\/ca\/","name":"METRECUBIC","description":"Mudanzas y trasteros Sabadell y Girona","publisher":{"@id":"https:\/\/metrecubic.com\/ca\/#organization"},"potentialAction":[{"@type":"SearchAction","target":{"@type":"EntryPoint","urlTemplate":"https:\/\/metrecubic.com\/ca\/?s={search_term_string}"},"query-input":{"@type":"PropertyValueSpecification","valueRequired":true,"valueName":"search_term_string"}}],"inLanguage":"ca"},{"@type":"Organization","@id":"https:\/\/metrecubic.com\/ca\/#organization","name":"METRECUBIC","url":"https:\/\/metrecubic.com\/ca\/","logo":{"@type":"ImageObject","inLanguage":"ca","@id":"https:\/\/metrecubic.com\/ca\/#\/schema\/logo\/image\/","url":"https:\/\/metrecubic.com\/wp-content\/uploads\/logo-metrecubic.png","contentUrl":"https:\/\/metrecubic.com\/wp-content\/uploads\/logo-metrecubic.png","width":159,"height":159,"caption":"METRECUBIC"},"image":{"@id":"https:\/\/metrecubic.com\/ca\/#\/schema\/logo\/image\/"}},{"@type":"Person","@id":"https:\/\/metrecubic.com\/ca\/#\/schema\/person\/a6ff476231cc7e78ec40fed152bcb241","name":"emfasi","sameAs":["https:\/\/metrecubic.com"],"url":"https:\/\/metrecubic.com\/ca\/author\/emfasi\/"}]}},"_links":{"self":[{"href":"https:\/\/metrecubic.com\/ca\/wp-json\/wp\/v2\/posts\/2010","targetHints":{"allow":["GET"]}}],"collection":[{"href":"https:\/\/metrecubic.com\/ca\/wp-json\/wp\/v2\/posts"}],"about":[{"href":"https:\/\/metrecubic.com\/ca\/wp-json\/wp\/v2\/types\/post"}],"author":[{"embeddable":true,"href":"https:\/\/metrecubic.com\/ca\/wp-json\/wp\/v2\/users\/1"}],"replies":[{"embeddable":true,"href":"https:\/\/metrecubic.com\/ca\/wp-json\/wp\/v2\/comments?post=2010"}],"version-history":[{"count":2,"href":"https:\/\/metrecubic.com\/ca\/wp-json\/wp\/v2\/posts\/2010\/revisions"}],"predecessor-version":[{"id":9171,"href":"https:\/\/metrecubic.com\/ca\/wp-json\/wp\/v2\/posts\/2010\/revisions\/9171"}],"wp:featuredmedia":[{"embeddable":true,"href":"https:\/\/metrecubic.com\/ca\/wp-json\/wp\/v2\/media\/1252"}],"wp:attachment":[{"href":"https:\/\/metrecubic.com\/ca\/wp-json\/wp\/v2\/media?parent=2010"}],"wp:term":[{"taxonomy":"category","embeddable":true,"href":"https:\/\/metrecubic.com\/ca\/wp-json\/wp\/v2\/categories?post=2010"},{"taxonomy":"post_tag","embeddable":true,"href":"https:\/\/metrecubic.com\/ca\/wp-json\/wp\/v2\/tags?post=2010"}],"curies":[{"name":"wp","href":"https:\/\/api.w.org\/{rel}","templated":true}]}}