{"id":1983,"date":"2024-03-28T08:41:00","date_gmt":"2024-03-28T08:41:00","guid":{"rendered":"https:\/\/metrecubic.com\/guia-sobre-com-mudar-se-a-un-altre-pais\/"},"modified":"2025-10-27T15:56:26","modified_gmt":"2025-10-27T15:56:26","slug":"guia-sobre-com-organitzar-una-mudanca-internacional","status":"publish","type":"post","link":"https:\/\/metrecubic.com\/ca\/blog\/guia-sobre-com-organitzar-una-mudanca-internacional\/","title":{"rendered":"Guia sobre com organitzar una mudan\u00e7a internacional"},"content":{"rendered":"\n<p><span style=\"font-weight: 400;\">El m\u00f3n ofereix un munt de possibilitats, i per <a href=\"https:\/\/metrecubic.com\/ca\/serveis-especials\/mudances-internacionals\/\">aix\u00f2 mudar-se a un altre pa\u00eds<\/a> pot ser una experi\u00e8ncia emocionant. No obstant aix\u00f2, sense una bona planificaci\u00f3, el proc\u00e9s pot tornar-se aclaparador. En aquesta guia descobrir\u00e0s com organitzar una mudan\u00e7a internacional pas a pas, amb els millors consells per a mudan\u00e7a internacional, des de la preparaci\u00f3 de la documentaci\u00f3 fins a l\u2019adaptaci\u00f3 al teu nou dest\u00ed.<\/span><\/p>\n<h2><b>Planificaci\u00f3 inicial<\/b><\/h2>\n<p><span style=\"font-weight: 400;\">Un dels consells clau per fer una mudan\u00e7a internacional eficient \u00e9s planificar amb antelaci\u00f3. Tingues en compte aquests passos:<\/span><\/p>\n<ul>\n<li style=\"font-weight: 400;\" aria-level=\"1\"><span style=\"font-weight: 400;\">Investiga el teu nou dest\u00ed. \u00c9s recomanable que et familiaritzis amb l\u2019idioma, la cultura del pa\u00eds, el mercat laboral, requisits legals per viure-hi i el cost del dia a dia all\u00e0.<\/span><\/li>\n<li style=\"font-weight: 400;\" aria-level=\"1\"><span style=\"font-weight: 400;\">Fixa\u2019t uns objectius. Tingues clar per qu\u00e8 fas la mudan\u00e7a i pensa en quines s\u00f3n les teves expectatives. T\u2019ajudar\u00e0 a prendre decisions fonamentals.<\/span><\/li>\n<li style=\"font-weight: 400;\" aria-level=\"1\"><span style=\"font-weight: 400;\">Fes un pressupost. Calcula les despeses de la mudan\u00e7a, inclou el transport internacional, allotjament, visat (si \u00e9s necessari), perm\u00eds de treball i altres despeses b\u00e0siques i inicials en la teva nova etapa.<\/span><\/li>\n<\/ul>\n<h2><b>Documents per realitzar una mudan\u00e7a internacional<\/b><\/h2>\n<p><span style=\"font-weight: 400;\">Un dels punts m\u00e9s importants a l\u2019hora de pensar en com organitzar una mudan\u00e7a internacional \u00e9s tenir a punt els tr\u00e0mits i papers necessaris. Entre els documents per realitzar una mudan\u00e7a m\u00e9s habituals es troben:<\/span><\/p>\n<ul>\n<li style=\"font-weight: 400;\" aria-level=\"1\"><span style=\"font-weight: 400;\">Visat i permisos de treball. Informa\u2019t sobre els requisits del teu pa\u00eds de dest\u00ed i comen\u00e7a els tr\u00e0mits amb prou antelaci\u00f3.<\/span><\/li>\n<li style=\"font-weight: 400;\" aria-level=\"1\"><span style=\"font-weight: 400;\">Passaport i documents d\u2019identitat. Verifica que el teu passaport tingui almenys 6 mesos de validesa despr\u00e9s de la data de sortida.<\/span><\/li>\n<li style=\"font-weight: 400;\" aria-level=\"1\"><span style=\"font-weight: 400;\">Certificats personals. Certificat de matrimoni, partides de naixement o altres documents oficials que puguin ser requerits.<\/span><\/li>\n<li style=\"font-weight: 400;\" aria-level=\"1\"><span style=\"font-weight: 400;\">T\u00edtols acad\u00e8mics o professionals. Si la teva mudan\u00e7a \u00e9s laboral, prepara c\u00f2pies oficials i busca informaci\u00f3 sobre la seva validesa al pa\u00eds de dest\u00ed.<\/span><\/li>\n<\/ul>\n<h2><b>Duana i impostos<\/b><\/h2>\n<p><span style=\"font-weight: 400;\">Un altre aspecte que no has de passar per alt s\u00f3n els tr\u00e0mits duaners. Entre els consells per a mudan\u00e7a internacional, aquests s\u00f3n imprescindibles:<\/span><\/p>\n<ul>\n<li style=\"font-weight: 400;\" aria-level=\"1\"><span style=\"font-weight: 400;\">Declaraci\u00f3 de pertinences. Prepara la documentaci\u00f3 necess\u00e0ria per declarar els teus b\u00e9ns a l\u2019entrada al pa\u00eds.<\/span><\/li>\n<li style=\"font-weight: 400;\" aria-level=\"1\"><span style=\"font-weight: 400;\">Pagament d\u2019impostos. Tingues en compte que, depenent del dest\u00ed, potser haur\u00e0s d\u2019abonar impostos d\u2019importaci\u00f3 per les teves pertinences.<\/span><\/li>\n<\/ul>\n<h2><b>Adaptar-se a una nova vida i dest\u00ed<\/b><\/h2>\n<p><span style=\"font-weight: 400;\">Mudar-se no nom\u00e9s implica preparar maletes, tamb\u00e9 adaptar-se a un nou entorn. Aqu\u00ed tens alguns consells clau sobre com organitzar una mudan\u00e7a internacional m\u00e9s enll\u00e0 del que \u00e9s pr\u00e0ctic:<\/span><\/p>\n<ul>\n<li style=\"font-weight: 400;\" aria-level=\"1\"><span style=\"font-weight: 400;\">Troba el teu nou habitatge. Informa\u2019t amb temps per triar l\u2019opci\u00f3 que millor s\u2019adapti al teu pressupost i estil de vida.<\/span><\/li>\n<li style=\"font-weight: 400;\" aria-level=\"1\"><span style=\"font-weight: 400;\">Obre un compte bancari local. Facilitar\u00e0 gestions i pagaments en el teu dia a dia.<\/span><\/li>\n<li style=\"font-weight: 400;\" aria-level=\"1\"><span style=\"font-weight: 400;\">Tramita el teu n\u00famero d\u2019identificaci\u00f3. \u00c9s necessari per accedir a serveis b\u00e0sics com salut, educaci\u00f3 o treball.<\/span><\/li>\n<li style=\"font-weight: 400;\" aria-level=\"1\"><span style=\"font-weight: 400;\">Integra la teva vida social. Participar en activitats locals t\u2019ajudar\u00e0 a con\u00e8ixer gent i adaptar-te m\u00e9s r\u00e0pid.<\/span><\/li>\n<\/ul>\n<h2><b>Consells per a una mudan\u00e7a internacional<\/b><\/h2>\n<p><span style=\"font-weight: 400;\">Ets dels que es pregunta com organitzar una mudan\u00e7a internacional? Perqu\u00e8 tinguis una mudan\u00e7a exitosa et aconsellem que:<\/span><\/p>\n<ul>\n<li style=\"font-weight: 400;\" aria-level=\"1\"><span style=\"font-weight: 400;\">Planifiquis amb anticipaci\u00f3. No triguis a comen\u00e7ar a planificar. Com m\u00e9s aviat ho facis, millor podr\u00e0s afrontar els desafiaments que puguin sorgir i prendre decisions informades.<\/span><\/li>\n<li style=\"font-weight: 400;\" aria-level=\"1\"><span style=\"font-weight: 400;\">Informa\u2019t b\u00e9. Un altre dels consells per a una mudan\u00e7a internacional \u00e9s que investiguis tot el que puguis sobre el teu pa\u00eds de dest\u00ed, opcions per a la mudan\u00e7a i tr\u00e0mits explicats.<\/span><\/li>\n<li style=\"font-weight: 400;\" aria-level=\"1\"><span style=\"font-weight: 400;\">Adapta\u2019t i sigues flexible. Una mudan\u00e7a internacional implica canvis i el millor \u00e9s anar-se adaptant a les situacions perqu\u00e8 les sensacions siguin m\u00e9s favorables. Aix\u00ed que tingues una actitud positiva i oberta a noves experi\u00e8ncies.<\/span><\/li>\n<li style=\"font-weight: 400;\" aria-level=\"1\"><span style=\"font-weight: 400;\">Demana ajuda. No dubtis, en cap moment, a demanar ajuda a amics, familiars, professionals o associacions d\u2019expatriats si es vol facilitar el proc\u00e9s que requereix la mudan\u00e7a.<\/span><\/li>\n<\/ul>\n<p><span style=\"font-weight: 400;\">Una <a href=\"https:\/\/metrecubic.com\/ca\/serveis-especials\/mudances-internacionals\/\">mudan\u00e7a internacional<\/a> requereix organitzaci\u00f3, paci\u00e8ncia i atenci\u00f3 als detalls. Seguint aquests passos sobre com organitzar una mudan\u00e7a internacional i aplicant els millors consells per a mudan\u00e7a internacional, estar\u00e0s millor preparat per afrontar la teva nova vida a l\u2019estranger amb confian\u00e7a i tranquil\u00b7litat.<\/span><\/p>\n<p><span style=\"font-weight: 400;\">A Metrecubic t\u2019acompanyem en cada fase d\u2019aquest proc\u00e9s. Si necessites orientaci\u00f3, informaci\u00f3 addicional o suport en la teva mudan\u00e7a, <a href=\"https:\/\/metrecubic.com\/ca\/contacte\/\">compta amb nosaltres<\/a>!<\/span><\/p>\n\n\n\n<p><\/p>\n","protected":false},"excerpt":{"rendered":"<p>El m\u00f3n ofereix un munt de possibilitats, i per aix\u00f2 mudar-se a un altre pa\u00eds pot ser una experi\u00e8ncia emocionant. No obstant aix\u00f2, sense una bona planificaci\u00f3, el proc\u00e9s pot &hellip;<\/p>\n","protected":false},"author":1,"featured_media":1282,"comment_status":"closed","ping_status":"closed","sticky":false,"template":"","format":"standard","meta":{"_acf_changed":false,"footnotes":""},"categories":[25,154],"tags":[],"class_list":["post-1983","post","type-post","status-publish","format-standard","has-post-thumbnail","hentry","category-mudanzas","category-mudances"],"acf":[],"yoast_head":"<!-- This site is optimized with the Yoast SEO plugin v27.4 - https:\/\/yoast.com\/product\/yoast-seo-wordpress\/ -->\n<title>Guia sobre com organitzar una mudan\u00e7a internacional<\/title>\n<meta name=\"description\" content=\"Guia completa amb consells per a una mudan\u00e7a internacional. Apr\u00e8n com organitzar una mudan\u00e7a internacional i preparar els documents clau.\" \/>\n<meta name=\"robots\" content=\"index, follow, max-snippet:-1, max-image-preview:large, max-video-preview:-1\" \/>\n<link rel=\"canonical\" href=\"https:\/\/metrecubic.com\/ca\/blog\/guia-sobre-com-organitzar-una-mudanca-internacional\/\" \/>\n<meta property=\"og:locale\" content=\"ca_ES\" \/>\n<meta property=\"og:type\" content=\"article\" \/>\n<meta property=\"og:title\" content=\"Guia sobre com organitzar una mudan\u00e7a internacional\" \/>\n<meta property=\"og:description\" content=\"Guia completa amb consells per a una mudan\u00e7a internacional. Apr\u00e8n com organitzar una mudan\u00e7a internacional i preparar els documents clau.\" \/>\n<meta property=\"og:url\" content=\"https:\/\/metrecubic.com\/ca\/blog\/guia-sobre-com-organitzar-una-mudanca-internacional\/\" \/>\n<meta property=\"og:site_name\" content=\"METRECUBIC\" \/>\n<meta property=\"article:published_time\" content=\"2024-03-28T08:41:00+00:00\" \/>\n<meta property=\"article:modified_time\" content=\"2025-10-27T15:56:26+00:00\" \/>\n<meta property=\"og:image\" content=\"https:\/\/metrecubic.com\/wp-content\/uploads\/img-blog.jpg\" \/>\n\t<meta property=\"og:image:width\" content=\"1000\" \/>\n\t<meta property=\"og:image:height\" content=\"563\" \/>\n\t<meta property=\"og:image:type\" content=\"image\/jpeg\" \/>\n<meta name=\"author\" content=\"emfasi\" \/>\n<meta name=\"twitter:card\" content=\"summary_large_image\" \/>\n<meta name=\"twitter:label1\" content=\"Escrit per\" \/>\n\t<meta name=\"twitter:data1\" content=\"emfasi\" \/>\n\t<meta name=\"twitter:label2\" content=\"Temps estimat de lectura\" \/>\n\t<meta name=\"twitter:data2\" content=\"4 minuts\" \/>\n<script type=\"application\/ld+json\" class=\"yoast-schema-graph\">{\"@context\":\"https:\\\/\\\/schema.org\",\"@graph\":[{\"@type\":\"Article\",\"@id\":\"https:\\\/\\\/metrecubic.com\\\/ca\\\/blog\\\/guia-sobre-com-organitzar-una-mudanca-internacional\\\/#article\",\"isPartOf\":{\"@id\":\"https:\\\/\\\/metrecubic.com\\\/ca\\\/blog\\\/guia-sobre-com-organitzar-una-mudanca-internacional\\\/\"},\"author\":{\"name\":\"emfasi\",\"@id\":\"https:\\\/\\\/metrecubic.com\\\/ca\\\/#\\\/schema\\\/person\\\/a6ff476231cc7e78ec40fed152bcb241\"},\"headline\":\"Guia sobre com organitzar una mudan\u00e7a internacional\",\"datePublished\":\"2024-03-28T08:41:00+00:00\",\"dateModified\":\"2025-10-27T15:56:26+00:00\",\"mainEntityOfPage\":{\"@id\":\"https:\\\/\\\/metrecubic.com\\\/ca\\\/blog\\\/guia-sobre-com-organitzar-una-mudanca-internacional\\\/\"},\"wordCount\":771,\"publisher\":{\"@id\":\"https:\\\/\\\/metrecubic.com\\\/ca\\\/#organization\"},\"image\":{\"@id\":\"https:\\\/\\\/metrecubic.com\\\/ca\\\/blog\\\/guia-sobre-com-organitzar-una-mudanca-internacional\\\/#primaryimage\"},\"thumbnailUrl\":\"https:\\\/\\\/metrecubic.com\\\/wp-content\\\/uploads\\\/img-blog.jpg\",\"articleSection\":[\"Mudanzas\",\"Mudances\"],\"inLanguage\":\"ca\"},{\"@type\":\"WebPage\",\"@id\":\"https:\\\/\\\/metrecubic.com\\\/ca\\\/blog\\\/guia-sobre-com-organitzar-una-mudanca-internacional\\\/\",\"url\":\"https:\\\/\\\/metrecubic.com\\\/ca\\\/blog\\\/guia-sobre-com-organitzar-una-mudanca-internacional\\\/\",\"name\":\"Guia sobre com organitzar una mudan\u00e7a internacional\",\"isPartOf\":{\"@id\":\"https:\\\/\\\/metrecubic.com\\\/ca\\\/#website\"},\"primaryImageOfPage\":{\"@id\":\"https:\\\/\\\/metrecubic.com\\\/ca\\\/blog\\\/guia-sobre-com-organitzar-una-mudanca-internacional\\\/#primaryimage\"},\"image\":{\"@id\":\"https:\\\/\\\/metrecubic.com\\\/ca\\\/blog\\\/guia-sobre-com-organitzar-una-mudanca-internacional\\\/#primaryimage\"},\"thumbnailUrl\":\"https:\\\/\\\/metrecubic.com\\\/wp-content\\\/uploads\\\/img-blog.jpg\",\"datePublished\":\"2024-03-28T08:41:00+00:00\",\"dateModified\":\"2025-10-27T15:56:26+00:00\",\"description\":\"Guia completa amb consells per a una mudan\u00e7a internacional. Apr\u00e8n com organitzar una mudan\u00e7a internacional i preparar els documents clau.\",\"breadcrumb\":{\"@id\":\"https:\\\/\\\/metrecubic.com\\\/ca\\\/blog\\\/guia-sobre-com-organitzar-una-mudanca-internacional\\\/#breadcrumb\"},\"inLanguage\":\"ca\",\"potentialAction\":[{\"@type\":\"ReadAction\",\"target\":[\"https:\\\/\\\/metrecubic.com\\\/ca\\\/blog\\\/guia-sobre-com-organitzar-una-mudanca-internacional\\\/\"]}]},{\"@type\":\"ImageObject\",\"inLanguage\":\"ca\",\"@id\":\"https:\\\/\\\/metrecubic.com\\\/ca\\\/blog\\\/guia-sobre-com-organitzar-una-mudanca-internacional\\\/#primaryimage\",\"url\":\"https:\\\/\\\/metrecubic.com\\\/wp-content\\\/uploads\\\/img-blog.jpg\",\"contentUrl\":\"https:\\\/\\\/metrecubic.com\\\/wp-content\\\/uploads\\\/img-blog.jpg\",\"width\":1000,\"height\":563},{\"@type\":\"BreadcrumbList\",\"@id\":\"https:\\\/\\\/metrecubic.com\\\/ca\\\/blog\\\/guia-sobre-com-organitzar-una-mudanca-internacional\\\/#breadcrumb\",\"itemListElement\":[{\"@type\":\"ListItem\",\"position\":1,\"name\":\"Portada\",\"item\":\"https:\\\/\\\/metrecubic.com\\\/ca\\\/\"},{\"@type\":\"ListItem\",\"position\":2,\"name\":\"Guia sobre com organitzar una mudan\u00e7a internacional\"}]},{\"@type\":\"WebSite\",\"@id\":\"https:\\\/\\\/metrecubic.com\\\/ca\\\/#website\",\"url\":\"https:\\\/\\\/metrecubic.com\\\/ca\\\/\",\"name\":\"METRECUBIC\",\"description\":\"Mudanzas y trasteros Sabadell y Girona\",\"publisher\":{\"@id\":\"https:\\\/\\\/metrecubic.com\\\/ca\\\/#organization\"},\"potentialAction\":[{\"@type\":\"SearchAction\",\"target\":{\"@type\":\"EntryPoint\",\"urlTemplate\":\"https:\\\/\\\/metrecubic.com\\\/ca\\\/?s={search_term_string}\"},\"query-input\":{\"@type\":\"PropertyValueSpecification\",\"valueRequired\":true,\"valueName\":\"search_term_string\"}}],\"inLanguage\":\"ca\"},{\"@type\":\"Organization\",\"@id\":\"https:\\\/\\\/metrecubic.com\\\/ca\\\/#organization\",\"name\":\"METRECUBIC\",\"url\":\"https:\\\/\\\/metrecubic.com\\\/ca\\\/\",\"logo\":{\"@type\":\"ImageObject\",\"inLanguage\":\"ca\",\"@id\":\"https:\\\/\\\/metrecubic.com\\\/ca\\\/#\\\/schema\\\/logo\\\/image\\\/\",\"url\":\"https:\\\/\\\/metrecubic.com\\\/wp-content\\\/uploads\\\/logo-metrecubic.png\",\"contentUrl\":\"https:\\\/\\\/metrecubic.com\\\/wp-content\\\/uploads\\\/logo-metrecubic.png\",\"width\":159,\"height\":159,\"caption\":\"METRECUBIC\"},\"image\":{\"@id\":\"https:\\\/\\\/metrecubic.com\\\/ca\\\/#\\\/schema\\\/logo\\\/image\\\/\"}},{\"@type\":\"Person\",\"@id\":\"https:\\\/\\\/metrecubic.com\\\/ca\\\/#\\\/schema\\\/person\\\/a6ff476231cc7e78ec40fed152bcb241\",\"name\":\"emfasi\",\"sameAs\":[\"https:\\\/\\\/metrecubic.com\"],\"url\":\"https:\\\/\\\/metrecubic.com\\\/ca\\\/author\\\/emfasi\\\/\"}]}<\/script>\n<!-- \/ Yoast SEO plugin. -->","yoast_head_json":{"title":"Guia sobre com organitzar una mudan\u00e7a internacional","description":"Guia completa amb consells per a una mudan\u00e7a internacional. Apr\u00e8n com organitzar una mudan\u00e7a internacional i preparar els documents clau.","robots":{"index":"index","follow":"follow","max-snippet":"max-snippet:-1","max-image-preview":"max-image-preview:large","max-video-preview":"max-video-preview:-1"},"canonical":"https:\/\/metrecubic.com\/ca\/blog\/guia-sobre-com-organitzar-una-mudanca-internacional\/","og_locale":"ca_ES","og_type":"article","og_title":"Guia sobre com organitzar una mudan\u00e7a internacional","og_description":"Guia completa amb consells per a una mudan\u00e7a internacional. Apr\u00e8n com organitzar una mudan\u00e7a internacional i preparar els documents clau.","og_url":"https:\/\/metrecubic.com\/ca\/blog\/guia-sobre-com-organitzar-una-mudanca-internacional\/","og_site_name":"METRECUBIC","article_published_time":"2024-03-28T08:41:00+00:00","article_modified_time":"2025-10-27T15:56:26+00:00","og_image":[{"width":1000,"height":563,"url":"https:\/\/metrecubic.com\/wp-content\/uploads\/img-blog.jpg","type":"image\/jpeg"}],"author":"emfasi","twitter_card":"summary_large_image","twitter_misc":{"Escrit per":"emfasi","Temps estimat de lectura":"4 minuts"},"schema":{"@context":"https:\/\/schema.org","@graph":[{"@type":"Article","@id":"https:\/\/metrecubic.com\/ca\/blog\/guia-sobre-com-organitzar-una-mudanca-internacional\/#article","isPartOf":{"@id":"https:\/\/metrecubic.com\/ca\/blog\/guia-sobre-com-organitzar-una-mudanca-internacional\/"},"author":{"name":"emfasi","@id":"https:\/\/metrecubic.com\/ca\/#\/schema\/person\/a6ff476231cc7e78ec40fed152bcb241"},"headline":"Guia sobre com organitzar una mudan\u00e7a internacional","datePublished":"2024-03-28T08:41:00+00:00","dateModified":"2025-10-27T15:56:26+00:00","mainEntityOfPage":{"@id":"https:\/\/metrecubic.com\/ca\/blog\/guia-sobre-com-organitzar-una-mudanca-internacional\/"},"wordCount":771,"publisher":{"@id":"https:\/\/metrecubic.com\/ca\/#organization"},"image":{"@id":"https:\/\/metrecubic.com\/ca\/blog\/guia-sobre-com-organitzar-una-mudanca-internacional\/#primaryimage"},"thumbnailUrl":"https:\/\/metrecubic.com\/wp-content\/uploads\/img-blog.jpg","articleSection":["Mudanzas","Mudances"],"inLanguage":"ca"},{"@type":"WebPage","@id":"https:\/\/metrecubic.com\/ca\/blog\/guia-sobre-com-organitzar-una-mudanca-internacional\/","url":"https:\/\/metrecubic.com\/ca\/blog\/guia-sobre-com-organitzar-una-mudanca-internacional\/","name":"Guia sobre com organitzar una mudan\u00e7a internacional","isPartOf":{"@id":"https:\/\/metrecubic.com\/ca\/#website"},"primaryImageOfPage":{"@id":"https:\/\/metrecubic.com\/ca\/blog\/guia-sobre-com-organitzar-una-mudanca-internacional\/#primaryimage"},"image":{"@id":"https:\/\/metrecubic.com\/ca\/blog\/guia-sobre-com-organitzar-una-mudanca-internacional\/#primaryimage"},"thumbnailUrl":"https:\/\/metrecubic.com\/wp-content\/uploads\/img-blog.jpg","datePublished":"2024-03-28T08:41:00+00:00","dateModified":"2025-10-27T15:56:26+00:00","description":"Guia completa amb consells per a una mudan\u00e7a internacional. Apr\u00e8n com organitzar una mudan\u00e7a internacional i preparar els documents clau.","breadcrumb":{"@id":"https:\/\/metrecubic.com\/ca\/blog\/guia-sobre-com-organitzar-una-mudanca-internacional\/#breadcrumb"},"inLanguage":"ca","potentialAction":[{"@type":"ReadAction","target":["https:\/\/metrecubic.com\/ca\/blog\/guia-sobre-com-organitzar-una-mudanca-internacional\/"]}]},{"@type":"ImageObject","inLanguage":"ca","@id":"https:\/\/metrecubic.com\/ca\/blog\/guia-sobre-com-organitzar-una-mudanca-internacional\/#primaryimage","url":"https:\/\/metrecubic.com\/wp-content\/uploads\/img-blog.jpg","contentUrl":"https:\/\/metrecubic.com\/wp-content\/uploads\/img-blog.jpg","width":1000,"height":563},{"@type":"BreadcrumbList","@id":"https:\/\/metrecubic.com\/ca\/blog\/guia-sobre-com-organitzar-una-mudanca-internacional\/#breadcrumb","itemListElement":[{"@type":"ListItem","position":1,"name":"Portada","item":"https:\/\/metrecubic.com\/ca\/"},{"@type":"ListItem","position":2,"name":"Guia sobre com organitzar una mudan\u00e7a internacional"}]},{"@type":"WebSite","@id":"https:\/\/metrecubic.com\/ca\/#website","url":"https:\/\/metrecubic.com\/ca\/","name":"METRECUBIC","description":"Mudanzas y trasteros Sabadell y Girona","publisher":{"@id":"https:\/\/metrecubic.com\/ca\/#organization"},"potentialAction":[{"@type":"SearchAction","target":{"@type":"EntryPoint","urlTemplate":"https:\/\/metrecubic.com\/ca\/?s={search_term_string}"},"query-input":{"@type":"PropertyValueSpecification","valueRequired":true,"valueName":"search_term_string"}}],"inLanguage":"ca"},{"@type":"Organization","@id":"https:\/\/metrecubic.com\/ca\/#organization","name":"METRECUBIC","url":"https:\/\/metrecubic.com\/ca\/","logo":{"@type":"ImageObject","inLanguage":"ca","@id":"https:\/\/metrecubic.com\/ca\/#\/schema\/logo\/image\/","url":"https:\/\/metrecubic.com\/wp-content\/uploads\/logo-metrecubic.png","contentUrl":"https:\/\/metrecubic.com\/wp-content\/uploads\/logo-metrecubic.png","width":159,"height":159,"caption":"METRECUBIC"},"image":{"@id":"https:\/\/metrecubic.com\/ca\/#\/schema\/logo\/image\/"}},{"@type":"Person","@id":"https:\/\/metrecubic.com\/ca\/#\/schema\/person\/a6ff476231cc7e78ec40fed152bcb241","name":"emfasi","sameAs":["https:\/\/metrecubic.com"],"url":"https:\/\/metrecubic.com\/ca\/author\/emfasi\/"}]}},"_links":{"self":[{"href":"https:\/\/metrecubic.com\/ca\/wp-json\/wp\/v2\/posts\/1983","targetHints":{"allow":["GET"]}}],"collection":[{"href":"https:\/\/metrecubic.com\/ca\/wp-json\/wp\/v2\/posts"}],"about":[{"href":"https:\/\/metrecubic.com\/ca\/wp-json\/wp\/v2\/types\/post"}],"author":[{"embeddable":true,"href":"https:\/\/metrecubic.com\/ca\/wp-json\/wp\/v2\/users\/1"}],"replies":[{"embeddable":true,"href":"https:\/\/metrecubic.com\/ca\/wp-json\/wp\/v2\/comments?post=1983"}],"version-history":[{"count":2,"href":"https:\/\/metrecubic.com\/ca\/wp-json\/wp\/v2\/posts\/1983\/revisions"}],"predecessor-version":[{"id":9124,"href":"https:\/\/metrecubic.com\/ca\/wp-json\/wp\/v2\/posts\/1983\/revisions\/9124"}],"wp:featuredmedia":[{"embeddable":true,"href":"https:\/\/metrecubic.com\/ca\/wp-json\/wp\/v2\/media\/1282"}],"wp:attachment":[{"href":"https:\/\/metrecubic.com\/ca\/wp-json\/wp\/v2\/media?parent=1983"}],"wp:term":[{"taxonomy":"category","embeddable":true,"href":"https:\/\/metrecubic.com\/ca\/wp-json\/wp\/v2\/categories?post=1983"},{"taxonomy":"post_tag","embeddable":true,"href":"https:\/\/metrecubic.com\/ca\/wp-json\/wp\/v2\/tags?post=1983"}],"curies":[{"name":"wp","href":"https:\/\/api.w.org\/{rel}","templated":true}]}}